{"id":9357,"date":"2019-03-11T19:01:21","date_gmt":"2019-03-11T19:01:21","guid":{"rendered":"https:\/\/adra.org\/?p=9357"},"modified":"2026-04-02T12:50:23","modified_gmt":"2026-04-02T12:50:23","slug":"adras-2019-annual-council-gears-toward-growth-embraces-new-purpose","status":"publish","type":"post","link":"https:\/\/adra.org\/pt\/adras-2019-annual-council-gears-toward-growth-embraces-new-purpose","title":{"rendered":"O Conselho Anual de 2019 da ADRA orienta-se para o crescimento e abra\u00e7a um novo objetivo"},"content":{"rendered":"<h2 class=\"wp-block-heading\"><em>Os diretores das organiza\u00e7\u00f5es discutem a forma de se tornarem mais relevantes para as necessidades da sociedade.<\/em><\/h2>\n\n\n\n<p>Todos os anos, a Ag\u00eancia Adventista de Desenvolvimento e Assist\u00eancia (ADRA) facilita duas semanas de sess\u00f5es de grupos de trabalho com cerca de 200 membros do pessoal dos seus 131 escrit\u00f3rios nacionais.&nbsp;<\/p>\n\n\n\n<p>A assembleia anual dos diretores da ADRA e dos diretores associados reuniu-se em Am\u00e3, na Jord\u00e2nia, para trabalhar em rede, discutir \u00e1reas de melhoria relativas a finan\u00e7as, desenvolvimento, parcerias, programas e marketing, e abordar a forma como a ADRA pode ser relevante para as necessidades de uma sociedade em constante mudan\u00e7a.&nbsp;<\/p>\n\n\n\n<p><strong>Mobiliza\u00e7\u00e3o de l\u00edderes eficazes&nbsp;<\/strong><\/p>\n\n\n\n<p>Uma cimeira de lideran\u00e7a deu in\u00edcio \u00e0s reuni\u00f5es, introduzindo tr\u00eas pilares de pensamento para os l\u00edderes da ADRA considerarem durante o ano, nomeadamente criar clareza, gerar energia e prosperar.<\/p>\n\n\n\n<p>\u201cA cria\u00e7\u00e3o de clareza pergunta \u2018por que\u2019 existimos como organiza\u00e7\u00e3o e ajuda a focar no cumprimento de nossa miss\u00e3o\u201d, disse Korey Dowling, vice-presidente da ADRA para pessoas e cultura. \u201cUma vez que a clareza existe, geramos energia perguntando \u2018como\u2019 podemos impulsionar a cultura organizacional e criar o envolvimento dos funcion\u00e1rios. Por \u00faltimo, desencadeamos uma cultura pr\u00f3spera de l\u00edderes, desenvolvendo as pessoas a n\u00edvel pessoal, profissional e espiritual.\u201d&nbsp;<\/p>\n\n\n\n<p>Os participantes foram tamb\u00e9m apresentados a uma s\u00e9rie de workshops e aulas plen\u00e1rias. Peritos e especialistas de renome falaram sobre temas como a espiritualidade, a lideran\u00e7a influente, as rela\u00e7\u00f5es com os trabalhadores, a diversidade, a \u00e9tica no trabalho e a orienta\u00e7\u00e3o, para citar alguns.&nbsp;<\/p>\n\n\n\n<p>Karla Cole, diretora de doa\u00e7\u00f5es anuais da ADRA, participou de um workshop criativo focado em contar hist\u00f3rias, onde Bill Knott, PhD, editor executivo da Adventist Review e Adventist World, foi o apresentador. \u201cAchei que o workshop de narra\u00e7\u00e3o de hist\u00f3rias era uma forma \u00fanica de inspirar a nossa estrat\u00e9gia de angaria\u00e7\u00e3o de fundos\u201d, disse ela.&nbsp;<\/p>\n\n\n\n<p>\u201cContar hist\u00f3rias \u00e9 tanto o que o contador diz, mas tamb\u00e9m o que o ouvinte ouve\u201d, disse o Dr. Knott durante o seu workshop de narra\u00e7\u00e3o de hist\u00f3rias. \u201cUma hist\u00f3ria tem a capacidade de ser interiorizada pelo ouvinte para a tornar sua e ser mudada por ela.\u201d Ele acrescentou que todas as culturas usam hist\u00f3rias e que as hist\u00f3rias t\u00eam o poder de permitir que Deus fale a cada indiv\u00edduo e \u00e0 sua narrativa pessoal.&nbsp;<\/p>\n\n\n\n<p>\u201cEstes workshops ajudaram-me realmente a ver as possibilidades que posso aplicar no nosso escrit\u00f3rio nacional\u201d, disse Prisca Chileya, coordenadora assistente de gest\u00e3o de emerg\u00eancias da ADRA no Qu\u00e9nia. \u201cN\u00e3o tinha sido exposta a esta informa\u00e7\u00e3o antes e ajudou-me a pensar de forma diferente sobre como fazer neg\u00f3cios. Agora, tenho tantas ideias na cabe\u00e7a sobre o que podemos fazer para ajudar as raparigas em idade escolar e o ambiente.\u201d&nbsp;<\/p>\n\n\n\n<p><strong>Impacto no futuro&nbsp;<\/strong><\/p>\n\n\n\n<p>Jonathan Duffy, presidente da ADRA, encerrou as sess\u00f5es de duas semanas revelando o novo log\u00f3tipo, objetivo e lema da ADRA e revelou uma nova campanha global de sensibiliza\u00e7\u00e3o que est\u00e1 a ser lan\u00e7ada pela ADRA.&nbsp;<\/p>\n\n\n\n<p>\u201cH\u00e1 dois anos, a ADRA fez um inqu\u00e9rito aos escrit\u00f3rios nacionais para ter uma no\u00e7\u00e3o de quem \u00e9 a ADRA\u201d, disse Duffy. \u201cDescobrimos que a ADRA \u00e9 \u00f3ptima no desenvolvimento de programas a longo prazo, na resposta a emerg\u00eancias, nos direitos humanos, mas faltava-nos a nossa identidade de f\u00e9 e a forma como trabalhamos \u00e9 mal interpretada.\u201d Duffy explicou ainda que a ADRA tem tr\u00eas coisas a seu favor: a ag\u00eancia \u00e9 alimentada pela f\u00e9, tem uma extensa rede de 20 milh\u00f5es de pessoas ligadas \u00e0 igreja e, em terceiro lugar, a ADRA \u00e9 liderada localmente e confi\u00e1vel.<\/p>\n\n\n\n<p>Estas descobertas levaram a ADRA a criar o seu novo objetivo, de acordo com Duffy, que partilhou ser agora: \u201cServir a humanidade para que todos possam viver como Deus pretende\u201d. Duffy acrescentou ainda que a ADRA \u00e9 diferente de outras ag\u00eancias humanit\u00e1rias porque \u201cesfor\u00e7amo-nos para que todas as pessoas vivam como Deus pretende, com justi\u00e7a, compaix\u00e3o e amor - tr\u00eas descritores que se tornar\u00e3o o novo lema da ADRA\u201d.\u201d&nbsp;<\/p>\n\n\n\n<p>Juntamente com o novo objetivo e o novo lema, o novo log\u00f3tipo da ADRA foi descrito em pormenor por Salvador Montes de Oca, diretor adjunto de design da ADRA.&nbsp;<\/p>\n\n\n\n<p>\u201cOs p\u00e9s das pessoas foram retirados, tornando o log\u00f3tipo mais proeminente. A cor tamb\u00e9m \u00e9 agora quase verde\u201d, disse Montes de Oca. Outra nova altera\u00e7\u00e3o que partilhou foi o facto de os nomes dos pa\u00edses n\u00e3o serem associados \u00e0 ADRA. \u201cA marca \u00e9 agora ADRA em todas as \u00e1reas, para ser mais unificada\u201d, disse.&nbsp;<\/p>\n\n\n\n<p>No final da apresenta\u00e7\u00e3o, cada escrit\u00f3rio nacional recebeu um guia de estilo da ADRA numa porta USB e uma t-shirt de cor azul-petr\u00f3leo com a nova declara\u00e7\u00e3o de objectivos da ADRA.&nbsp;<\/p>\n\n\n\n<p><strong>Um apelo \u00e0 justi\u00e7a social&nbsp;<\/strong><\/p>\n\n\n\n<p>Duffy anunciou tamb\u00e9m a nova campanha global de sensibiliza\u00e7\u00e3o da ADRA, intitulada \u201cEvery Child. Em todo o lado. Na Escola\u201d, que visa recolher um milh\u00e3o de assinaturas at\u00e9 julho de 2020 atrav\u00e9s de esfor\u00e7os de base em parceria com a Igreja Adventista.&nbsp;<\/p>\n\n\n\n<p>Os 131 gabinetes da ADRA comprometeram-se a apoiar a campanha e alguns gabinetes j\u00e1 recorreram \u00e0s redes sociais para divulgar a mensagem.&nbsp;<\/p>\n\n\n\n<p>\u201cComo igreja, sentimo-nos muito \u00e0 vontade para dizer que somos as m\u00e3os e os p\u00e9s de Jesus, mas sentimo-nos um pouco menos \u00e0 vontade para dizer que somos tamb\u00e9m a voz de Jesus\u201d, disse Duffy. \u201cNeste momento, h\u00e1 262 milh\u00f5es de crian\u00e7as que n\u00e3o t\u00eam acesso \u00e0 educa\u00e7\u00e3o e, para elas, esse acesso \u00e9 a chave para desbloquear muitas desigualdades que enfrentam, como os casamentos na inf\u00e2ncia.\u201d&nbsp;<\/p>\n\n\n\n<p>Para mais informa\u00e7\u00f5es sobre a campanha ou para assinar a peti\u00e7\u00e3o, visite&nbsp;<a href=\"https:\/\/adra.org\/pt\/InSchool\/Petition\/\">https:\/\/adra.org\/InSchool\/Petition<\/a>. &nbsp;<\/p>\n\n\n\n<p>A ADRA iniciou ent\u00e3o a sua reuni\u00e3o conjunta com a Global Adventist Internet Network (GAiN), que decorreu durante mais uma semana.&nbsp;<\/p>\n\n\n\n<p><\/p>","protected":false},"excerpt":{"rendered":"<p>Todos os anos, a Ag\u00eancia Adventista de Desenvolvimento e Assist\u00eancia (ADRA) facilita duas semanas de sess\u00f5es de grupos de trabalho com cerca de 200 membros do pessoal dos seus 131 escrit\u00f3rios nacionais.\u00a0<\/p>","protected":false},"author":1,"featured_media":9358,"comment_status":"open","ping_status":"open","sticky":false,"template":"","format":"standard","meta":{"_acf_changed":false,"_eb_attr":"","footnotes":""},"categories":[11],"tags":[517,1136,690,301],"class_list":["post-9357","post","type-post","status-publish","format-standard","has-post-thumbnail","hentry","category-press-release","tag-annual-council","tag-every-child-everywhere-in-school","tag-protection","tag-social-justice"],"acf":[],"_links":{"self":[{"href":"https:\/\/adra.org\/pt\/wp-json\/wp\/v2\/posts\/9357","targetHints":{"allow":["GET"]}}],"collection":[{"href":"https:\/\/adra.org\/pt\/wp-json\/wp\/v2\/posts"}],"about":[{"href":"https:\/\/adra.org\/pt\/wp-json\/wp\/v2\/types\/post"}],"author":[{"embeddable":true,"href":"https:\/\/adra.org\/pt\/wp-json\/wp\/v2\/users\/1"}],"replies":[{"embeddable":true,"href":"https:\/\/adra.org\/pt\/wp-json\/wp\/v2\/comments?post=9357"}],"version-history":[{"count":4,"href":"https:\/\/adra.org\/pt\/wp-json\/wp\/v2\/posts\/9357\/revisions"}],"predecessor-version":[{"id":46981,"href":"https:\/\/adra.org\/pt\/wp-json\/wp\/v2\/posts\/9357\/revisions\/46981"}],"wp:featuredmedia":[{"embeddable":true,"href":"https:\/\/adra.org\/pt\/wp-json\/wp\/v2\/media\/9358"}],"wp:attachment":[{"href":"https:\/\/adra.org\/pt\/wp-json\/wp\/v2\/media?parent=9357"}],"wp:term":[{"taxonomy":"category","embeddable":true,"href":"https:\/\/adra.org\/pt\/wp-json\/wp\/v2\/categories?post=9357"},{"taxonomy":"post_tag","embeddable":true,"href":"https:\/\/adra.org\/pt\/wp-json\/wp\/v2\/tags?post=9357"}],"curies":[{"name":"wp","href":"https:\/\/api.w.org\/{rel}","templated":true}]}}