{"id":9307,"date":"2021-08-02T07:00:00","date_gmt":"2021-08-02T07:00:00","guid":{"rendered":"https:\/\/adra.org\/?post_type=stories&#038;p=9307"},"modified":"2026-03-24T14:09:14","modified_gmt":"2026-03-24T14:09:14","slug":"madagascar-damys-story-hunger-crisis","status":"publish","type":"post","link":"https:\/\/adra.org\/pt\/madagascar-damys-story-hunger-crisis","title":{"rendered":"Madag\u00e1scar: A hist\u00f3ria da crise de fome de Damy"},"content":{"rendered":"<figure class=\"wp-block-image size-large\"><img fetchpriority=\"high\" decoding=\"async\" width=\"1024\" height=\"825\" src=\"https:\/\/adra.org\/wp-content\/uploads\/2021\/08\/Malnutrition-16-Deep-Etch-Edited-1-1-1024x825.jpg\" alt=\"\" class=\"wp-image-21431\" srcset=\"https:\/\/adra.org\/wp-content\/uploads\/2021\/08\/Malnutrition-16-Deep-Etch-Edited-1-1-1024x825.jpg 1024w, https:\/\/adra.org\/wp-content\/uploads\/2021\/08\/Malnutrition-16-Deep-Etch-Edited-1-1-300x242.jpg 300w, https:\/\/adra.org\/wp-content\/uploads\/2021\/08\/Malnutrition-16-Deep-Etch-Edited-1-1-768x618.jpg 768w, https:\/\/adra.org\/wp-content\/uploads\/2021\/08\/Malnutrition-16-Deep-Etch-Edited-1-1-1536x1237.jpg 1536w, https:\/\/adra.org\/wp-content\/uploads\/2021\/08\/Malnutrition-16-Deep-Etch-Edited-1-1-2048x1649.jpg 2048w\" sizes=\"(max-width: 1024px) 100vw, 1024px\" \/><\/figure>\n\n\n\n<h2 class=\"wp-block-heading\">3 coisas que tornam a crise de fome em Madag\u00e1scar \u00fanica<\/h2>\n\n\n\n<ul class=\"wp-block-list\">\n<li>Os especialistas referem que<strong> esta \u00e9 a primeira crise de fome na hist\u00f3ria moderna a ser causada pelas altera\u00e7\u00f5es clim\u00e1ticas.<\/strong><\/li>\n\n\n\n<li>Ap\u00f3s quatro anos de secas consecutivas, <strong>as condi\u00e7\u00f5es actuais s\u00e3o as piores que o pa\u00eds viveu nos \u00faltimos 40 anos<\/strong>. Milhares de fam\u00edlias no sul de Madag\u00e1scar j\u00e1 atingiram condi\u00e7\u00f5es catastr\u00f3ficas, ou de fome, e est\u00e3o a procurar alimentos em frutos de cactos crus, folhas selvagens e gafanhotos.<\/li>\n\n\n\n<li><strong>A subnutri\u00e7\u00e3o grave em crian\u00e7as com menos de 5 anos duplicou no primeiro semestre de 2021<\/strong> e est\u00e1 agora a um n\u00edvel chocante de 16,5%.<\/li>\n<\/ul>\n\n\n\n<div class=\"wp-block-buttons is-horizontal is-content-justification-center is-layout-flex wp-container-core-buttons-is-layout-03627597 wp-block-buttons-is-layout-flex\"><\/div>\n\n\n\n<h2 class=\"wp-block-heading\">Nem todas as hist\u00f3rias s\u00e3o f\u00e1ceis de escrever e partilhar.<\/h2>\n\n\n\n<p>Queremos contar-lhe a hist\u00f3ria de Damy, de dois anos, e da sua fam\u00edlia em Madag\u00e1scar. Sabemos que hist\u00f3rias como a dele nem sempre s\u00e3o f\u00e1ceis de ler, e vamos ser honestos, podem ser dif\u00edceis para n\u00f3s de escrever.<\/p>\n\n\n\n<p>A ADRA n\u00e3o entra e sai rapidamente da vida das pessoas que servimos. O nosso pessoal local tem anos de experi\u00eancia nestas comunidades e, para muitos deles, \u00e9 um local pr\u00f3ximo de casa. Quando somos recebidos nas comunidades e nos lares, passamos tempo a ouvir e a conhecer as pessoas. Quando sa\u00edmos, nunca deixamos de pensar nelas e de rezar por elas.<\/p>\n\n\n\n<p>Asseguramos que cada hist\u00f3ria que escrevemos \u00e9 um recipiente para pessoas que querem que as suas experi\u00eancias sejam ouvidas e que partilhem com exatid\u00e3o uma realidade em circunst\u00e2ncias que n\u00e3o escolheram para si pr\u00f3prias.&nbsp;<\/p>\n\n\n\n<h2 class=\"wp-block-heading\">Conhe\u00e7a a Damy<\/h2>\n\n\n\n<figure class=\"wp-block-gallery has-nested-images columns-default is-cropped wp-block-gallery-2 is-layout-flex wp-block-gallery-is-layout-flex\">\n<figure class=\"wp-block-image size-large\"><img decoding=\"async\" width=\"1024\" height=\"646\" data-id=\"21429\" src=\"https:\/\/adra.org\/wp-content\/uploads\/2021\/08\/August-appeal-photo-e1627957306712-1024x646.jpg\" alt=\"\" class=\"wp-image-21429\" srcset=\"https:\/\/adra.org\/wp-content\/uploads\/2021\/08\/August-appeal-photo-e1627957306712-1024x646.jpg 1024w, https:\/\/adra.org\/wp-content\/uploads\/2021\/08\/August-appeal-photo-e1627957306712-300x189.jpg 300w, https:\/\/adra.org\/wp-content\/uploads\/2021\/08\/August-appeal-photo-e1627957306712-768x485.jpg 768w, https:\/\/adra.org\/wp-content\/uploads\/2021\/08\/August-appeal-photo-e1627957306712.jpg 1215w\" sizes=\"(max-width: 1024px) 100vw, 1024px\" \/><\/figure>\n<figcaption class=\"blocks-gallery-caption wp-element-caption\">Damy, de dois anos, e a sua fam\u00edlia vivem em Madag\u00e1scar, onde uma crise de fome catastr\u00f3fica os deixou, a eles e a milhares de outras pessoas, sem comida.<\/figcaption><\/figure>\n\n\n\n<p>Quando se pensa numa crian\u00e7a de dois anos, provavelmente imagina-se uma crian\u00e7a indisciplinada com uma energia incessante. Mas Damy \u00e9 um tipo muito diferente de crian\u00e7a de dois anos.<\/p>\n\n\n\n<p>O rapazinho vive no sul de Madag\u00e1scar com a m\u00e3e e tr\u00eas irm\u00e3os. Secas consecutivas deixaram esta parte do pa\u00eds quase sem alimentos frescos, e eles n\u00e3o poderiam compr\u00e1-los se estivessem dispon\u00edveis. Enquanto nos visitam, os irm\u00e3os de Damy est\u00e3o a comer frutos de cato, uma pequena flor verde e vermelha que se encontra no matagal que rodeia a aldeia, e que \u00e9 tudo o que t\u00eam para comer na maior parte dos dias.<\/p>\n\n\n\n<p>Devido \u00e0 terr\u00edvel crise de fome no local onde vivem, o desenvolvimento de Damy \u00e9 o de uma crian\u00e7a com metade da sua idade. Em vez de correr e brincar como as outras crian\u00e7as, Damy muitas vezes n\u00e3o tem energia para se manter de p\u00e9 e sofre de dores e cansa\u00e7o quando est\u00e1 de p\u00e9.<\/p>\n\n\n\n<p>\u201cO meu filho est\u00e1 doente\u201d, diz Soamihery. \u201cCostumava comer terra e foi enviado para um centro de sa\u00fade por causa da desnutri\u00e7\u00e3o aguda. Com a minha gravidez e o parto, j\u00e1 n\u00e3o posso lev\u00e1-lo.\u201d<\/p>\n\n\n\n<p>A m\u00e3e de Damy, Soamihery, est\u00e1 encostada \u00e0 parede de barro da cabana de um \u00fanico quarto da fam\u00edlia, com os olhos turvos de fadiga cr\u00f3nica e fome. Para al\u00e9m de apoiar Damy, que est\u00e1 de p\u00e9 ao seu lado, Soamihery segura nos bra\u00e7os o seu filho rec\u00e9m-nascido, Herico.<\/p>\n\n\n\n<p>Atualmente, \u00e9 m\u00e3e solteira, depois de o marido ter ido para norte procurar trabalho nas minas de safira e nunca mais ter voltado. Ela est\u00e1 bem ciente dos perigos da subnutri\u00e7\u00e3o e das probabilidades crescentes contra a sua pequena fam\u00edlia.<\/p>\n\n\n\n<p><strong>\u201cN\u00e3o temos comida\u201d, diz Soamihery. \u201cSe encontrarmos comida hoje, comemos. Nos dias em que n\u00e3o encontrarmos comida, n\u00e3o comemos.\u201d<\/strong><\/p>\n\n\n\n<p>O cansa\u00e7o de Soamihery \u00e9 evidente. Est\u00e1 exausta de ter dado \u00e0 luz o pequeno Herico apenas duas semanas antes. Exausta de amamentar uma crian\u00e7a que precisa de tanto e recebe t\u00e3o pouco. Exausta da luta di\u00e1ria de criar a sua fam\u00edlia sozinha.<\/p>\n\n\n\n<p>Soamihery gasta toda a energia que consegue reunir para dar alegria \u00e0 vida dos seus filhos.<\/p>\n\n\n\n<p>\u201cFico feliz quando os meus filhos se aproximam de mim e estamos todos juntos\u201d, diz Soamihery. \u201cGosto quando chegam a casa depois de terem brincado e nos rimos todos juntos. Sempre que v\u00e3o brincar l\u00e1 para fora, est\u00e3o felizes, e v\u00ea-los felizes deixa-me feliz.\u201d<\/p>\n\n\n\n<p>Apesar da presen\u00e7a constante da fome nas suas vidas, a fam\u00edlia continua a encontrar formas de brincar. A irm\u00e3 mais velha de Damy gosta de tocar tambores numa lata velha de \u00f3leo vegetal, enquanto os seus amigos d\u00e3o as m\u00e3os e dan\u00e7am!<\/p>\n\n\n\n<p>\u201cFa\u00e7o o que posso para criar os meus filhos\u201d, acrescenta com um leve sorriso. \u201cN\u00e3o posso fazer muito, mas fa\u00e7o o que posso.\u201d <\/p>\n\n\n\n<p><strong>Refer\u00eancias e recursos:<\/strong><\/p>\n\n\n\n<ul class=\"wp-block-list\">\n<li><a href=\"https:\/\/news.un.org\/en\/story\/2021\/06\/1094632\">https:\/\/news.un.org\/en\/story\/2021\/06\/1094632<\/a><\/li>\n\n\n\n<li><a href=\"https:\/\/reliefweb.int\/report\/madagascar\/don-t-look-other-way-madagascar-grip-drought-and-famine\">https:\/\/reliefweb.int\/report\/madagascar\/don-t-look-other-way-madagascar-grip-drought-and-famine<\/a><\/li>\n\n\n\n<li><a href=\"https:\/\/time.com\/6081919\/famine-climate-change-madagascar\/\">https:\/\/time.com\/6081919\/famine-climate-change-madagascar\/<\/a><\/li>\n<\/ul>\n\n\n\n<div style=\"height:104px\" aria-hidden=\"true\" class=\"wp-block-spacer\"><\/div>","protected":false},"excerpt":{"rendered":"<p>Os especialistas afirmam que esta \u00e9 a primeira crise de fome na hist\u00f3ria moderna a ser causada pelas altera\u00e7\u00f5es clim\u00e1ticas.<\/p>","protected":false},"author":1,"featured_media":28331,"comment_status":"closed","ping_status":"closed","sticky":false,"template":"","format":"standard","meta":{"_acf_changed":false,"_eb_attr":"","footnotes":""},"categories":[785,615,609,284,819,558],"tags":[1079,873,1137],"class_list":["post-9307","post","type-post","status-publish","format-standard","has-post-thumbnail","hentry","category-africa","category-blog","category-food-assistance","category-health","category-madagascar","category-nutrition","tag-crisis","tag-justice-compassion-love","tag-ways-to-give"],"acf":[],"_links":{"self":[{"href":"https:\/\/adra.org\/pt\/wp-json\/wp\/v2\/posts\/9307","targetHints":{"allow":["GET"]}}],"collection":[{"href":"https:\/\/adra.org\/pt\/wp-json\/wp\/v2\/posts"}],"about":[{"href":"https:\/\/adra.org\/pt\/wp-json\/wp\/v2\/types\/post"}],"author":[{"embeddable":true,"href":"https:\/\/adra.org\/pt\/wp-json\/wp\/v2\/users\/1"}],"replies":[{"embeddable":true,"href":"https:\/\/adra.org\/pt\/wp-json\/wp\/v2\/comments?post=9307"}],"version-history":[{"count":20,"href":"https:\/\/adra.org\/pt\/wp-json\/wp\/v2\/posts\/9307\/revisions"}],"predecessor-version":[{"id":45855,"href":"https:\/\/adra.org\/pt\/wp-json\/wp\/v2\/posts\/9307\/revisions\/45855"}],"wp:featuredmedia":[{"embeddable":true,"href":"https:\/\/adra.org\/pt\/wp-json\/wp\/v2\/media\/28331"}],"wp:attachment":[{"href":"https:\/\/adra.org\/pt\/wp-json\/wp\/v2\/media?parent=9307"}],"wp:term":[{"taxonomy":"category","embeddable":true,"href":"https:\/\/adra.org\/pt\/wp-json\/wp\/v2\/categories?post=9307"},{"taxonomy":"post_tag","embeddable":true,"href":"https:\/\/adra.org\/pt\/wp-json\/wp\/v2\/tags?post=9307"}],"curies":[{"name":"wp","href":"https:\/\/api.w.org\/{rel}","templated":true}]}}