{"id":8987,"date":"2019-03-18T18:19:43","date_gmt":"2019-03-18T18:19:43","guid":{"rendered":"https:\/\/adra.org\/?p=8987"},"modified":"2026-03-31T20:30:50","modified_gmt":"2026-03-31T20:30:50","slug":"adra-responding-to-cyclone-idai-in-mozambique-malawi-and-zimbabwe","status":"publish","type":"post","link":"https:\/\/adra.org\/pt\/adra-responding-to-cyclone-idai-in-mozambique-malawi-and-zimbabwe","title":{"rendered":"Resposta da ADRA ao ciclone Idai"},"content":{"rendered":"<p>A ADRA enviou pessoal de resposta a emerg\u00eancias em Mo\u00e7ambique, Malawi e Zimbabu\u00e9 em resposta ao ciclone Idai. <\/p>\n\n\n\n<p>Com a mesma rapidez com que surgiu, o ciclone Idai atravessou Mo\u00e7ambique, o Malawi e o Zimbabu\u00e9 durante o fim de semana, deixando milhares de pessoas desalojadas. Segundo as estimativas actuais, cerca de 500 pessoas foram confirmadas como mortas s\u00f3 em Mo\u00e7ambique, mas o n\u00famero de mortos devido a esta tempestade continua a aumentar. No total, mais de 1,5 milh\u00f5es de pessoas foram afectadas nos tr\u00eas pa\u00edses na sequ\u00eancia do ciclone.  <\/p>\n\n\n\n<p>A ADRA tem estado no terreno desde o rescaldo do ciclone no Zimbabu\u00e9, ajudando centenas de agregados familiares com alimentos e kits de higiene, com planos para prestar mais assist\u00eancia nas \u00e1reas mais atingidas. A ADRA tem tamb\u00e9m ajudado as pessoas em Mo\u00e7ambique e no Malawi a recuperar das fortes inunda\u00e7\u00f5es que afectaram milhares de pessoas antes da chegada do ciclone. <\/p>\n\n\n\n<p>A ADRA enviou 1000 kits de abrigo e 2000 lonas para Mo\u00e7ambique com a ajuda de um comboio a\u00e9reo da ONU para ajudar a popula\u00e7\u00e3o da Beira, acrescentou Oliveira. \u201cEstamos tamb\u00e9m a enviar kits de emerg\u00eancia para o Malawi a partir dos nossos armaz\u00e9ns em Nairobi.\u201d <\/p>\n\n\n\n<p>No Malawi, a ADRA distribuiu recursos de \u00e1gua pot\u00e1vel a 1.000 fam\u00edlias para evitar a propaga\u00e7\u00e3o de doen\u00e7as, bem como material de abrigo, kits de higiene e artigos dom\u00e9sticos a mais de 1.000 outras.<\/p>\n\n\n\n<p>Embora o ciclone tenha passado, continuam a cair chuvas fortes\nprovocando um aumento das \u00e1guas das cheias. Entre os afectados encontram-se os estudantes, onde\nmais de 200 salas de aula foram destru\u00eddas em quatro prov\u00edncias\nem Mo\u00e7ambique.&nbsp;<\/p>\n\n\n\n<p>Pode apoiar o fundo de resposta de emerg\u00eancia da ADRA fazendo um donativo agora. <\/p>\n\n\n\n<figure class=\"wp-block-embed-youtube wp-block-embed is-type-video is-provider-youtube wp-embed-aspect-16-9 wp-has-aspect-ratio\"><div class=\"wp-block-embed__wrapper\">\n<iframe title=\"Ciclone Idai - Apoie a ADRA agora\" width=\"800\" height=\"450\" src=\"https:\/\/www.youtube.com\/embed\/I7BjOO7CIOE?feature=oembed&#038;enablejsapi=1&#038;origin=https:\/\/adra.org\" frameborder=\"0\" allow=\"accelerometer; autoplay; clipboard-write; encrypted-media; gyroscope; picture-in-picture; web-share\" referrerpolicy=\"strict-origin-when-cross-origin\" allowfullscreen><\/iframe>\n<\/div><\/figure>","protected":false},"excerpt":{"rendered":"<p>Com a mesma rapidez com que surgiu, o ciclone Idai atravessou Mo\u00e7ambique, o Malawi e o Zimbabu\u00e9 durante o fim de semana, deixando milhares de pessoas desalojadas. Segundo as estimativas actuais, cerca de 500 pessoas foram confirmadas como mortas s\u00f3 em Mo\u00e7ambique, mas o n\u00famero de mortos devido a esta tempestade continua a aumentar<\/p>","protected":false},"author":1,"featured_media":8988,"comment_status":"open","ping_status":"open","sticky":false,"template":"","format":"standard","meta":{"_acf_changed":false,"_eb_attr":"","footnotes":""},"categories":[785,590,994],"tags":[1079,476,8,1025,1137],"class_list":["post-8987","post","type-post","status-publish","format-standard","has-post-thumbnail","hentry","category-africa","category-emergency","category-zimbabwe","tag-crisis","tag-cyclone","tag-emergency-response","tag-shelter-kits","tag-ways-to-give"],"acf":[],"_links":{"self":[{"href":"https:\/\/adra.org\/pt\/wp-json\/wp\/v2\/posts\/8987","targetHints":{"allow":["GET"]}}],"collection":[{"href":"https:\/\/adra.org\/pt\/wp-json\/wp\/v2\/posts"}],"about":[{"href":"https:\/\/adra.org\/pt\/wp-json\/wp\/v2\/types\/post"}],"author":[{"embeddable":true,"href":"https:\/\/adra.org\/pt\/wp-json\/wp\/v2\/users\/1"}],"replies":[{"embeddable":true,"href":"https:\/\/adra.org\/pt\/wp-json\/wp\/v2\/comments?post=8987"}],"version-history":[{"count":5,"href":"https:\/\/adra.org\/pt\/wp-json\/wp\/v2\/posts\/8987\/revisions"}],"predecessor-version":[{"id":46579,"href":"https:\/\/adra.org\/pt\/wp-json\/wp\/v2\/posts\/8987\/revisions\/46579"}],"wp:featuredmedia":[{"embeddable":true,"href":"https:\/\/adra.org\/pt\/wp-json\/wp\/v2\/media\/8988"}],"wp:attachment":[{"href":"https:\/\/adra.org\/pt\/wp-json\/wp\/v2\/media?parent=8987"}],"wp:term":[{"taxonomy":"category","embeddable":true,"href":"https:\/\/adra.org\/pt\/wp-json\/wp\/v2\/categories?post=8987"},{"taxonomy":"post_tag","embeddable":true,"href":"https:\/\/adra.org\/pt\/wp-json\/wp\/v2\/tags?post=8987"}],"curies":[{"name":"wp","href":"https:\/\/api.w.org\/{rel}","templated":true}]}}