{"id":8973,"date":"2019-03-15T17:26:12","date_gmt":"2019-03-15T17:26:12","guid":{"rendered":"https:\/\/adra.org\/?p=8973"},"modified":"2026-04-22T14:38:50","modified_gmt":"2026-04-22T14:38:50","slug":"mozambique-and-malawi-adra-responds-to-extremely-dangerous-tropical-cyclone-idai","status":"publish","type":"post","link":"https:\/\/adra.org\/pt\/mozambique-and-malawi-adra-responds-to-extremely-dangerous-tropical-cyclone-idai","title":{"rendered":"Mo\u00e7ambique e Malawi: ADRA responde ao ciclone tropical Idai \u201cextremamente perigoso"},"content":{"rendered":"<p>SILVER SPRING, MD, (15 de mar\u00e7o de 2019) - Prev\u00ea-se que o ciclone tropical Idai seja a cat\u00e1strofe meteorol\u00f3gica mais mort\u00edfera a atingir a costa de Mo\u00e7ambique. As inunda\u00e7\u00f5es relacionadas com este fen\u00f3meno j\u00e1 causaram a morte de mais de 120 pessoas e deixaram mais de 150.000 pessoas deslocadas.&nbsp;<\/p>\n\n\n\n<p>\u201cA eletricidade foi cortada para mais de 500.000 civis na cidade da Beira, uma das maiores cidades de Mo\u00e7ambique, e as comunica\u00e7\u00f5es foram cortadas\u201d, diz M\u00e1rio de Oliveira, diretor de gest\u00e3o de emerg\u00eancias da Ag\u00eancia Adventista de Desenvolvimento e Assist\u00eancia (ADRA). \u201cTamb\u00e9m foram destru\u00eddas casas e \u00e1rvores\u201d.\u201d&nbsp;<\/p>\n\n\n\n<p>A potente tempestade registou ventos m\u00e1ximos sustentados de cerca de 106 milhas por hora, o equivalente a uma tempestade de categoria 2, de acordo com os relat\u00f3rios meteorol\u00f3gicos nacionais. O ciclone seria a primeira tempestade tropical de Mo\u00e7ambique em dez anos e dirige-se agora para oeste, em dire\u00e7\u00e3o ao Zimbabu\u00e9.<\/p>\n\n\n\n<p>A ADRA enviou equipas de resposta a emerg\u00eancias em Mo\u00e7ambique e no Malawi, que j\u00e1 tinham estado a trabalhar com os distritos a recuperar de extensas inunda\u00e7\u00f5es dias antes.<\/p>\n\n\n\n<p>Centenas de pessoas perderam as suas casas e foram obrigadas a refugiar-se em escolas, igrejas e outros meios de alojamento. As culturas, das quais os habitantes dependem, tamb\u00e9m foram fortemente destru\u00eddas e ficaram debaixo de \u00e1gua.&nbsp;<\/p>\n\n\n\n<p>Para o alde\u00e3o local, Samson, 65 anos, perder a sua quinta seria a prova\u00e7\u00e3o mais dif\u00edcil. \u201cTodo o nosso stock de alimentos foi arrastado pelas cheias e fic\u00e1mos sem nada para comer\u201d, diz ele. \u201cAtualmente, eu e a minha fam\u00edlia de cinco pessoas estamos a acampar em Madalitso, mas a vida \u00e9 agora miser\u00e1vel.\u201d<\/p>\n\n\n\n<p>Quando a tempestade tropical passar, a ADRA prestar\u00e1 assist\u00eancia de emerg\u00eancia \u00e0s comunidades mais afectadas pelo ciclone Idai.&nbsp;<\/p>\n\n\n\n<p>\u201cPor favor, mantenha em ora\u00e7\u00e3o os milhares de pessoas cujas vidas foram afectadas por esta tempestade\u201d, diz Oliveira. \u201cVai demorar um pouco para eles se recuperarem, mas a ADRA est\u00e1 pronta para ajudar as comunidades atrav\u00e9s desta devasta\u00e7\u00e3o infeliz.\u201d&nbsp;<\/p>\n\n\n\n<p>Eis o que a ADRA est\u00e1 a fazer nos dois pa\u00edses neste momento:&nbsp;<\/p>\n\n\n\n<p><strong>Mo\u00e7ambique&nbsp;<\/strong><\/p>\n\n\n\n<p>Os relat\u00f3rios tamb\u00e9m estimam que mais de 19.000 estudantes e mais de 500 professores foram afectados. As necessidades actuais para eles incluem tendas escolares e produtos alimentares.&nbsp;<\/p>\n\n\n\n<p>A ADRA est\u00e1 a trabalhar com as autoridades locais nas prov\u00edncias da Zamb\u00e9zia, Tete e Niassa, onde mais de 103.000 pessoas foram afectadas e onde mais de 17.000 pessoas foram deslocadas.&nbsp;<\/p>\n\n\n\n<p>A ADRA em Mo\u00e7ambique est\u00e1 a coordenar esfor\u00e7os com outras ag\u00eancias humanit\u00e1rias para avaliar as necessidades da comunidade.<\/p>\n\n\n\n<p><strong>Malawi&nbsp;<\/strong><\/p>\n\n\n\n<p>Mais de 500 000 pessoas foram afectadas, tendo as inunda\u00e7\u00f5es mais graves atingido os distritos de Phalombe e Mulanje. Al\u00e9m disso, mais de 84.000 pessoas foram obrigadas a procurar ref\u00fagio noutros locais.&nbsp;<\/p>\n\n\n\n<p>A ADRA no Malawi est\u00e1 a responder \u00e0s necessidades de abrigo, higiene, kits de cozinha e lonas.&nbsp;<\/p>\n\n\n\n<p>Mais informa\u00e7\u00f5es \u00e0 medida que forem recebidas. &nbsp;<\/p>\n\n\n\n<p>As contribui\u00e7\u00f5es s\u00e3o aceites em linha em <a href=\"https:\/\/donations.adra.org\/disasters\">ADRA.org\/disasters.<\/a><\/p>\n\n\n\n<p><strong>Sobre a ADRA<\/strong><\/p>\n\n\n\n<p><em>A Ag\u00eancia Adventista de Desenvolvimento e Assist\u00eancia Internacional \u00e9 o bra\u00e7o humanit\u00e1rio da Igreja Adventista do S\u00e9timo Dia. O seu trabalho fortalece as comunidades e muda vidas em todo o mundo, proporcionando desenvolvimento comunit\u00e1rio sustent\u00e1vel e ajuda em caso de cat\u00e1strofe. Para mais informa\u00e7\u00f5es, visite ADRA.org.<\/em><\/p>\n\n\n\n<p>Cr\u00e9dito da foto: The Weather Channel<\/p>\n\n\n\n<p><br><\/p>","protected":false},"excerpt":{"rendered":"<p>SILVER SPRING, MD, (March 15, 2019) \u2013 Tropical Cyclone Idai is predicted to be the deadliest weather disaster to make landfall on Mozambique\u2019s shore. Related floods have reportedly claimed the lives of more than 120 people and left more than 150,000 people displaced.&nbsp; \u201cElectricity has been cut off for more than 500,000 civilians in the [&hellip;]<\/p>\n","protected":false},"author":1,"featured_media":8974,"comment_status":"open","ping_status":"open","sticky":false,"template":"","format":"standard","meta":{"_acf_changed":false,"_eb_attr":"","footnotes":""},"categories":[785,1029,951,11],"tags":[1079,476,8,690],"class_list":["post-8973","post","type-post","status-publish","format-standard","has-post-thumbnail","hentry","category-africa","category-malawi","category-mozambique","category-press-release","tag-crisis","tag-cyclone","tag-emergency-response","tag-protection"],"acf":[],"_links":{"self":[{"href":"https:\/\/adra.org\/pt\/wp-json\/wp\/v2\/posts\/8973","targetHints":{"allow":["GET"]}}],"collection":[{"href":"https:\/\/adra.org\/pt\/wp-json\/wp\/v2\/posts"}],"about":[{"href":"https:\/\/adra.org\/pt\/wp-json\/wp\/v2\/types\/post"}],"author":[{"embeddable":true,"href":"https:\/\/adra.org\/pt\/wp-json\/wp\/v2\/users\/1"}],"replies":[{"embeddable":true,"href":"https:\/\/adra.org\/pt\/wp-json\/wp\/v2\/comments?post=8973"}],"version-history":[{"count":3,"href":"https:\/\/adra.org\/pt\/wp-json\/wp\/v2\/posts\/8973\/revisions"}],"predecessor-version":[{"id":48727,"href":"https:\/\/adra.org\/pt\/wp-json\/wp\/v2\/posts\/8973\/revisions\/48727"}],"wp:featuredmedia":[{"embeddable":true,"href":"https:\/\/adra.org\/pt\/wp-json\/wp\/v2\/media\/8974"}],"wp:attachment":[{"href":"https:\/\/adra.org\/pt\/wp-json\/wp\/v2\/media?parent=8973"}],"wp:term":[{"taxonomy":"category","embeddable":true,"href":"https:\/\/adra.org\/pt\/wp-json\/wp\/v2\/categories?post=8973"},{"taxonomy":"post_tag","embeddable":true,"href":"https:\/\/adra.org\/pt\/wp-json\/wp\/v2\/tags?post=8973"}],"curies":[{"name":"wp","href":"https:\/\/api.w.org\/{rel}","templated":true}]}}