{"id":7552,"date":"2017-09-21T15:47:54","date_gmt":"2017-09-21T15:47:54","guid":{"rendered":"https:\/\/adra.org\/?p=7552"},"modified":"2026-04-16T07:11:54","modified_gmt":"2026-04-16T07:11:54","slug":"12-months-4-countries-2-people-1-life-changing-experience-part-1","status":"publish","type":"post","link":"https:\/\/adra.org\/pt\/12-months-4-countries-2-people-1-life-changing-experience-part-1","title":{"rendered":"12 meses, 4 pa\u00edses, 2 pessoas: 1 experi\u00eancia que muda a vida (Parte 1)"},"content":{"rendered":"<p><em>Em 2016, Jonathan e Magali, um jovem casal da B\u00e9lgica, embarcaram numa aventura \u00fanica na vida: uma viagem \u00e0 volta do mundo como volunt\u00e1rios em projectos da ADRA, da Mong\u00f3lia a Vanuatu.<\/em><\/p>\n<p><em>Jonathan conta a sua hist\u00f3ria.<\/em><\/p>\n<p>A ideia para esta viagem j\u00e1 estava na nossa cabe\u00e7a h\u00e1 muito tempo. Ambos adoramos viajar e descobrir novas culturas e pessoas. Para n\u00f3s, a melhor maneira de descobrir um lugar \u00e9 viver com as pessoas, partilhar o estilo de vida e envolvermo-nos com elas. H\u00e1 muitos anos que quer\u00edamos ser actores e n\u00e3o apenas espectadores. Por isso, decidimos misturar estes dois aspectos: viajar e envolvermo-nos.<\/p>\n<p>Come\u00e7\u00e1mos a planear mais de um ano antes de partirmos para a nossa viagem. Foi um enorme desafio em termos financeiros e log\u00edsticos, mas fizemo-lo com a ajuda de Deus, da nossa igreja, da fam\u00edlia e dos amigos. Como adventistas, j\u00e1 conhec\u00edamos a ADRA h\u00e1 muito tempo, e eu at\u00e9 tinha alguma experi\u00eancia de trabalho com a ADRA no Burkina Faso h\u00e1 oito anos. Foi por isso que escolhemos fazer voluntariado na ADRA.<\/p>\n<p>Envi\u00e1mos muitos e-mails para os escrit\u00f3rios da ADRA em todo o mundo com os nossos curr\u00edculos e uma carta de apresenta\u00e7\u00e3o a explicar o nosso desejo de fazer voluntariado. Felizmente, recebemos respostas de v\u00e1rios pa\u00edses e acab\u00e1mos por selecionar projectos onde ach\u00e1mos que as nossas compet\u00eancias seriam mais \u00fateis (eu era consultor ecol\u00f3gico na \u00e1rea comercial e a Magali \u00e9 professora de franc\u00eas). Portanto, n\u00e3o selecion\u00e1mos os pa\u00edses, mas sim os projectos. Foi por isso que fomos ao Quirguizist\u00e3o, por exemplo, um pa\u00eds que at\u00e9 ent\u00e3o nos era desconhecido!<\/p>\n<p>Ao longo de um ano, visit\u00e1mos seis pa\u00edses diferentes e trabalh\u00e1mos como volunt\u00e1rios em quatro escrit\u00f3rios da ADRA: Quirguizist\u00e3o, Mong\u00f3lia, Equador e Vanuatu. Pass\u00e1mos entre v\u00e1rias semanas e v\u00e1rios meses em cada gabinete. O nosso objetivo era estar ao servi\u00e7o dos escrit\u00f3rios da ADRA para ajudar as pessoas necessitadas.<\/p>\n<h2 style=\"text-align: center;\"><strong>Mong\u00f3lia<\/strong><\/h2>\n<p><img fetchpriority=\"high\" decoding=\"async\" class=\"aligncenter size-large wp-image-7568\" src=\"https:\/\/adra.org\/wp-content\/uploads\/2017\/09\/Mongolia.-Ulaanbaatar-1024x680.jpg\" alt=\"Mongolia. Ulaanbaatar\" width=\"640\" height=\"425\" srcset=\"https:\/\/adra.org\/wp-content\/uploads\/2017\/09\/Mongolia.-Ulaanbaatar-1024x680.jpg 1024w, https:\/\/adra.org\/wp-content\/uploads\/2017\/09\/Mongolia.-Ulaanbaatar-300x199.jpg 300w, https:\/\/adra.org\/wp-content\/uploads\/2017\/09\/Mongolia.-Ulaanbaatar-768x510.jpg 768w, https:\/\/adra.org\/wp-content\/uploads\/2017\/09\/Mongolia.-Ulaanbaatar-1536x1021.jpg 1536w, https:\/\/adra.org\/wp-content\/uploads\/2017\/09\/Mongolia.-Ulaanbaatar-2048x1361.jpg 2048w, https:\/\/adra.org\/wp-content\/uploads\/2017\/09\/Mongolia.-Ulaanbaatar-2000x1329.jpg 2000w\" sizes=\"(max-width: 640px) 100vw, 640px\" \/><\/p>\n<p>A Mong\u00f3lia foi a nossa primeira paragem e foi um enorme desafio, principalmente porque pass\u00e1mos a maior parte dos nossos dois meses na capital, Ulaanbaatar, uma das cidades mais polu\u00eddas do mundo. Felizmente, fomos recebidos por uma equipa da ADRA muito motivada e ativa, que nos reanimou. A descoberta da cultura mongol e da vida n\u00f3mada tamb\u00e9m foi fant\u00e1stica, e a paisagem era inspiradora.<\/p>\n<p>Como volunt\u00e1rios, estivemos envolvidos em dois projectos diferentes: MEAL (Micro Economic and Agriculture Learning) e Hope for a Brighter Future.<\/p>\n<p>O primeiro projeto foi no dom\u00ednio da seguran\u00e7a alimentar. Foi iniciado para ajudar os jardineiros dom\u00e9sticos vulner\u00e1veis de 1100 agregados familiares - na sua maioria mulheres - a aumentar a sua capacidade de produ\u00e7\u00e3o alimentar. De facto, na Mong\u00f3lia, muitos n\u00f3madas v\u00eam para a cidade em busca de uma vida decente, mas acabam nos sub\u00farbios de yurt \u00e0 volta da cidade sem instala\u00e7\u00f5es de higiene, \u00e1gua corrente, eletricidade e alimentos. Ajud\u00e1mos a ADRA a criar e a ministrar uma aula de culin\u00e1ria e discutimos com a equipa da ADRA novos m\u00e9todos para a abordagem de permacultura, a implementa\u00e7\u00e3o de um banco de sementes e a melhoria da venda de legumes excedentes.<\/p>\n<p><img decoding=\"async\" class=\"aligncenter size-large wp-image-7578\" src=\"https:\/\/adra.org\/wp-content\/uploads\/2017\/09\/Mongolia.-Jonathan-working-on-MEAL-1024x768.jpg\" alt=\"Mongolia. Jonathan working on MEAL\" width=\"640\" height=\"480\" srcset=\"https:\/\/adra.org\/wp-content\/uploads\/2017\/09\/Mongolia.-Jonathan-working-on-MEAL-1024x768.jpg 1024w, https:\/\/adra.org\/wp-content\/uploads\/2017\/09\/Mongolia.-Jonathan-working-on-MEAL-300x225.jpg 300w, https:\/\/adra.org\/wp-content\/uploads\/2017\/09\/Mongolia.-Jonathan-working-on-MEAL-768x576.jpg 768w, https:\/\/adra.org\/wp-content\/uploads\/2017\/09\/Mongolia.-Jonathan-working-on-MEAL-1536x1152.jpg 1536w, https:\/\/adra.org\/wp-content\/uploads\/2017\/09\/Mongolia.-Jonathan-working-on-MEAL-2048x1537.jpg 2048w, https:\/\/adra.org\/wp-content\/uploads\/2017\/09\/Mongolia.-Jonathan-working-on-MEAL-1000x750.jpg 1000w, https:\/\/adra.org\/wp-content\/uploads\/2017\/09\/Mongolia.-Jonathan-working-on-MEAL-2000x1501.jpg 2000w\" sizes=\"(max-width: 640px) 100vw, 640px\" \/><\/p>\n<p>Hope for a Brighter Future trabalhou com crian\u00e7as deficientes nos sub\u00farbios mais pobres da cidade. Fizemos um filme para promover o projeto junto de potenciais doadores. Encontr\u00e1mo-nos com fam\u00edlias, crian\u00e7as com defici\u00eancia e assistentes sociais. Os objectivos do projeto s\u00e3o melhorar o acesso das crian\u00e7as com defici\u00eancia \u00e0 sa\u00fade e \u00e0 educa\u00e7\u00e3o, promover a sua participa\u00e7\u00e3o na sociedade e criar um Centro de Reabilita\u00e7\u00e3o para Deficientes com base na comunidade. O centro ajuda as crian\u00e7as com defici\u00eancia a aprenderem novas compet\u00eancias num ambiente de apoio e inclus\u00e3o, apoia o seu acesso a servi\u00e7os de sa\u00fade e educa\u00e7\u00e3o e oferece forma\u00e7\u00e3o profissional e em pequenas empresas a pais desempregados de crian\u00e7as com defici\u00eancia.<\/p>\n<h2 style=\"text-align: center;\"><strong>Quirguizist\u00e3o<\/strong><\/h2>\n<p><img decoding=\"async\" class=\"aligncenter size-large wp-image-7566\" src=\"https:\/\/adra.org\/wp-content\/uploads\/2017\/09\/Kyrgyzstan.-Area-around-Tokmok.-1024x768.jpg\" alt=\"Kyrgyzstan. Area around Tokmok.\" width=\"640\" height=\"480\" srcset=\"https:\/\/adra.org\/wp-content\/uploads\/2017\/09\/Kyrgyzstan.-Area-around-Tokmok.-1024x768.jpg 1024w, https:\/\/adra.org\/wp-content\/uploads\/2017\/09\/Kyrgyzstan.-Area-around-Tokmok.-300x225.jpg 300w, https:\/\/adra.org\/wp-content\/uploads\/2017\/09\/Kyrgyzstan.-Area-around-Tokmok.-768x576.jpg 768w, https:\/\/adra.org\/wp-content\/uploads\/2017\/09\/Kyrgyzstan.-Area-around-Tokmok.-1536x1152.jpg 1536w, https:\/\/adra.org\/wp-content\/uploads\/2017\/09\/Kyrgyzstan.-Area-around-Tokmok.-2048x1536.jpg 2048w, https:\/\/adra.org\/wp-content\/uploads\/2017\/09\/Kyrgyzstan.-Area-around-Tokmok.-1000x750.jpg 1000w, https:\/\/adra.org\/wp-content\/uploads\/2017\/09\/Kyrgyzstan.-Area-around-Tokmok.-2000x1500.jpg 2000w\" sizes=\"(max-width: 640px) 100vw, 640px\" \/><\/p>\n<p>O Quirguizist\u00e3o foi incr\u00edvel. Conhecemos um povo maravilhoso: generoso, caloroso e sorridente. A equipa local da ADRA recebeu-nos como se f\u00f4ssemos da fam\u00edlia. A primeira vez que nos encontr\u00e1mos, tinham-nos preparado uma refei\u00e7\u00e3o deliciosa que, depois de horas num avi\u00e3o, nos deixou muito gratos.<\/p>\n<p>O nosso trabalho foi um pouco mais te\u00f3rico e complexo. Trabalh\u00e1mos com o diretor da ADRA na \u00c1sia Central para desenvolver uma abordagem ecol\u00f3gica e sustent\u00e1vel da gest\u00e3o do escrit\u00f3rio. Atrav\u00e9s da forma\u00e7\u00e3o, partilh\u00e1mos dicas para reduzir o impacto ambiental do escrit\u00f3rio. Foi muito interessante partilhar com a equipa as nossas percep\u00e7\u00f5es sobre os desafios ambientais globais, como as altera\u00e7\u00f5es clim\u00e1ticas, a polui\u00e7\u00e3o do pl\u00e1stico e a perda de esp\u00e9cies. De facto, no Quirguist\u00e3o, a situa\u00e7\u00e3o ambiental \u00e9 preocupante, mas as pessoas n\u00e3o t\u00eam consci\u00eancia do seu impacto e de como melhorar a situa\u00e7\u00e3o.<\/p>\n<p>Depois de sensibilizar o gabinete, a ADRA Quirguizist\u00e3o quis implementar um novo projeto no dom\u00ednio do desenvolvimento sustent\u00e1vel. Assim, ap\u00f3s um diagn\u00f3stico preciso das necessidades, prepar\u00e1mos com a equipa dois novos projectos com abordagens sustent\u00e1veis. Para n\u00f3s, a sustentabilidade exigia uma abordagem global n\u00e3o s\u00f3 no dom\u00ednio da ecologia, mas tamb\u00e9m nos dom\u00ednios social e econ\u00f3mico. Ao fim de dois meses, propusemos uma an\u00e1lise ambiental SWOT (for\u00e7as, fraquezas, oportunidades e amea\u00e7as) sobre a situa\u00e7\u00e3o do Quirguist\u00e3o e duas notas conceptuais para projectos futuros: uma abordagem microecon\u00f3mica para a gest\u00e3o sustent\u00e1vel de res\u00edduos de papel e pl\u00e1stico e uma melhoria do saneamento e da produ\u00e7\u00e3o de biog\u00e1s num orfanato.<\/p>\n<p><img loading=\"lazy\" decoding=\"async\" class=\"aligncenter size-large wp-image-7561\" src=\"https:\/\/adra.org\/wp-content\/uploads\/2017\/09\/Handing-out-46K-shoes-02-1024x682.jpg\" alt=\"Handing out 46K shoes 02\" width=\"640\" height=\"426\" srcset=\"https:\/\/adra.org\/wp-content\/uploads\/2017\/09\/Handing-out-46K-shoes-02-1024x682.jpg 1024w, https:\/\/adra.org\/wp-content\/uploads\/2017\/09\/Handing-out-46K-shoes-02-300x200.jpg 300w, https:\/\/adra.org\/wp-content\/uploads\/2017\/09\/Handing-out-46K-shoes-02-768x512.jpg 768w, https:\/\/adra.org\/wp-content\/uploads\/2017\/09\/Handing-out-46K-shoes-02-1536x1024.jpg 1536w, https:\/\/adra.org\/wp-content\/uploads\/2017\/09\/Handing-out-46K-shoes-02-2048x1365.jpg 2048w, https:\/\/adra.org\/wp-content\/uploads\/2017\/09\/Handing-out-46K-shoes-02-2000x1333.jpg 2000w\" sizes=\"(max-width: 640px) 100vw, 640px\" \/><\/p>\n<p>Uma das melhores experi\u00eancias de toda a nossa viagem foi ajudar a distribuir 46.000 pares de sapatos TOMS em tr\u00eas dias a jovens estudantes. Sem estes sapatos, as crian\u00e7as n\u00e3o podem ir \u00e0 escola, porque as dist\u00e2ncias s\u00e3o longas, as estradas s\u00e3o m\u00e1s e os invernos s\u00e3o rigorosos. \u00c9ramos quatro - eu, a Magali e dois trabalhadores da ADRA - e foi um desafio f\u00edsico extenuante. No \u00faltimo dia, visit\u00e1mos as crian\u00e7as na escola, tir\u00e1mos fotografias e brinc\u00e1mos com elas enquanto cal\u00e7avam os sapatos novos. Foi incr\u00edvel.<\/p>\n<p><em>Pode ler a segunda parte da aventura do Jonathan e da Magali <a href=\"https:\/\/adra.org\/pt\/12-months-4-countries-2-people-1-life-changing-experience-part-2\/\">aqui<\/a>.<\/em><\/p>\n<p><em>Se estiver interessado em fazer voluntariado com a ADRA, sugerimos que comece por contactar o escrit\u00f3rio da ADRA no seu pa\u00eds, ou no pa\u00eds onde gostaria de fazer voluntariado, para discutir oportunidades e formas de se envolver no trabalho da ADRA.<\/em><\/p>\n<p><em>A ADRA Internacional lan\u00e7ou recentemente um programa chamado ADRA Connections, que envia grupos de volunt\u00e1rios para todo o mundo para ajudar nos projectos da ADRA e trazer benef\u00edcios \u00e0s comunidades necessitadas. Pode encontrar mais informa\u00e7\u00f5es sobre o ADRA Connections online agora.<\/em><\/p>","protected":false},"excerpt":{"rendered":"<p>Em 2016, Jonathan e Magali, um jovem casal da B\u00e9lgica, embarcaram numa aventura \u00fanica na vida: uma viagem \u00e0 volta do mundo como volunt\u00e1rios em projectos da ADRA, da Mong\u00f3lia a Vanuatu.<\/p>","protected":false},"author":1,"featured_media":7574,"comment_status":"open","ping_status":"open","sticky":false,"template":"","format":"standard","meta":{"_acf_changed":false,"_eb_attr":"","footnotes":""},"categories":[42,780,1051,940,816,1,1053],"tags":[741,437,873,426,1137],"class_list":["post-7552","post","type-post","status-publish","format-standard","has-post-thumbnail","hentry","category-agriculture","category-asia","category-euroasia","category-kyrgyzstan","category-mongolia","category-uncategorized","category-volunteerism-service","tag-adventist-church","tag-disability-inclusion","tag-justice-compassion-love","tag-volunteer","tag-ways-to-give"],"acf":[],"_links":{"self":[{"href":"https:\/\/adra.org\/pt\/wp-json\/wp\/v2\/posts\/7552","targetHints":{"allow":["GET"]}}],"collection":[{"href":"https:\/\/adra.org\/pt\/wp-json\/wp\/v2\/posts"}],"about":[{"href":"https:\/\/adra.org\/pt\/wp-json\/wp\/v2\/types\/post"}],"author":[{"embeddable":true,"href":"https:\/\/adra.org\/pt\/wp-json\/wp\/v2\/users\/1"}],"replies":[{"embeddable":true,"href":"https:\/\/adra.org\/pt\/wp-json\/wp\/v2\/comments?post=7552"}],"version-history":[{"count":5,"href":"https:\/\/adra.org\/pt\/wp-json\/wp\/v2\/posts\/7552\/revisions"}],"predecessor-version":[{"id":46813,"href":"https:\/\/adra.org\/pt\/wp-json\/wp\/v2\/posts\/7552\/revisions\/46813"}],"wp:featuredmedia":[{"embeddable":true,"href":"https:\/\/adra.org\/pt\/wp-json\/wp\/v2\/media\/7574"}],"wp:attachment":[{"href":"https:\/\/adra.org\/pt\/wp-json\/wp\/v2\/media?parent=7552"}],"wp:term":[{"taxonomy":"category","embeddable":true,"href":"https:\/\/adra.org\/pt\/wp-json\/wp\/v2\/categories?post=7552"},{"taxonomy":"post_tag","embeddable":true,"href":"https:\/\/adra.org\/pt\/wp-json\/wp\/v2\/tags?post=7552"}],"curies":[{"name":"wp","href":"https:\/\/api.w.org\/{rel}","templated":true}]}}