{"id":7184,"date":"2017-06-19T20:58:45","date_gmt":"2017-06-19T20:58:45","guid":{"rendered":"https:\/\/adra.org\/?p=7184"},"modified":"2026-04-01T17:55:05","modified_gmt":"2026-04-01T17:55:05","slug":"adras-2017-world-refugee-day-statement","status":"publish","type":"post","link":"https:\/\/adra.org\/pt\/adras-2017-world-refugee-day-statement","title":{"rendered":"Declara\u00e7\u00e3o da ADRA para o Dia Mundial do Refugiado de 2017"},"content":{"rendered":"<p>Durante d\u00e9cadas, a Ag\u00eancia Adventista de Desenvolvimento e Assist\u00eancia (ADRA), que funciona como bra\u00e7o humanit\u00e1rio da Igreja Adventista do S\u00e9timo Dia, tem defendido os direitos e o bem-estar das pessoas deslocadas por conflitos e persegui\u00e7\u00f5es - homens, mulheres e crian\u00e7as de todas as f\u00e9s, etnias e nacionalidades diferentes que sobreviveram a dificuldades indescrit\u00edveis, terror e perda.<\/p>\n<p>S\u00f3 em 2016, mais de 1,5 milh\u00f5es de refugiados, deslocados internos e ap\u00e1tridas em cerca de 40 pa\u00edses receberam abrigo, alimentos, \u00e1gua pot\u00e1vel, bens de higiene, acesso \u00e0 educa\u00e7\u00e3o, apoio psicossocial e outros servi\u00e7os atrav\u00e9s da ADRA, como parte da nossa miss\u00e3o de amar e ajudar os mais vulner\u00e1veis durante os seus momentos de maior necessidade.<\/p>\n<p>Em 2017, quando se assinala o Dia Mundial do Refugiado (20 de junho), mais de 65 milh\u00f5es de pessoas continuam a ser deslocadas a n\u00edvel mundial, de acordo com a ag\u00eancia das Na\u00e7\u00f5es Unidas para os refugiados, o ACNUR. Aproximadamente 22,5 milh\u00f5es destas pessoas s\u00e3o refugiados. Para a ADRA, estes n\u00fameros significam uma coisa: n\u00e3o nos podemos dar ao luxo de vacilar na nossa resposta para ajudar as pessoas deslocadas por conflitos, persegui\u00e7\u00f5es ou cat\u00e1strofes.<\/p>\n<p>Neste tempo de necessidade esmagadora, elogiamos as na\u00e7\u00f5es que se ergueram para responder \u00e0 necessidade, expandindo os programas de reinstala\u00e7\u00e3o de refugiados e contribuindo financeiramente para os esfor\u00e7os globais em prol dos refugiados. Encorajamos todas as na\u00e7\u00f5es a continuar a trabalhar em conjunto para defender os direitos e a dignidade dos refugiados em todo o mundo. Fazemos este apelo numa altura em que os refugiados e outros imigrantes em todo o mundo est\u00e3o a ser cada vez mais alvo de discursos de \u00f3dio e de actos desprez\u00edveis de crueldade devido \u00e0 sua religi\u00e3o, etnia ou nacionalidade.<\/p>\n<p>Hoje, a ADRA reafirma o seu compromisso de abra\u00e7ar e ajudar os necessitados. N\u00e3o nos guiaremos por conveni\u00eancias pol\u00edticas ou pela opini\u00e3o p\u00fablica, mas seguiremos a nossa f\u00e9 e a nossa consci\u00eancia, que mantemos acima de todas as coisas.<\/p>\n<p>Quando vemos um refugiado, vemos um ser humano cheio de esperan\u00e7as, sonhos e potencial inexplorado. Cada pessoa tem valor, porque cada um deles \u00e9 um filho de Deus.<\/p>\n<p>Num momento de necessidade sem precedentes, \u00e9 imperativo que nos mantenhamos unidos, n\u00e3o no \u00f3dio e no medo, mas no amor e na compaix\u00e3o, para trabalharmos em conjunto para acabar com o sofrimento humano em todo o mundo.<\/p>\n<p>A ADRA gostaria de agradecer aos muitos apoiantes - doadores individuais, igrejas, volunt\u00e1rios, organiza\u00e7\u00f5es sem fins lucrativos e parceiros governamentais - que t\u00eam trabalhado lado a lado connosco todos os dias para garantir que aqueles que foram for\u00e7ados a abandonar as suas casas possam voltar a viver uma vida de seguran\u00e7a, paz e perten\u00e7a.<\/p>","protected":false},"excerpt":{"rendered":"<p>Durante d\u00e9cadas, a Ag\u00eancia Adventista de Desenvolvimento e Assist\u00eancia (ADRA), que funciona como bra\u00e7o humanit\u00e1rio da Igreja Adventista do S\u00e9timo Dia, tem defendido os direitos e o bem-estar das pessoas deslocadas por conflitos e persegui\u00e7\u00f5es - homens, mulheres e crian\u00e7as de todas as f\u00e9s, etnias e nacionalidades diferentes que sobreviveram a dificuldades indescrit\u00edveis, terror e perda.<\/p>","protected":false},"author":1,"featured_media":7185,"comment_status":"open","ping_status":"open","sticky":false,"template":"","format":"standard","meta":{"_acf_changed":false,"_eb_attr":"","footnotes":""},"categories":[11,617],"tags":[741,1175,1085,709,355,383,419],"class_list":["post-7184","post","type-post","status-publish","format-standard","has-post-thumbnail","hentry","category-press-release","category-statement","tag-adventist-church","tag-clean-water","tag-internally-displaced-persons-idps","tag-mental-health-psychosocial-support-mhpss","tag-refugees","tag-united-nations-un","tag-world-refugee-day"],"acf":[],"_links":{"self":[{"href":"https:\/\/adra.org\/pt\/wp-json\/wp\/v2\/posts\/7184","targetHints":{"allow":["GET"]}}],"collection":[{"href":"https:\/\/adra.org\/pt\/wp-json\/wp\/v2\/posts"}],"about":[{"href":"https:\/\/adra.org\/pt\/wp-json\/wp\/v2\/types\/post"}],"author":[{"embeddable":true,"href":"https:\/\/adra.org\/pt\/wp-json\/wp\/v2\/users\/1"}],"replies":[{"embeddable":true,"href":"https:\/\/adra.org\/pt\/wp-json\/wp\/v2\/comments?post=7184"}],"version-history":[{"count":3,"href":"https:\/\/adra.org\/pt\/wp-json\/wp\/v2\/posts\/7184\/revisions"}],"predecessor-version":[{"id":46833,"href":"https:\/\/adra.org\/pt\/wp-json\/wp\/v2\/posts\/7184\/revisions\/46833"}],"wp:featuredmedia":[{"embeddable":true,"href":"https:\/\/adra.org\/pt\/wp-json\/wp\/v2\/media\/7185"}],"wp:attachment":[{"href":"https:\/\/adra.org\/pt\/wp-json\/wp\/v2\/media?parent=7184"}],"wp:term":[{"taxonomy":"category","embeddable":true,"href":"https:\/\/adra.org\/pt\/wp-json\/wp\/v2\/categories?post=7184"},{"taxonomy":"post_tag","embeddable":true,"href":"https:\/\/adra.org\/pt\/wp-json\/wp\/v2\/tags?post=7184"}],"curies":[{"name":"wp","href":"https:\/\/api.w.org\/{rel}","templated":true}]}}