{"id":6576,"date":"2016-10-31T15:03:04","date_gmt":"2016-10-31T15:03:04","guid":{"rendered":"https:\/\/adra.org\/?p=6576"},"modified":"2026-04-01T18:35:44","modified_gmt":"2026-04-01T18:35:44","slug":"haiti-response-hurricane-mathew","status":"publish","type":"post","link":"https:\/\/adra.org\/pt\/haiti-response-hurricane-mathew","title":{"rendered":"Haiti: A resposta da ADRA ao furac\u00e3o Mathew"},"content":{"rendered":"<figure class=\"wp-block-image size-large\"><img fetchpriority=\"high\" decoding=\"async\" width=\"1024\" height=\"683\" src=\"https:\/\/adra.org\/wp-content\/uploads\/2023\/07\/HAITI-Hurricane-Mathew-1024x683.jpg\" alt=\"\" class=\"wp-image-28493\" srcset=\"https:\/\/adra.org\/wp-content\/uploads\/2023\/07\/HAITI-Hurricane-Mathew-1024x683.jpg 1024w, https:\/\/adra.org\/wp-content\/uploads\/2023\/07\/HAITI-Hurricane-Mathew-300x200.jpg 300w, https:\/\/adra.org\/wp-content\/uploads\/2023\/07\/HAITI-Hurricane-Mathew-768x512.jpg 768w, https:\/\/adra.org\/wp-content\/uploads\/2023\/07\/HAITI-Hurricane-Mathew-1536x1024.jpg 1536w, https:\/\/adra.org\/wp-content\/uploads\/2023\/07\/HAITI-Hurricane-Mathew-2048x1365.jpg 2048w\" sizes=\"(max-width: 1024px) 100vw, 1024px\" \/><\/figure>\n\n\n<h2>A resposta da ADRA ao furac\u00e3o Matthew no Haiti ainda est\u00e1 a decorrer em for\u00e7a. A nossa ajuda de emerg\u00eancia chegou a mais de 100.000 pessoas com \u00e1gua pot\u00e1vel, alimentos, abrigos e outros recursos. Hoje, Joyeuse partilha a sua hist\u00f3ria consigo.<\/h2>\n<p>Joyeuse Sincere, de sessenta anos, nunca viveu fora das terras altas de Roche-A-Bateaux, no Haiti, o \u00fanico s\u00edtio a que chama casa. J\u00e1 viu uma esta\u00e7\u00e3o substituir a outra e, apesar da destrui\u00e7\u00e3o causada pelo furac\u00e3o Matthew, n\u00e3o pensa em deixar este lugar.<\/p>\n<p>\u201cSou velha, para onde hei-de ir? Esta \u00e9 a minha casa\u201d, diz ela, batendo com o p\u00e9 no ch\u00e3o.<\/p>\n<p>A casa de Joyeuse situava-se no terreno ondulado da zona alta de Roche-A-Bateaux, rodeada de coqueiros e bananeiras. Nas traseiras da sua casa ficava o seu pequeno jardim, onde plantava as suas flores preferidas e os legumes que colhia para comer.<\/p>\n<p>Quando o furac\u00e3o Matthew atingiu o Haiti, a 4 de outubro, tudo o que possu\u00eda ficou destru\u00eddo.<\/p>\n<p>\u201cPerdi tudo - a minha casa, o meu jardim e os meus animais. Estou grata por eu e a minha fam\u00edlia termos sobrevivido, mas sinto-me triste ao mesmo tempo quando penso nos bens que perdemos\u201d, lamenta.<\/p>\n<p>Se h\u00e1 uma coisa que ela gostaria de fazer o mais rapidamente poss\u00edvel, \u00e9 jardinagem.<\/p>\n<p>\u201cQuero voltar a plantar porque estamos a passar fome. Os meus netos est\u00e3o a passar fome. N\u00e3o sei como \u00e9 que vou fazer isso, mas vou tentar\u201d, diz ela.<\/p>\n<p>Joyeuse partilha a mesma frustra\u00e7\u00e3o com os seus companheiros de aldeia. Todos os dias percorrem as colinas \u00e0 procura de colheitas e frutos que tenham sobrevivido \u00e0 destrui\u00e7\u00e3o provocada pelo Matthew e, na maioria das vezes, n\u00e3o encontram nenhum. Tamb\u00e9m caminham tr\u00eas horas at\u00e9 \u00e0 plan\u00edcie onde se situa o mercado de Roche-\u00e0-Bateaux, pedindo dinheiro ou comida.<\/p>\n<p>Em 25 de outubro, Joyeuse ficou contente por ver um helic\u00f3ptero aterrar no seu terreno.<\/p>\n<p>\u201cN\u00e3o sei ler o cartaz, mas disseram-me que se tratava de uma organiza\u00e7\u00e3o chamada ADRA. O meu nome estava na lista das pessoas que v\u00e3o receber ajuda e fiquei muito contente\u201d, exclama.<\/p>\n<p>\u201cForam as primeiras pessoas que vieram c\u00e1 trazer ajuda. Quase pensei que est\u00e1vamos esquecidos, mas gra\u00e7as \u00e0 ADRA, agora temos arroz, a\u00e7\u00facar e \u00f3leo\u201d, diz ela.<\/p>\n<p>A ADRA distribuiu pacotes de alimentos e kits de higiene na aldeia de Joyeuse como parte da sua resposta ao furac\u00e3o Matthew no Haiti. Em parceria com a Global Medic, a ADRA tamb\u00e9m forneceu conjuntos dom\u00e9sticos de purifica\u00e7\u00e3o de \u00e1gua \u00e0s fam\u00edlias.<\/p>\n<h3>Ainda pode ajudar-nos a chegar a mais pessoas como Joyeuse atrav\u00e9s de um donativo para o nosso fundo de emerg\u00eancia.<\/h3>","protected":false},"excerpt":{"rendered":"<p>A resposta da ADRA ao furac\u00e3o Matthew no Haiti ainda est\u00e1 a decorrer em for\u00e7a. A nossa ajuda de emerg\u00eancia chegou a mais de 100.000 pessoas com \u00e1gua pot\u00e1vel, alimentos, abrigos e outros recursos. Hoje, Joyeuse partilha a sua hist\u00f3ria consigo<\/p>","protected":false},"author":1,"featured_media":28492,"comment_status":"open","ping_status":"open","sticky":false,"template":"","format":"standard","meta":{"_acf_changed":false,"_eb_attr":"","footnotes":""},"categories":[615,590,930,1052],"tags":[1079,6,8,29,1137],"class_list":["post-6576","post","type-post","status-publish","format-standard","has-post-thumbnail","hentry","category-blog","category-emergency","category-haiti","category-inter-america","tag-crisis","tag-disaster-relief","tag-emergency-response","tag-hurricane","tag-ways-to-give"],"acf":[],"_links":{"self":[{"href":"https:\/\/adra.org\/pt\/wp-json\/wp\/v2\/posts\/6576","targetHints":{"allow":["GET"]}}],"collection":[{"href":"https:\/\/adra.org\/pt\/wp-json\/wp\/v2\/posts"}],"about":[{"href":"https:\/\/adra.org\/pt\/wp-json\/wp\/v2\/types\/post"}],"author":[{"embeddable":true,"href":"https:\/\/adra.org\/pt\/wp-json\/wp\/v2\/users\/1"}],"replies":[{"embeddable":true,"href":"https:\/\/adra.org\/pt\/wp-json\/wp\/v2\/comments?post=6576"}],"version-history":[{"count":7,"href":"https:\/\/adra.org\/pt\/wp-json\/wp\/v2\/posts\/6576\/revisions"}],"predecessor-version":[{"id":46864,"href":"https:\/\/adra.org\/pt\/wp-json\/wp\/v2\/posts\/6576\/revisions\/46864"}],"wp:featuredmedia":[{"embeddable":true,"href":"https:\/\/adra.org\/pt\/wp-json\/wp\/v2\/media\/28492"}],"wp:attachment":[{"href":"https:\/\/adra.org\/pt\/wp-json\/wp\/v2\/media?parent=6576"}],"wp:term":[{"taxonomy":"category","embeddable":true,"href":"https:\/\/adra.org\/pt\/wp-json\/wp\/v2\/categories?post=6576"},{"taxonomy":"post_tag","embeddable":true,"href":"https:\/\/adra.org\/pt\/wp-json\/wp\/v2\/tags?post=6576"}],"curies":[{"name":"wp","href":"https:\/\/api.w.org\/{rel}","templated":true}]}}