{"id":6293,"date":"2016-06-15T20:26:47","date_gmt":"2016-06-15T20:26:47","guid":{"rendered":"https:\/\/adra.org\/?p=6293"},"modified":"2026-04-01T19:30:53","modified_gmt":"2026-04-01T19:30:53","slug":"adras-statement-on-world-refugee-day","status":"publish","type":"post","link":"https:\/\/adra.org\/pt\/adras-statement-on-world-refugee-day","title":{"rendered":"Declara\u00e7\u00e3o da ADRA no Dia Mundial do Refugiado"},"content":{"rendered":"<p>Silver Spring, Maryland - Neste Dia Mundial do Refugiado, h\u00e1 mais de 60 milh\u00f5es de pessoas em todo o mundo que se encontram deslocadas internamente, \u00e0 procura de asilo ou a viver como refugiados noutros pa\u00edses. As Na\u00e7\u00f5es Unidas descreveram a crise s\u00edria, que deslocou cerca de metade da popula\u00e7\u00e3o do pa\u00eds, como a maior emerg\u00eancia humanit\u00e1ria da nossa era.<\/p>\n<p>Como organiza\u00e7\u00e3o humanit\u00e1ria internacional, a ADRA tem uma longa hist\u00f3ria de ajuda a pessoas deslocadas por conflitos e persegui\u00e7\u00f5es. S\u00f3 entre 2010 e 2015, a ADRA ajudou cerca de 5 milh\u00f5es de refugiados e pessoas deslocadas internamente (IDPs). Estamos atualmente a ajudar refugiados, requerentes de asilo, deslocados internos e repatriados na \u00c1sia, \u00c1frica, M\u00e9dio Oriente e Am\u00e9ricas. A resposta da ADRA \u00e0 crise s\u00edria envolve responder \u00e0s necessidades dos deslocados internos na S\u00edria e trabalhar com refugiados e requerentes de asilo no L\u00edbano, na Gr\u00e9cia e noutras partes da Europa.<\/p>\n<p>Face a esta crise humanit\u00e1ria sem precedentes, a ADRA assinala o Dia Mundial do Refugiado com um apelo \u00e0 a\u00e7\u00e3o.<\/p>\n<p>Apelamos \u00e0 COMUNIDADE INTERNACIONAL para que encontre uma solu\u00e7\u00e3o atempada e humana para a reinstala\u00e7\u00e3o dos refugiados retidos na Gr\u00e9cia e noutras partes do mundo. Apelamos igualmente \u00e0 comunidade internacional para que aborde as circunst\u00e2ncias que levam as pessoas a tornarem-se refugiados. Apelamos \u00e0 comunidade internacional para que ajude o Governo s\u00edrio a encontrar uma solu\u00e7\u00e3o pac\u00edfica para o conflito s\u00edrio e a resolver os conflitos e as preocupa\u00e7\u00f5es com os direitos humanos noutros pa\u00edses que provocam a fuga de pessoas.<\/p>\n<p>Apelamos aos POL\u00cdTICOS para que se mantenham firmes nas suas convic\u00e7\u00f5es e n\u00e3o se deixem influenciar pelo populismo. O que est\u00e1 certo e o que est\u00e1 errado nunca muda. A dignidade humana e os direitos humanos s\u00e3o sempre os mesmos, independentemente da evolu\u00e7\u00e3o das circunst\u00e2ncias e do com\u00e9rcio.<\/p>\n<p>Apelamos aos meios de comunica\u00e7\u00e3o social para que noticiem de forma respons\u00e1vel a crise dos refugiados e os acontecimentos com ela relacionados. Pedimos-lhes que apresentem uma imagem equilibrada e justa dos acontecimentos e que n\u00e3o alimentem os medos e os preconceitos das pessoas.<\/p>\n<p>Apelamos \u00e0s IGREJAS para que falem com as suas congrega\u00e7\u00f5es sobre qual deve ser a resposta crist\u00e3 a estes acontecimentos e como seguir o exemplo de Jesus, mesmo em tempos dif\u00edceis. As Igrejas Adventistas na Europa estabeleceram parcerias com a ADRA em projectos de apoio aos refugiados nas suas comunidades. Desafiamos as igrejas a considerarem se t\u00eam um papel a desempenhar na ajuda aos milh\u00f5es de pessoas deslocadas em todo o mundo e nas nossas pr\u00f3prias comunidades.<\/p>\n<p>Apelamos aos INDIV\u00cdDUOS para que n\u00e3o se deixem guiar pelo ego\u00edsmo, pelo medo e pelo preconceito. Apelamos a uma resposta a esta crise orientada pela intelig\u00eancia, pela compaix\u00e3o e pelo reconhecimento da nossa humanidade partilhada e dos direitos humanos. Acreditamos que cada pessoa tem o poder de ter um impacto positivo no mundo \u00e0 sua volta e que h\u00e1 algo que todos podem fazer para ajudar os refugiados, mesmo que seja apenas rezar por eles ou informar-se sobre a situa\u00e7\u00e3o.<\/p>\n<p>Para saber mais sobre o que pode fazer para ajudar os refugiados, assine o nosso <a href=\"https:\/\/actionsprout.io\/4348D6\/initial\">penhor<\/a>. Para obter recursos descarreg\u00e1veis que a sua igreja pode utilizar para dedicar um servi\u00e7o aos refugiados, visite <a href=\"https:\/\/www.adventist.org\/en\/information\/special-days\/refugees\/\">https:\/\/www.adventist.org\/en\/information\/special-days\/refugees\/<\/a>.<\/p>\n<p style=\"text-align: center;\">#####<\/p>\n<p>Sobre a ADRA<\/p>\n<p>A Ag\u00eancia Adventista de Desenvolvimento e Assist\u00eancia Internacional \u00e9 o bra\u00e7o humanit\u00e1rio da Igreja Adventista do S\u00e9timo Dia. O seu trabalho fortalece as comunidades e muda vidas em todo o mundo, proporcionando desenvolvimento comunit\u00e1rio sustent\u00e1vel e ajuda em caso de cat\u00e1strofe. Para mais informa\u00e7\u00f5es, visite ADRA.org.<\/p>","protected":false},"excerpt":{"rendered":"<p>Neste Dia Mundial do Refugiado, mais de 60 milh\u00f5es de pessoas em todo o mundo est\u00e3o deslocadas internamente, procuram asilo ou vivem como refugiados noutros pa\u00edses<\/p>","protected":false},"author":1,"featured_media":21998,"comment_status":"open","ping_status":"open","sticky":false,"template":"","format":"standard","meta":{"_acf_changed":false,"_eb_attr":"","footnotes":""},"categories":[11,617],"tags":[1079,1069,1085,355,383,419],"class_list":["post-6293","post","type-post","status-publish","format-standard","has-post-thumbnail","hentry","category-press-release","category-statement","tag-crisis","tag-humanitarian-aid","tag-internally-displaced-persons-idps","tag-refugees","tag-united-nations-un","tag-world-refugee-day"],"acf":[],"_links":{"self":[{"href":"https:\/\/adra.org\/pt\/wp-json\/wp\/v2\/posts\/6293","targetHints":{"allow":["GET"]}}],"collection":[{"href":"https:\/\/adra.org\/pt\/wp-json\/wp\/v2\/posts"}],"about":[{"href":"https:\/\/adra.org\/pt\/wp-json\/wp\/v2\/types\/post"}],"author":[{"embeddable":true,"href":"https:\/\/adra.org\/pt\/wp-json\/wp\/v2\/users\/1"}],"replies":[{"embeddable":true,"href":"https:\/\/adra.org\/pt\/wp-json\/wp\/v2\/comments?post=6293"}],"version-history":[{"count":4,"href":"https:\/\/adra.org\/pt\/wp-json\/wp\/v2\/posts\/6293\/revisions"}],"predecessor-version":[{"id":46887,"href":"https:\/\/adra.org\/pt\/wp-json\/wp\/v2\/posts\/6293\/revisions\/46887"}],"wp:featuredmedia":[{"embeddable":true,"href":"https:\/\/adra.org\/pt\/wp-json\/wp\/v2\/media\/21998"}],"wp:attachment":[{"href":"https:\/\/adra.org\/pt\/wp-json\/wp\/v2\/media?parent=6293"}],"wp:term":[{"taxonomy":"category","embeddable":true,"href":"https:\/\/adra.org\/pt\/wp-json\/wp\/v2\/categories?post=6293"},{"taxonomy":"post_tag","embeddable":true,"href":"https:\/\/adra.org\/pt\/wp-json\/wp\/v2\/tags?post=6293"}],"curies":[{"name":"wp","href":"https:\/\/api.w.org\/{rel}","templated":true}]}}