{"id":6188,"date":"2016-06-07T15:40:11","date_gmt":"2016-06-07T15:40:11","guid":{"rendered":"https:\/\/adra.org\/?p=6188"},"modified":"2026-04-22T15:29:11","modified_gmt":"2026-04-22T15:29:11","slug":"our-global-work-with-refugees","status":"publish","type":"post","link":"https:\/\/adra.org\/pt\/our-global-work-with-refugees","title":{"rendered":"O nosso trabalho global com os refugiados"},"content":{"rendered":"<h2>Obrigado por servir os refugiados em todo o mundo - este trabalho n\u00e3o poderia ser feito sem si.<\/h2>\n<p><img fetchpriority=\"high\" decoding=\"async\" class=\"alignnone size-large wp-image-8066\" src=\"https:\/\/adra.org\/wp-content\/uploads\/2016\/06\/18-042-World-Refugee-Sabbath-MAP-1024x1024.jpg\" alt=\"\" width=\"640\" height=\"640\" srcset=\"https:\/\/adra.org\/wp-content\/uploads\/2016\/06\/18-042-World-Refugee-Sabbath-MAP-1024x1024.jpg 1024w, https:\/\/adra.org\/wp-content\/uploads\/2016\/06\/18-042-World-Refugee-Sabbath-MAP-300x300.jpg 300w, https:\/\/adra.org\/wp-content\/uploads\/2016\/06\/18-042-World-Refugee-Sabbath-MAP-150x150.jpg 150w, https:\/\/adra.org\/wp-content\/uploads\/2016\/06\/18-042-World-Refugee-Sabbath-MAP-768x768.jpg 768w, https:\/\/adra.org\/wp-content\/uploads\/2016\/06\/18-042-World-Refugee-Sabbath-MAP-1536x1536.jpg 1536w, https:\/\/adra.org\/wp-content\/uploads\/2016\/06\/18-042-World-Refugee-Sabbath-MAP-2048x2048.jpg 2048w, https:\/\/adra.org\/wp-content\/uploads\/2016\/06\/18-042-World-Refugee-Sabbath-MAP-2000x2000.jpg 2000w, https:\/\/adra.org\/wp-content\/uploads\/2016\/06\/18-042-World-Refugee-Sabbath-MAP-100x100.jpg 100w\" sizes=\"(max-width: 640px) 100vw, 640px\" \/><\/p>\n<p>Todos os locais assinalados a vermelho neste mapa s\u00e3o locais onde est\u00e1 a tornar poss\u00edvel aos funcion\u00e1rios e volunt\u00e1rios da ADRA servir pessoas que foram deslocadas \u00e0 for\u00e7a devido a conflitos e persegui\u00e7\u00f5es.<\/p>\n<p>A ajuda aos refugiados e \u00e0s pessoas deslocadas internamente (PDI) vai desde a satisfa\u00e7\u00e3o de necessidades imediatas e essenciais, como alimentos, kits de higiene e fraldas, at\u00e9 ao apoio \u00e0s pessoas durante a reconstru\u00e7\u00e3o das suas vidas na sua nova p\u00e1tria ou quando puderem regressar a casa.<\/p>\n\n\n<p><em>O seu apoio \u00e9 o que faz<\/em> <em>este trabalho \u00e9 poss\u00edvel. Obrigado pelas vossas ora\u00e7\u00f5es e contribui\u00e7\u00f5es.<\/em><\/p>","protected":false},"excerpt":{"rendered":"<p>Todos os locais assinalados a vermelho neste mapa s\u00e3o locais onde est\u00e1 a tornar poss\u00edvel aos funcion\u00e1rios e volunt\u00e1rios da ADRA servir pessoas que foram deslocadas \u00e0 for\u00e7a devido a conflitos e persegui\u00e7\u00f5es.<\/p>","protected":false},"author":1,"featured_media":40096,"comment_status":"open","ping_status":"open","sticky":false,"template":"","format":"standard","meta":{"_acf_changed":false,"_eb_attr":"","footnotes":""},"categories":[786,1],"tags":[1085,873,355,1137],"class_list":["post-6188","post","type-post","status-publish","format-standard","has-post-thumbnail","hentry","category-global","category-uncategorized","tag-internally-displaced-persons-idps","tag-justice-compassion-love","tag-refugees","tag-ways-to-give"],"acf":[],"_links":{"self":[{"href":"https:\/\/adra.org\/pt\/wp-json\/wp\/v2\/posts\/6188","targetHints":{"allow":["GET"]}}],"collection":[{"href":"https:\/\/adra.org\/pt\/wp-json\/wp\/v2\/posts"}],"about":[{"href":"https:\/\/adra.org\/pt\/wp-json\/wp\/v2\/types\/post"}],"author":[{"embeddable":true,"href":"https:\/\/adra.org\/pt\/wp-json\/wp\/v2\/users\/1"}],"replies":[{"embeddable":true,"href":"https:\/\/adra.org\/pt\/wp-json\/wp\/v2\/comments?post=6188"}],"version-history":[{"count":5,"href":"https:\/\/adra.org\/pt\/wp-json\/wp\/v2\/posts\/6188\/revisions"}],"predecessor-version":[{"id":48745,"href":"https:\/\/adra.org\/pt\/wp-json\/wp\/v2\/posts\/6188\/revisions\/48745"}],"wp:featuredmedia":[{"embeddable":true,"href":"https:\/\/adra.org\/pt\/wp-json\/wp\/v2\/media\/40096"}],"wp:attachment":[{"href":"https:\/\/adra.org\/pt\/wp-json\/wp\/v2\/media?parent=6188"}],"wp:term":[{"taxonomy":"category","embeddable":true,"href":"https:\/\/adra.org\/pt\/wp-json\/wp\/v2\/categories?post=6188"},{"taxonomy":"post_tag","embeddable":true,"href":"https:\/\/adra.org\/pt\/wp-json\/wp\/v2\/tags?post=6188"}],"curies":[{"name":"wp","href":"https:\/\/api.w.org\/{rel}","templated":true}]}}