{"id":575,"date":"2014-10-23T12:00:54","date_gmt":"2014-10-23T12:00:54","guid":{"rendered":"http:\/\/sparkexperience.com\/projects\/adra\/?p=575"},"modified":"2026-04-15T20:13:55","modified_gmt":"2026-04-15T20:13:55","slug":"adra-partners-usaid-food-security-program-reach-264380-people","status":"publish","type":"post","link":"https:\/\/adra.org\/pt\/adra-partners-usaid-food-security-program-reach-264380-people","title":{"rendered":"A ADRA faz parceria com a USAID no Programa de Seguran\u00e7a Alimentar para alcan\u00e7ar 264.380 pessoas"},"content":{"rendered":"<h2>\u00a0ANTANANARIVO- A Ag\u00eancia Adventista de Desenvolvimento e Assist\u00eancia (ADRA) \u00e9 uma das duas ag\u00eancias parceiras da USAID numa iniciativa de seguran\u00e7a alimentar de $75 milh\u00f5es em Madag\u00e1scar.<\/h2>\n<p>O programa quinquenal da ADRA intitulado\u00a0<em>Asotria<\/em>* Reduzir\u00e1 a vulnerabilidade e a inseguran\u00e7a alimentar dos agregados familiares e das comunidades nas regi\u00f5es de Amoron'i Mania, Haute Matsiatra e Atsimo Andrefana.<\/p>\n<p>O programa beneficiar\u00e1 diretamente 264 380 crian\u00e7as com menos de cinco anos, mulheres e homens e inclui os seguintes objectivos: melhorar a sa\u00fade e a nutri\u00e7\u00e3o, aumentar o acesso sustent\u00e1vel aos alimentos, melhorar a prepara\u00e7\u00e3o e a resposta a cat\u00e1strofes e melhorar a gest\u00e3o dos recursos naturais.<\/p>\n<p>\u201cADRA\u2019s theory of change is centered around holistic development,\u201d said Imad Madanat, vice president of programs for ADRA International.\u00a0 \u201cTo address the underlying causes of poverty and malnutrition, it is critical that we implement an integrated, multi-sectorial program.\u00a0 In keeping with ADRA&#8217;s core values, <em>Asotria<\/em> ajudar\u00e1 algumas das comunidades mais vulner\u00e1veis de Madag\u00e1scar\u201d.\u201d<\/p>\n<p>Devido \u00e0s elevadas taxas de desnutri\u00e7\u00e3o e atraso de crescimento nas crian\u00e7as com menos de cinco anos, a ADRA trabalhar\u00e1 com mulheres e crian\u00e7as para melhorar a sa\u00fade e a nutri\u00e7\u00e3o. Os grupos de mulheres ir\u00e3o ministrar educa\u00e7\u00e3o e promover a sa\u00fade materna, a amamenta\u00e7\u00e3o, o tratamento de doen\u00e7as comuns, o saneamento e a higiene.<\/p>\n<p>Additionally, farmers will receive technical assistance to sustainably increase crop yields and sales of products.\u00a0 Farmer Field Schools will introduce farmers to agricultural innovations, including drought-resistant seeds, soil management techniques, and pest control.<\/p>\n<p>Esta parceria com a USAID segue-se a uma longa lista de projectos bem sucedidos da ADRA em Madag\u00e1scar, muitos dos quais foram implementados com a ajuda da USAID.<\/p>\n<p>\u201cWe value our partnership with USAID,\u201d said Madanat.\u00a0 \u201cIt has enabled us to deliver high impact interventions and foster positive change around the world.\u201d<\/p>\n<p>*O nome significa \u2018colheita\u2019 em malgaxe<\/p>","protected":false},"excerpt":{"rendered":"<p>The five-year ADRA program titled\u00a0Asotry* will reduce vulnerability and food insecurity among households and communities in the regions of Amoron\u2019i Mania, Haute Matsiatra, and Atsimo Andrefana.<\/p>","protected":false},"author":1,"featured_media":38430,"comment_status":"open","ping_status":"open","sticky":false,"template":"","format":"standard","meta":{"_acf_changed":false,"_eb_attr":"","footnotes":""},"categories":[785,609,819,558,775,11],"tags":[996,1147,1160,500],"class_list":["post-575","post","type-post","status-publish","format-standard","has-post-thumbnail","hentry","category-africa","category-food-assistance","category-madagascar","category-nutrition","category-post-type","category-press-release","tag-advocacy","tag-farming","tag-technical-vocational-training","tag-usaid"],"acf":[],"_links":{"self":[{"href":"https:\/\/adra.org\/pt\/wp-json\/wp\/v2\/posts\/575","targetHints":{"allow":["GET"]}}],"collection":[{"href":"https:\/\/adra.org\/pt\/wp-json\/wp\/v2\/posts"}],"about":[{"href":"https:\/\/adra.org\/pt\/wp-json\/wp\/v2\/types\/post"}],"author":[{"embeddable":true,"href":"https:\/\/adra.org\/pt\/wp-json\/wp\/v2\/users\/1"}],"replies":[{"embeddable":true,"href":"https:\/\/adra.org\/pt\/wp-json\/wp\/v2\/comments?post=575"}],"version-history":[{"count":4,"href":"https:\/\/adra.org\/pt\/wp-json\/wp\/v2\/posts\/575\/revisions"}],"predecessor-version":[{"id":48401,"href":"https:\/\/adra.org\/pt\/wp-json\/wp\/v2\/posts\/575\/revisions\/48401"}],"wp:featuredmedia":[{"embeddable":true,"href":"https:\/\/adra.org\/pt\/wp-json\/wp\/v2\/media\/38430"}],"wp:attachment":[{"href":"https:\/\/adra.org\/pt\/wp-json\/wp\/v2\/media?parent=575"}],"wp:term":[{"taxonomy":"category","embeddable":true,"href":"https:\/\/adra.org\/pt\/wp-json\/wp\/v2\/categories?post=575"},{"taxonomy":"post_tag","embeddable":true,"href":"https:\/\/adra.org\/pt\/wp-json\/wp\/v2\/tags?post=575"}],"curies":[{"name":"wp","href":"https:\/\/api.w.org\/{rel}","templated":true}]}}