{"id":571,"date":"2014-10-01T12:00:56","date_gmt":"2014-10-01T12:00:56","guid":{"rendered":"http:\/\/sparkexperience.com\/projects\/adra\/?p=571"},"modified":"2026-04-15T20:17:16","modified_gmt":"2026-04-15T20:17:16","slug":"adra-presents-response-ebola-nalaa-conference","status":"publish","type":"post","link":"https:\/\/adra.org\/pt\/adra-presents-response-ebola-nalaa-conference","title":{"rendered":"ADRA apresenta resposta ao \u00c9bola na confer\u00eancia da NALAA"},"content":{"rendered":"<h2>No dia 26 de setembro, a Associa\u00e7\u00e3o Adventista da Lib\u00e9ria da Am\u00e9rica do Norte (NALAA) lan\u00e7ou a sua Quarta Conven\u00e7\u00e3o Bienal para fazer face \u00e0 propaga\u00e7\u00e3o do \u00c9bola, angariar fundos e apoiar-se mutuamente atrav\u00e9s da ora\u00e7\u00e3o.<\/h2>\n<p>\u201cViemos para nos humilharmos perante Deus\u201d, disse o orador principal, Matthew Kamara.  \u201cTemos de estender a m\u00e3o com f\u00e9.\u201d<\/p>\n<p>Como pastor da Igreja Adventista do S\u00e9timo Dia de Pilgrims, Kamara sabe o que \u00e9 a f\u00e9 - prega-a, citando textos b\u00edblicos como prova.  Mas agora, com a mulher e os dois filhos a viverem num dos piores focos de \u00c9bola, a sua pr\u00f3pria vida \u00e9 uma prova, e ele agarra-se a esses mesmos textos para se apoiar.<\/p>\n<p>\u201cPerante Deus, somos todos iguais\u201d, pregou.  \u201cN\u00e3o importa onde estejas.  N\u00e3o importa quem tu \u00e9s\u201d.\u201d<\/p>\n<p>Para muitos liberianos que sentem que a epidemia de \u00c9bola n\u00e3o est\u00e1 a ser tratada de forma adequada, esta mensagem \u00e9 reconfortante.<\/p>\n<p>\u201cO \u00c9bola na Lib\u00e9ria n\u00e3o \u00e9 um problema da Lib\u00e9ria\u201d, disse Ezax Smith, presidente da Associa\u00e7\u00e3o da Lib\u00e9ria de Maryland.  \u201c\u00c9 um problema mundial\u201d.\u201d<\/p>\n<p>\u201cEstamos em crise\u201d, acrescentou John Flomo, presidente da NALAA.  \u201cMesmo que n\u00e3o estejamos no centro das aten\u00e7\u00f5es, mesmo aqui na Am\u00e9rica, estamos em crise.\u201d<\/p>\n<p>Para combater esta crise, a Ag\u00eancia Adventista de Desenvolvimento e Recursos Assistenciais (ADRA) continua a prestar aux\u00edlio monet\u00e1rio e log\u00edstico.  David Holdsworth, Diretor Associado de Aquisi\u00e7\u00f5es de Material, falou na confer\u00eancia, descrevendo a resposta mais actualizada da ADRA ao \u00c9bola.<\/p>\n<p>\u201cFizemos uma parceria com a GlobalMedic para enviar $92.000 em equipamentos e suprimentos\u201d, disse Holdsworth.  \u201cEstamos a trabalhar com outras ag\u00eancias e com o Minist\u00e9rio da Sa\u00fade e do Bem-Estar Social da Lib\u00e9ria para prestar aux\u00edlio\u201d.\u201d<\/p>\n<p>Embora muito tenha sido feito para p\u00f4r fim ao pior surto de \u00c9bola da hist\u00f3ria, ainda h\u00e1 muito a fazer.<\/p>\n<p>\u201cO \u00e9bola n\u00e3o precisa de um visto para viajar\u201d, concluiu Kamara.  \u201cToda a gente tem de se juntar \u00e0 luta.\u201d<\/p>","protected":false},"excerpt":{"rendered":"<p>No dia 26 de setembro, a Associa\u00e7\u00e3o Adventista da Lib\u00e9ria da Am\u00e9rica do Norte (NALAA) lan\u00e7ou a sua Quarta Conven\u00e7\u00e3o Bienal para fazer face \u00e0 propaga\u00e7\u00e3o do \u00c9bola, angariar fundos e apoiar-se mutuamente atrav\u00e9s da ora\u00e7\u00e3o.<\/p>","protected":false},"author":1,"featured_media":21998,"comment_status":"open","ping_status":"open","sticky":false,"template":"","format":"standard","meta":{"_acf_changed":false,"_eb_attr":"","footnotes":""},"categories":[785,943,11],"tags":[741,1079,340,690],"class_list":["post-571","post","type-post","status-publish","format-standard","has-post-thumbnail","hentry","category-africa","category-liberia","category-press-release","tag-adventist-church","tag-crisis","tag-ebola","tag-protection"],"acf":[],"_links":{"self":[{"href":"https:\/\/adra.org\/pt\/wp-json\/wp\/v2\/posts\/571","targetHints":{"allow":["GET"]}}],"collection":[{"href":"https:\/\/adra.org\/pt\/wp-json\/wp\/v2\/posts"}],"about":[{"href":"https:\/\/adra.org\/pt\/wp-json\/wp\/v2\/types\/post"}],"author":[{"embeddable":true,"href":"https:\/\/adra.org\/pt\/wp-json\/wp\/v2\/users\/1"}],"replies":[{"embeddable":true,"href":"https:\/\/adra.org\/pt\/wp-json\/wp\/v2\/comments?post=571"}],"version-history":[{"count":2,"href":"https:\/\/adra.org\/pt\/wp-json\/wp\/v2\/posts\/571\/revisions"}],"predecessor-version":[{"id":48404,"href":"https:\/\/adra.org\/pt\/wp-json\/wp\/v2\/posts\/571\/revisions\/48404"}],"wp:featuredmedia":[{"embeddable":true,"href":"https:\/\/adra.org\/pt\/wp-json\/wp\/v2\/media\/21998"}],"wp:attachment":[{"href":"https:\/\/adra.org\/pt\/wp-json\/wp\/v2\/media?parent=571"}],"wp:term":[{"taxonomy":"category","embeddable":true,"href":"https:\/\/adra.org\/pt\/wp-json\/wp\/v2\/categories?post=571"},{"taxonomy":"post_tag","embeddable":true,"href":"https:\/\/adra.org\/pt\/wp-json\/wp\/v2\/tags?post=571"}],"curies":[{"name":"wp","href":"https:\/\/api.w.org\/{rel}","templated":true}]}}