{"id":500,"date":"2014-12-18T18:07:27","date_gmt":"2014-12-18T18:07:27","guid":{"rendered":"http:\/\/sparkexperience.com\/projects\/adra\/?post_type=stories&#038;p=500"},"modified":"2026-04-08T20:42:09","modified_gmt":"2026-04-08T20:42:09","slug":"adras-cultural-center-makes-difference-art","status":"publish","type":"post","link":"https:\/\/adra.org\/pt\/adras-cultural-center-makes-difference-art","title":{"rendered":"O Centro Cultural da ADRA faz a diferen\u00e7a atrav\u00e9s da arte"},"content":{"rendered":"<p>Samvel, de treze anos, \u00e9 um artista. Ele pinta o que v\u00ea e o quadro torna-se a cena. Pinta o que imagina, e as cores e as formas brotam do papel como l\u00edrios de um campo. Tem um olhar perspicaz e um esp\u00edrito sens\u00edvel, e toda a gente concorda: Samvel \u00e9 um artista.<\/p>\n<p>Mas Samvel \u00e9 tamb\u00e9m o mais velho de seis filhos de uma fam\u00edlia muito pobre. Ele tem um dever para com a sua fam\u00edlia que n\u00e3o pode ser suplantado pela arte.<\/p>\n<p>Por necessidade, as tarefas e o trabalho vinham sempre em primeiro lugar, deixando pouco tempo para a criatividade. Mesmo com o tempo de que dispunha, os seus poucos materiais de pintura eram velhos e gastos pelo uso. As folhas de papel eram pequenas e muitas vezes amassadas por falta de espa\u00e7o para as guardar.<\/p>\n<p>Ainda sentia a imensa inspira\u00e7\u00e3o a brotar no seu cora\u00e7\u00e3o, mas com cada vez menos tempo e recursos para a canalizar. Tamb\u00e9m reconheceu a sua necessidade de forma\u00e7\u00e3o, de algu\u00e9m que cultivasse e orientasse as suas capacidades. Sem o tempo e os recursos dedicados, ele sentia o seu talento a desvanecer-se.<\/p>\n<p>Em agosto de 2013, a ADRA implementou um centro cultural para ensinar culin\u00e1ria, tric\u00f4 e literacia inform\u00e1tica. Tamb\u00e9m ofereceram um curso de arte. Samvel inscreveu-se no programa gratuito e assistiu a todas as aulas.<\/p>\n<p>O acesso a materiais de arte era, por si s\u00f3, um sonho tornado realidade, mas o tutor de arte qualificado que fornecia orienta\u00e7\u00e3o individual era mais do que Samvel pensava ser poss\u00edvel. O seu apetite criativo tornou-se voraz, e o seu talento refinou-se e desenvolveu-se. Com um tempo de aula curto mas concentrado, Samvel conseguiu equilibrar os deveres familiares e a sua paix\u00e3o pela arte.<\/p>\n<p>As aulas acabaram inevitavelmente e Samvel n\u00e3o tinha dinheiro para melhorar as suas capacidades num instituto de arte, mas a sua criatividade reacendeu-se. Embora a sua fam\u00edlia continue a ser pobre e os seus materiais de arte ainda sejam escassos, Samvel comprometeu-se a criar arte sempre que poss\u00edvel. Agora, o seu tempo livre, raro como \u00e9, \u00e9 uma oportunidade para desfrutar e melhorar a sua paix\u00e3o pela arte. E por isso, Samvel est\u00e1 grato.<\/p>\n\n\n<p><\/p>","protected":false},"excerpt":{"rendered":"<p>Samvel, de treze anos, \u00e9 um artista. Ele pinta o que v\u00ea e o quadro torna-se a cena. Pinta o que imagina, e as cores e as formas brotam do papel como l\u00edrios de um campo. Tem um olhar perspicaz e um esp\u00edrito sens\u00edvel, e toda a gente concorda: Samvel \u00e9 um artista.<\/p>","protected":false},"author":1,"featured_media":27874,"comment_status":"closed","ping_status":"closed","sticky":false,"template":"","format":"standard","meta":{"_acf_changed":false,"_eb_attr":"","footnotes":""},"categories":[615,594],"tags":[996,873,1160],"class_list":["post-500","post","type-post","status-publish","format-standard","has-post-thumbnail","hentry","category-blog","category-education","tag-advocacy","tag-justice-compassion-love","tag-technical-vocational-training"],"acf":[],"_links":{"self":[{"href":"https:\/\/adra.org\/pt\/wp-json\/wp\/v2\/posts\/500","targetHints":{"allow":["GET"]}}],"collection":[{"href":"https:\/\/adra.org\/pt\/wp-json\/wp\/v2\/posts"}],"about":[{"href":"https:\/\/adra.org\/pt\/wp-json\/wp\/v2\/types\/post"}],"author":[{"embeddable":true,"href":"https:\/\/adra.org\/pt\/wp-json\/wp\/v2\/users\/1"}],"replies":[{"embeddable":true,"href":"https:\/\/adra.org\/pt\/wp-json\/wp\/v2\/comments?post=500"}],"version-history":[{"count":4,"href":"https:\/\/adra.org\/pt\/wp-json\/wp\/v2\/posts\/500\/revisions"}],"predecessor-version":[{"id":47583,"href":"https:\/\/adra.org\/pt\/wp-json\/wp\/v2\/posts\/500\/revisions\/47583"}],"wp:featuredmedia":[{"embeddable":true,"href":"https:\/\/adra.org\/pt\/wp-json\/wp\/v2\/media\/27874"}],"wp:attachment":[{"href":"https:\/\/adra.org\/pt\/wp-json\/wp\/v2\/media?parent=500"}],"wp:term":[{"taxonomy":"category","embeddable":true,"href":"https:\/\/adra.org\/pt\/wp-json\/wp\/v2\/categories?post=500"},{"taxonomy":"post_tag","embeddable":true,"href":"https:\/\/adra.org\/pt\/wp-json\/wp\/v2\/tags?post=500"}],"curies":[{"name":"wp","href":"https:\/\/api.w.org\/{rel}","templated":true}]}}