{"id":4300,"date":"2015-11-30T18:30:25","date_gmt":"2015-11-30T18:30:25","guid":{"rendered":"https:\/\/adra.org\/?p=4300"},"modified":"2026-04-15T14:41:41","modified_gmt":"2026-04-15T14:41:41","slug":"serbia-refugee-provides-needs-survival","status":"publish","type":"post","link":"https:\/\/adra.org\/pt\/serbia-refugee-provides-needs-survival","title":{"rendered":"S\u00e9rvia: O Centro de Refugiados da ADRA fornece as necessidades essenciais para a sobreviv\u00eancia"},"content":{"rendered":"<p>Com um m\u00eas de idade, Qamar n\u00e3o tem um s\u00edtio a que chamar casa. Os seus pais, Mustafa e Hala, s\u00e3o refugiados que fugiram da S\u00edria para escapar \u00e0 viol\u00eancia crescente e \u00e0 amea\u00e7a de terror que os rodeava.<\/p>\n<p>Deixaram a sua casa em Damasco dois meses antes de os conhecermos. Hala deu \u00e0 luz o belo Qamar enquanto se afastavam de casa.<\/p>\n<p>Na S\u00e9rvia, a ADRA iniciou com \u00eaxito um centro de refugiados que fornece recursos essenciais para ligar os refugiados \u00e0 informa\u00e7\u00e3o e aos servi\u00e7os locais de que necessitam para viajar em seguran\u00e7a e para se manterem em contacto com aqueles de quem gostam. Este centro, tal como outras equipas da ADRA que trabalham com refugiados nesta crise, tamb\u00e9m fornece roupas quentes de inverno e artigos essenciais para beb\u00e9s.<\/p>\n<p>Com a aproxima\u00e7\u00e3o do inverno, Mustafa e Hala recorreram \u00e0 ADRA para obterem roupas quentes para o pequeno Qamar e para eles pr\u00f3prios, antes de continuarem a sua viagem para encontrarem um local seguro para se instalarem.<\/p>\n<p>Centenas de milhares de outros refugiados em toda a Europa est\u00e3o a enfrentar o frio intenso sem nada mais do que aquilo que traziam \u00e0s costas quando deixaram climas mais quentes h\u00e1 semanas e meses. A ADRA est\u00e1 a tentar chegar ao maior n\u00famero poss\u00edvel de pessoas.<\/p>","protected":false},"excerpt":{"rendered":"<p>Com um m\u00eas de idade, Qamar n\u00e3o tem um s\u00edtio a que chamar casa. Os seus pais, Mustafa e Hala, s\u00e3o refugiados que fugiram da S\u00edria para escapar \u00e0 viol\u00eancia crescente e \u00e0 amea\u00e7a de terror que os rodeava.<\/p>","protected":false},"author":1,"featured_media":27874,"comment_status":"open","ping_status":"open","sticky":false,"template":"","format":"standard","meta":{"_acf_changed":false,"_eb_attr":"","footnotes":""},"categories":[615,590,799,968],"tags":[1079,8,1023,690,355],"class_list":["post-4300","post","type-post","status-publish","format-standard","has-post-thumbnail","hentry","category-blog","category-emergency","category-europe","category-serbia","tag-crisis","tag-emergency-response","tag-non-food-items-nfis","tag-protection","tag-refugees"],"acf":[],"_links":{"self":[{"href":"https:\/\/adra.org\/pt\/wp-json\/wp\/v2\/posts\/4300","targetHints":{"allow":["GET"]}}],"collection":[{"href":"https:\/\/adra.org\/pt\/wp-json\/wp\/v2\/posts"}],"about":[{"href":"https:\/\/adra.org\/pt\/wp-json\/wp\/v2\/types\/post"}],"author":[{"embeddable":true,"href":"https:\/\/adra.org\/pt\/wp-json\/wp\/v2\/users\/1"}],"replies":[{"embeddable":true,"href":"https:\/\/adra.org\/pt\/wp-json\/wp\/v2\/comments?post=4300"}],"version-history":[{"count":4,"href":"https:\/\/adra.org\/pt\/wp-json\/wp\/v2\/posts\/4300\/revisions"}],"predecessor-version":[{"id":48332,"href":"https:\/\/adra.org\/pt\/wp-json\/wp\/v2\/posts\/4300\/revisions\/48332"}],"wp:featuredmedia":[{"embeddable":true,"href":"https:\/\/adra.org\/pt\/wp-json\/wp\/v2\/media\/27874"}],"wp:attachment":[{"href":"https:\/\/adra.org\/pt\/wp-json\/wp\/v2\/media?parent=4300"}],"wp:term":[{"taxonomy":"category","embeddable":true,"href":"https:\/\/adra.org\/pt\/wp-json\/wp\/v2\/categories?post=4300"},{"taxonomy":"post_tag","embeddable":true,"href":"https:\/\/adra.org\/pt\/wp-json\/wp\/v2\/tags?post=4300"}],"curies":[{"name":"wp","href":"https:\/\/api.w.org\/{rel}","templated":true}]}}