{"id":4210,"date":"2015-10-30T15:52:36","date_gmt":"2015-10-30T15:52:36","guid":{"rendered":"https:\/\/adra.org\/?p=4210"},"modified":"2026-04-15T14:49:12","modified_gmt":"2026-04-15T14:49:12","slug":"european-refugee-crisis-slovenia-and-no-mans-land","status":"publish","type":"post","link":"https:\/\/adra.org\/pt\/european-refugee-crisis-slovenia-and-no-mans-land","title":{"rendered":"Crise europeia dos refugiados: A Eslov\u00e9nia e a terra de ningu\u00e9m"},"content":{"rendered":"<h2>A No-Man&#8217;s land exists where refugees leaving Croatia must wait before they can enter Slovenia. Sometimes hours turn\u00a0into overnight, leaving\u00a0refugees hungry and cold.<\/h2>\n<p>A ADRA Eslov\u00e9nia montou abrigos tempor\u00e1rios para que os refugiados possam descansar e tamb\u00e9m preparou comida que est\u00e1 dispon\u00edvel para todos. Esta \u00e9 a primeira refei\u00e7\u00e3o em muito tempo para muitas das fam\u00edlias exaustas.<\/p>\n<p>Slovenian staff and volunteers are also actively\u00a0distributing much-needed basic items\u00a0that have been donated from local residents. Everything from food, clothing, and hygiene items to sleeping bags and tents is collected and then shared with\u00a0refugees at border entry points before the registration areas.<\/p>\n<p>As well as implementing their own projects, ADRA Slovenia is an active donor office, providing financial support to Greece, Serbia, and Italy at present.<\/p>\n<p><em>Your urgent support is needed now to reach refugees and others in need. Thank you for your prayers and your contributions.<\/em><\/p>","protected":false},"excerpt":{"rendered":"<p>A ADRA Eslov\u00e9nia montou abrigos tempor\u00e1rios para que os refugiados possam descansar e tamb\u00e9m preparou comida que est\u00e1 dispon\u00edvel para todos. Esta \u00e9 a primeira refei\u00e7\u00e3o em muito tempo para muitas das fam\u00edlias exaustas.<\/p>","protected":false},"author":1,"featured_media":28052,"comment_status":"open","ping_status":"open","sticky":false,"template":"","format":"standard","meta":{"_acf_changed":false,"_eb_attr":"","footnotes":""},"categories":[590,799,609,972],"tags":[1079,363,355,1137],"class_list":["post-4210","post","type-post","status-publish","format-standard","has-post-thumbnail","hentry","category-emergency","category-europe","category-food-assistance","category-slovenia","tag-crisis","tag-eu-refugee-crisis","tag-refugees","tag-ways-to-give"],"acf":[],"_links":{"self":[{"href":"https:\/\/adra.org\/pt\/wp-json\/wp\/v2\/posts\/4210","targetHints":{"allow":["GET"]}}],"collection":[{"href":"https:\/\/adra.org\/pt\/wp-json\/wp\/v2\/posts"}],"about":[{"href":"https:\/\/adra.org\/pt\/wp-json\/wp\/v2\/types\/post"}],"author":[{"embeddable":true,"href":"https:\/\/adra.org\/pt\/wp-json\/wp\/v2\/users\/1"}],"replies":[{"embeddable":true,"href":"https:\/\/adra.org\/pt\/wp-json\/wp\/v2\/comments?post=4210"}],"version-history":[{"count":4,"href":"https:\/\/adra.org\/pt\/wp-json\/wp\/v2\/posts\/4210\/revisions"}],"predecessor-version":[{"id":48339,"href":"https:\/\/adra.org\/pt\/wp-json\/wp\/v2\/posts\/4210\/revisions\/48339"}],"wp:featuredmedia":[{"embeddable":true,"href":"https:\/\/adra.org\/pt\/wp-json\/wp\/v2\/media\/28052"}],"wp:attachment":[{"href":"https:\/\/adra.org\/pt\/wp-json\/wp\/v2\/media?parent=4210"}],"wp:term":[{"taxonomy":"category","embeddable":true,"href":"https:\/\/adra.org\/pt\/wp-json\/wp\/v2\/categories?post=4210"},{"taxonomy":"post_tag","embeddable":true,"href":"https:\/\/adra.org\/pt\/wp-json\/wp\/v2\/tags?post=4210"}],"curies":[{"name":"wp","href":"https:\/\/api.w.org\/{rel}","templated":true}]}}