{"id":40216,"date":"2020-06-03T08:31:00","date_gmt":"2020-06-03T08:31:00","guid":{"rendered":"https:\/\/adra.org\/?p=40216"},"modified":"2026-03-30T21:37:48","modified_gmt":"2026-03-30T21:37:48","slug":"denouncingracialinequality","status":"publish","type":"post","link":"https:\/\/adra.org\/pt\/denouncingracialinequality","title":{"rendered":"Denunciar a desigualdade racial nos Estados Unidos"},"content":{"rendered":"<p>A Ag\u00eancia Adventista de Desenvolvimento e Assist\u00eancia est\u00e1 imersa na vida de pessoas vulner\u00e1veis em todo o mundo. Temos visto fam\u00edlias a fugir do genoc\u00eddio em Myanmar, raparigas for\u00e7adas a casar cedo no Uganda, crian\u00e7as a morrer \u00e0 fome em Madag\u00e1scar, comunidades pobres desesperadas por esperan\u00e7a na S\u00edria e bairros inteiros arrasados nas Bahamas.<\/p>\n\n\n\n<p>Durante mais de 30 anos, vimos - e lut\u00e1mos para mudar - a desigualdade, a pobreza, a fome e o desespero em mais de 100 pa\u00edses em desenvolvimento em todo o mundo.<\/p>\n\n\n\n<p>A desigualdade e o desespero n\u00e3o s\u00e3o end\u00e9micos apenas do mundo em desenvolvimento, e n\u00f3s, na ADRA, n\u00e3o podemos continuar a abordar a injusti\u00e7a a n\u00edvel mundial sem reconhecer a injusti\u00e7a aqui, onde residimos, nos Estados Unidos.<\/p>\n\n\n\n<p>George Floyd n\u00e3o merecia morrer. Ahmaud Arbery n\u00e3o merecia morrer. Breonna Taylor n\u00e3o merecia morrer. Estas vidas preciosas s\u00e3o as v\u00edtimas mais recentes de uma heran\u00e7a nacional de racismo e viol\u00eancia, contra eles ou em resposta a eles, que j\u00e1 ceifou mais vidas afro-americanas do que se pode contar. Temos de fazer tudo o que estiver ao nosso alcance para garantir que esta heran\u00e7a de desigualdade racial chegue a um fim definitivo enquanto aguardamos o regresso de Cristo.<\/p>\n\n\n\n<p>Os Estados Unidos foram fundados com base em cren\u00e7as crist\u00e3s mas constru\u00eddos \u00e0 custa de escravos. Este paradoxo envergonha-nos at\u00e9 hoje e envergonha todos os que n\u00e3o se pronunciam em nome da igualdade e da justi\u00e7a.<\/p>\n\n\n\n<p>N\u00f3s, na ADRA, exortamos todos os que se dizem crist\u00e3os a levar a s\u00e9rio e a refletir sobre as palavras de 1 Cor\u00edntios 12:26: \u201cSe uma parte sofre, todas as partes sofrem com ela.\u201d<\/p>\n\n\n\n<p>Quando os nossos semelhantes sofrem, n\u00f3s, na ADRA, sofremos. Sofremos independentemente de quem s\u00e3o. Sofremos quando algu\u00e9m \u00e9 discriminado por causa da cor da sua pele. Sofremos porque cada vida humana \u00e9 feita \u00e0 imagem de Deus.<\/p>\n\n\n\n<p>\u00c9 por isso que \u00e9 t\u00e3o importante vivermos de acordo com as palavras de Jesus: \u201cComo eu vos amei, assim tamb\u00e9m v\u00f3s deveis amar-vos uns aos outros\u201d. (Jo\u00e3o 13:34)<\/p>\n\n\n\n<p>Como bra\u00e7o humanit\u00e1rio da f\u00e9 crist\u00e3 mais etnicamente diversificada dos Estados Unidos, \u00e9 nosso privil\u00e9gio servir para que todas as pessoas possam viver como Deus pretende. \u00c9 uma honra para n\u00f3s sermos as m\u00e3os e os p\u00e9s de Jesus num mundo em sofrimento. \u00c9 nossa responsabilidade ser a voz da justi\u00e7a, da compaix\u00e3o e do amor.<\/p>\n\n\n\n<p>A \u00faltima metade de 1 Cor\u00edntios 12:26 diz: \u201cse uma parte \u00e9 honrada, todas as partes se alegram com ela\u201d. Agora n\u00e3o \u00e9 tempo de nos alegrarmos, mas sim de lamentarmos e de falarmos contra a injusti\u00e7a que nos faz lamentar.<\/p>\n\n\n\n<p>Rezamos para que se juntem a n\u00f3s na den\u00fancia da injusti\u00e7a, enquanto nos esfor\u00e7amos por tomar medidas contra ela. At\u00e9 que todos sejam honrados de forma igual, ningu\u00e9m na Am\u00e9rica pode regozijar-se.<\/p>\n\n\n\n<p>Estou do vosso lado,<\/p>\n\n\n\n<p>Michael Kruger<\/p>\n\n\n\n<p>Presidente<\/p>\n\n\n\n<p>ADRA<\/p>","protected":false},"excerpt":{"rendered":"<p>A Ag\u00eancia Adventista de Desenvolvimento e Assist\u00eancia est\u00e1 imersa na vida de pessoas vulner\u00e1veis em todo o mundo. <\/p>","protected":false},"author":5,"featured_media":38831,"comment_status":"closed","ping_status":"closed","sticky":false,"template":"","format":"standard","meta":{"_acf_changed":false,"_eb_attr":"","footnotes":""},"categories":[783,617,792],"tags":[873,690,1159,301],"class_list":["post-40216","post","type-post","status-publish","format-standard","has-post-thumbnail","hentry","category-north-america","category-statement","category-united-states","tag-justice-compassion-love","tag-protection","tag-social-behavior-change","tag-social-justice"],"acf":[],"_links":{"self":[{"href":"https:\/\/adra.org\/pt\/wp-json\/wp\/v2\/posts\/40216","targetHints":{"allow":["GET"]}}],"collection":[{"href":"https:\/\/adra.org\/pt\/wp-json\/wp\/v2\/posts"}],"about":[{"href":"https:\/\/adra.org\/pt\/wp-json\/wp\/v2\/types\/post"}],"author":[{"embeddable":true,"href":"https:\/\/adra.org\/pt\/wp-json\/wp\/v2\/users\/5"}],"replies":[{"embeddable":true,"href":"https:\/\/adra.org\/pt\/wp-json\/wp\/v2\/comments?post=40216"}],"version-history":[{"count":3,"href":"https:\/\/adra.org\/pt\/wp-json\/wp\/v2\/posts\/40216\/revisions"}],"predecessor-version":[{"id":48077,"href":"https:\/\/adra.org\/pt\/wp-json\/wp\/v2\/posts\/40216\/revisions\/48077"}],"wp:featuredmedia":[{"embeddable":true,"href":"https:\/\/adra.org\/pt\/wp-json\/wp\/v2\/media\/38831"}],"wp:attachment":[{"href":"https:\/\/adra.org\/pt\/wp-json\/wp\/v2\/media?parent=40216"}],"wp:term":[{"taxonomy":"category","embeddable":true,"href":"https:\/\/adra.org\/pt\/wp-json\/wp\/v2\/categories?post=40216"},{"taxonomy":"post_tag","embeddable":true,"href":"https:\/\/adra.org\/pt\/wp-json\/wp\/v2\/tags?post=40216"}],"curies":[{"name":"wp","href":"https:\/\/api.w.org\/{rel}","templated":true}]}}