{"id":3907,"date":"2015-10-13T22:00:29","date_gmt":"2015-10-13T22:00:29","guid":{"rendered":"https:\/\/adra.org\/?p=3907"},"modified":"2026-04-15T16:15:50","modified_gmt":"2026-04-15T16:15:50","slug":"adra-position-on-refugee-crisis","status":"publish","type":"post","link":"https:\/\/adra.org\/pt\/adra-position-on-refugee-crisis","title":{"rendered":"Posi\u00e7\u00e3o da ADRA sobre a crise dos refugiados"},"content":{"rendered":"<h2>A ADRA apela a uma resposta humana \u00e0 crise dos refugiados na Europa<\/h2>\n<p>Silver Spring, Md.- A Ag\u00eancia Adventista de Desenvolvimento e Assist\u00eancia (ADRA) divulgou hoje a sua declara\u00e7\u00e3o de posi\u00e7\u00e3o oficial sobre a crise dos refugiados na Europa. No ano passado, o Alto Comissariado das Na\u00e7\u00f5es Unidas para os Refugiados disse que a guerra da S\u00edria tinha desencadeado a \u201cmaior emerg\u00eancia humanit\u00e1ria da nossa era\u201d. Desde o ano passado, as Na\u00e7\u00f5es Unidas referem que quase metade dos s\u00edrios foram for\u00e7ados a abandonar as suas casas desde o in\u00edcio do conflito, em 2011, e cerca de 3 milh\u00f5es fugiram do pa\u00eds.<\/p>\n<p>Este ano, os refugiados da S\u00edria e de outros pa\u00edses est\u00e3o a chegar \u00e0 Europa em n\u00famero ainda maior.  Muitos destes refugiados s\u00e3o fam\u00edlias que chegam com pouco mais do que a roupa do corpo. A ADRA, atrav\u00e9s dos seus escrit\u00f3rios europeus, est\u00e1 a ajudar a responder \u00e0s necessidades imediatas dos refugiados, fornecendo informa\u00e7\u00f5es, alimentos, vestu\u00e1rio, abrigo e cuidados m\u00e9dicos.<\/p>\n<p>Enquanto organiza\u00e7\u00e3o humanit\u00e1ria internacional, a ADRA manifestou a sua solidariedade para com os refugiados, apelando a uma resposta compassiva e humana \u00e0 crise.<\/p>\n<p>A declara\u00e7\u00e3o completa est\u00e1 inclu\u00edda abaixo.<\/p>\n<hr \/>\n<h3 style=\"text-align: center;\"><strong>Declara\u00e7\u00e3o da ADRA sobre a crise dos refugiados na Europa<\/strong><\/h3>\n<p>Com milhares de refugiados a chegarem todos os dias \u00e0 Europa, reconhecemos que est\u00e3o a ser identificadas novas dificuldades e que as tens\u00f5es est\u00e3o a aumentar. Apelamos a uma solu\u00e7\u00e3o pol\u00edtica para os problemas enfrentados pelas fam\u00edlias deslocadas - os nossos dirigentes devem assumir as suas responsabilidades e tomar as decis\u00f5es necess\u00e1rias para proteger todos os envolvidos.<\/p>\n<p>Ao mesmo tempo, apelamos \u00e0 popula\u00e7\u00e3o local para que trate os refugiados nas suas comunidades como eles pr\u00f3prios gostariam de ser tratados. A press\u00e3o desta crise sobre todos \u00e9 claramente evidente, mas o mundo est\u00e1 a ver fam\u00edlias vulner\u00e1veis a serem alvo de protestos, abusos e explora\u00e7\u00e3o.<\/p>\n<p>Ao fazer dos direitos humanos dos refugiados uma prioridade, tanto os pol\u00edticos como os cidad\u00e3os t\u00eam de reconhecer que o tratamento das pessoas deslocadas n\u00e3o deve ser definido pelas fronteiras f\u00edsicas que s\u00e3o obrigadas a atravessar, nem pelas identidades religiosas e culturais que cada um carrega consigo.<\/p>\n<p>Com at\u00e9 84% de pessoas deslocadas no \u00e2mbito desta crise origin\u00e1rias dos principais pa\u00edses produtores de refugiados (ACNUR, 2015), esta \u00e9 uma crise de refugiados e deve ser tratada como tal. Esperamos que os povos da Europa, os nossos governos e organiza\u00e7\u00f5es respeitem a humanidade de cada pessoa e a tratem com dignidade. Esperamos um tratamento humano, instala\u00e7\u00f5es higi\u00e9nicas e seguras, cuidados m\u00e9dicos conforme necess\u00e1rio e o respeito pelos direitos humanos b\u00e1sicos.<\/p>\n<p>Pedimos que seja dada cada vez mais prioridade ao fornecimento aos refugiados n\u00e3o s\u00f3 de alimentos e abrigo, mas tamb\u00e9m de assist\u00eancia lingu\u00edstica, media\u00e7\u00e3o e comunica\u00e7\u00e3o com as institui\u00e7\u00f5es, acesso aos servi\u00e7os dispon\u00edveis e apoio psicossocial.<\/p>\n<p>Outro elemento fundamental para cuidar das pessoas no meio desta emerg\u00eancia crescente \u00e9 a prote\u00e7\u00e3o. O esfor\u00e7o f\u00edsico da desloca\u00e7\u00e3o n\u00e3o \u00e9 nada comparado com o sofrimento que muitas destas pessoas vulner\u00e1veis est\u00e3o a enfrentar. As pol\u00edticas e os funcion\u00e1rios do governo devem dar prioridade \u00e0 seguran\u00e7a e dar o exemplo de tratamento.<\/p>\n<p>Quando os refugiados v\u00eaem negados os seus direitos b\u00e1sicos, n\u00e3o s\u00e3o os \u00fanicos a pagar um pre\u00e7o. Neste momento, os olhos do mundo est\u00e3o postos na Europa, mas esta \u00e9 uma crise global e todas as decis\u00f5es enfrentam um escrut\u00ednio intenso. Respeitar os direitos humanos e atuar com compaix\u00e3o envia uma mensagem clara de for\u00e7a durante esta situa\u00e7\u00e3o complicada e fr\u00e1gil.<\/p>\n<p>A ADRA est\u00e1 unida em prol da prote\u00e7\u00e3o e dos direitos dos refugiados. Reconhecemos a humanidade desta crise, bem como o valor de cada indiv\u00edduo envolvido. Estamos empenhados em diminuir o impacto de uma situa\u00e7\u00e3o esmagadora e insuport\u00e1vel no maior n\u00famero poss\u00edvel de homens, mulheres e crian\u00e7as. Exortamo-vos a fazer tudo o que estiver ao vosso alcance para proteger os direitos e fazer respeitar a prote\u00e7\u00e3o dos refugiados dentro das vossas fronteiras.<\/p>\n<p><strong>Sobre a ADRA<\/strong><br \/>\nA Ag\u00eancia Adventista de Desenvolvimento e Assist\u00eancia (ADRA) Internacional \u00e9 o bra\u00e7o humanit\u00e1rio da Igreja Adventista do S\u00e9timo Dia. O seu trabalho fortalece as comunidades e muda vidas em todo o mundo, proporcionando desenvolvimento comunit\u00e1rio sustent\u00e1vel e ajuda em caso de cat\u00e1strofe. Para mais informa\u00e7\u00f5es, visite ADRA.org.<\/p>","protected":false},"excerpt":{"rendered":"<p>A Ag\u00eancia Adventista de Desenvolvimento e Assist\u00eancia (ADRA) divulgou hoje a sua declara\u00e7\u00e3o de posi\u00e7\u00e3o oficial sobre a crise dos refugiados na Europa<\/p>","protected":false},"author":1,"featured_media":18602,"comment_status":"open","ping_status":"open","sticky":false,"template":"","format":"standard","meta":{"_acf_changed":false,"_eb_attr":"","footnotes":""},"categories":[799,609,784,11,812],"tags":[6,8,363,1173,1069,1023,355],"class_list":["post-3907","post","type-post","status-publish","format-standard","has-post-thumbnail","hentry","category-europe","category-food-assistance","category-middle-east-north-africa","category-press-release","category-syria","tag-disaster-relief","tag-emergency-response","tag-eu-refugee-crisis","tag-food-distribution","tag-humanitarian-aid","tag-non-food-items-nfis","tag-refugees"],"acf":[],"_links":{"self":[{"href":"https:\/\/adra.org\/pt\/wp-json\/wp\/v2\/posts\/3907","targetHints":{"allow":["GET"]}}],"collection":[{"href":"https:\/\/adra.org\/pt\/wp-json\/wp\/v2\/posts"}],"about":[{"href":"https:\/\/adra.org\/pt\/wp-json\/wp\/v2\/types\/post"}],"author":[{"embeddable":true,"href":"https:\/\/adra.org\/pt\/wp-json\/wp\/v2\/users\/1"}],"replies":[{"embeddable":true,"href":"https:\/\/adra.org\/pt\/wp-json\/wp\/v2\/comments?post=3907"}],"version-history":[{"count":5,"href":"https:\/\/adra.org\/pt\/wp-json\/wp\/v2\/posts\/3907\/revisions"}],"predecessor-version":[{"id":48347,"href":"https:\/\/adra.org\/pt\/wp-json\/wp\/v2\/posts\/3907\/revisions\/48347"}],"wp:featuredmedia":[{"embeddable":true,"href":"https:\/\/adra.org\/pt\/wp-json\/wp\/v2\/media\/18602"}],"wp:attachment":[{"href":"https:\/\/adra.org\/pt\/wp-json\/wp\/v2\/media?parent=3907"}],"wp:term":[{"taxonomy":"category","embeddable":true,"href":"https:\/\/adra.org\/pt\/wp-json\/wp\/v2\/categories?post=3907"},{"taxonomy":"post_tag","embeddable":true,"href":"https:\/\/adra.org\/pt\/wp-json\/wp\/v2\/tags?post=3907"}],"curies":[{"name":"wp","href":"https:\/\/api.w.org\/{rel}","templated":true}]}}