{"id":37062,"date":"2024-11-21T13:09:04","date_gmt":"2024-11-21T13:09:04","guid":{"rendered":"https:\/\/adra.org\/?p=37062"},"modified":"2026-03-10T20:50:29","modified_gmt":"2026-03-10T20:50:29","slug":"from-california-to-peru-a-journey-of-faith-and-service","status":"publish","type":"post","link":"https:\/\/adra.org\/pt\/from-california-to-peru-a-journey-of-faith-and-service","title":{"rendered":"Da Calif\u00f3rnia ao Peru: Uma viagem de f\u00e9 e servi\u00e7o"},"content":{"rendered":"<p>O que inspira uma jovem quiropr\u00e1tica a deixar o conforto do sul da Calif\u00f3rnia, a afastar-se das conveni\u00eancias dos tempos modernos e a viajar para o Peru no meio do inverno para construir casas para os necessitados? Para Angelene Rivera, a resposta estava num chamamento divino que n\u00e3o podia ignorar.<\/p>\n\n\n\n<p>Quando Angelene ouviu falar pela primeira vez da Confer\u00eancia do Sul da Calif\u00f3rnia (SCC) que estava a organizar uma viagem da ADRA Connections ao Peru, a sua rea\u00e7\u00e3o inicial foi firme: ela n\u00e3o ia. Ela j\u00e1 tinha estado no Peru e teve uma experi\u00eancia intensa que a deixou com a sensa\u00e7\u00e3o de que o cap\u00edtulo estava encerrado. O Peru era uma marca de verifica\u00e7\u00e3o na sua lista de desejos - at\u00e9 que Deus tinha outros planos.<\/p>\n\n\n\n<p>Anos antes, durante a sua primeira visita ao Peru, Angelene teve um encontro espiritual que nunca esqueceria. Na noite anterior \u00e0 visita a Machu Picchu, ela teve um sonho v\u00edvido e perturbador. Viu crian\u00e7as a brincar com uma bola de borracha, sentiu a textura da terra por baixo delas e depois testemunhou um ataque s\u00fabito de um inimigo invis\u00edvel. O sonho deixou-a ansiosa e com medo. No entanto, depois de orar por clareza e paz, ela sentiu a seguran\u00e7a de Deus e caiu num sono profundo.<\/p>\n\n\n\n<p>Agora, anos mais tarde, o pensamento de regressar ao Peru ressurgiu e, por muito que resistisse, o Esp\u00edrito Santo come\u00e7ou a trabalhar no seu cora\u00e7\u00e3o. Angelene sentiu um apelo persistente de Deus: \u201cQuero-te no Peru\u201d. Encorajada pelo seu pastor e amigos, e apoiada por um membro generoso da igreja que financiou a sua viagem e um donativo \u00e0 ADRA, Angelene j\u00e1 n\u00e3o podia negar a atra\u00e7\u00e3o. Quando chegou, ouviu a voz de Deus a afirmar: \u201cEst\u00e1s destinada a estar aqui. Vais encontrar a tua mensagem\u201d.\u201d<\/p>\n\n\n\n<p><strong>Uma miss\u00e3o reacendida<\/strong><\/p>\n\n\n\n<p>Angelene apercebeu-se de que Deus a tinha levado de volta ao lugar onde O tinha encontrado pela primeira vez. \u201c\u00c9 aqui que preciso de estar neste momento\u201d, reflectiu. \u201cHavia uma sensa\u00e7\u00e3o de paz, al\u00edvio e confian\u00e7a de que tudo ia dar certo - e de ter o grupo comigo. N\u00e3o poderia ter sido melhor. Saber que tinha uma fam\u00edlia da igreja que me apoiava.\u201d<\/p>\n\n\n\n<p>Quando Angelene come\u00e7ou a trabalhar no projeto Warm Homes da ADRA, testemunhou em primeira m\u00e3o como os seus esfor\u00e7os transformavam vidas na comunidade. A experi\u00eancia comoveu-a profundamente e, \u00e0 medida que entregava o seu cora\u00e7\u00e3o \u00e0 miss\u00e3o, sentiu que a sua liga\u00e7\u00e3o com Deus se tornava mais forte. Inesperadamente, Angelene sentiu uma forte convic\u00e7\u00e3o: queria ser baptizada no Peru.<\/p>\n\n\n\n<p>No in\u00edcio, tentou afastar a ideia, mas o sentimento s\u00f3 crescia. Finalmente, aproximou-se do seu pastor com as suas esperan\u00e7as. \u201cH\u00e1 uma raz\u00e3o para eu estar aqui de novo\u201d, disse-lhe ela. \u201cN\u00e3o \u00e9 apenas esta viagem mission\u00e1ria - h\u00e1 algo mais\u201d.\u201d<\/p>\n\n\n\n<p>Para o seu pastor, Christian Botello, este desejo de ser baptizada surgiu do nada, apesar de Angelene ter falado mais em aproximar-se de Deus e dedicar-Lhe os seus talentos. \u201cQuando ela esteve no Peru, ouviu Deus dizer-lhe: \u2018Quero que dediques os teus dons e talentos a Mim\u2019\u201d, disse o Pastor Christian. \u201cEnt\u00e3o ela ouviu esse chamado e sentiu essa convic\u00e7\u00e3o. Ela continuou a orar e a lutar com isso, e aqui estava ela, 8 anos depois, de volta ao Peru, com essa convic\u00e7\u00e3o e esses sentimentos novamente.\u201d<\/p>\n\n\n\n<p>junho no Peru \u00e9 inverno, e o rio que corre ao lado do acampamento da ADRA em Chuquicahuana - no alto dos Andes - estava muito frio. Apesar das condi\u00e7\u00f5es, as equipas da ADRA Connections e da ADRA Peru trabalharam em conjunto para criar uma forma segura e significativa de Angelene ser baptizada.<\/p>\n\n\n\n<figure class=\"wp-block-image size-large\"><img fetchpriority=\"high\" decoding=\"async\" width=\"768\" height=\"1024\" src=\"https:\/\/adra.org\/wp-content\/uploads\/2024\/11\/Angelene-Pastors-Hugging-768x1024.jpg\" alt=\"\" class=\"wp-image-37060\" srcset=\"https:\/\/adra.org\/wp-content\/uploads\/2024\/11\/Angelene-Pastors-Hugging-768x1024.jpg 768w, https:\/\/adra.org\/wp-content\/uploads\/2024\/11\/Angelene-Pastors-Hugging-225x300.jpg 225w, https:\/\/adra.org\/wp-content\/uploads\/2024\/11\/Angelene-Pastors-Hugging-1152x1536.jpg 1152w, https:\/\/adra.org\/wp-content\/uploads\/2024\/11\/Angelene-Pastors-Hugging-1536x2048.jpg 1536w, https:\/\/adra.org\/wp-content\/uploads\/2024\/11\/Angelene-Pastors-Hugging-scaled.jpg 1920w\" sizes=\"(max-width: 768px) 100vw, 768px\" \/><\/figure>\n\n\n\n<p>O Diretor de Liga\u00e7\u00f5es da ADRA, Adam Wamack, quando soube do batismo, pensou pela primeira vez na seguran\u00e7a da Angelene. \u201cTr\u00eas pastores e eu fomos at\u00e9 ao rio e pesquis\u00e1mos o que \u00edamos fazer. Eu tinha tudo preparado para a seguran\u00e7a f\u00edsica dela - at\u00e9 t\u00ednhamos observadores no rio\u201d. Adam certificou-se de que havia fogueiras acesas e toalhas secas dispon\u00edveis no momento em que ela sa\u00edsse do rio.&nbsp;<\/p>\n\n\n\n<p>No entanto, o ponto alto foi contar a todos na noite anterior sobre o batismo que se aproximava. \u201cFoi um grande momento quando anunci\u00e1mos que ela ia ser baptizada\u201d, disse Adam. \u201cHouve uma explos\u00e3o de alegria e felicita\u00e7\u00f5es. Foi uma festa de boas-vindas!\u201d&nbsp;<\/p>\n\n\n\n<p><strong>Uma experi\u00eancia de f\u00e9 partilhada<\/strong><\/p>\n\n\n\n<p>O batismo de Angelene n\u00e3o foi o primeiro a ter lugar naquele rio gelado. Anos antes, Rosemary, a chefe de cozinha do Campo de Chuquicahuana da ADRA, tamb\u00e9m foi inspirada pela compaix\u00e3o que testemunhou atrav\u00e9s do trabalho da ADRA. Rosemary viu Jesus refletido nas ac\u00e7\u00f5es altru\u00edstas dos volunt\u00e1rios e decidiu dedicar-Lhe a sua vida. Tamb\u00e9m ela foi baptizada no mesmo rio.<\/p>\n\n\n\n<p>O filho de oito anos de Rosemary, que tinha feito amizade com o grupo ADRA Connections, sentiu uma liga\u00e7\u00e3o especial com a decis\u00e3o de Angelene. Ao saber que ela ia ser baptizada no mesmo rio que a m\u00e3e, quis oferecer-lhe um presente. Apesar dos meios limitados da sua fam\u00edlia, conseguiu comprar-lhe uma caneta com a palavra AMOR escrita na lateral. Para Angelene, este gesto simples, mas sentido, fez com que a sua hist\u00f3ria se completasse. Naquele momento, ela viu o amor de Deus refletido atrav\u00e9s do rapaz e sentiu uma profunda afirma\u00e7\u00e3o da sua decis\u00e3o de ser baptizada.<\/p>\n\n\n\n<figure class=\"wp-block-image size-large\"><img decoding=\"async\" width=\"768\" height=\"1024\" src=\"https:\/\/adra.org\/wp-content\/uploads\/2024\/11\/Angelene-and-Boy-768x1024.jpg\" alt=\"\" class=\"wp-image-37061\" srcset=\"https:\/\/adra.org\/wp-content\/uploads\/2024\/11\/Angelene-and-Boy-768x1024.jpg 768w, https:\/\/adra.org\/wp-content\/uploads\/2024\/11\/Angelene-and-Boy-225x300.jpg 225w, https:\/\/adra.org\/wp-content\/uploads\/2024\/11\/Angelene-and-Boy-1152x1536.jpg 1152w, https:\/\/adra.org\/wp-content\/uploads\/2024\/11\/Angelene-and-Boy-1536x2048.jpg 1536w, https:\/\/adra.org\/wp-content\/uploads\/2024\/11\/Angelene-and-Boy-scaled.jpg 1920w\" sizes=\"(max-width: 768px) 100vw, 768px\" \/><\/figure>\n\n\n\n<p><strong>Um novo cap\u00edtulo<\/strong><\/p>\n\n\n\n<p>Depois de regressar do Peru, a viagem de f\u00e9 de Angelene continuou. Antes de partir para a sua viagem, ela tinha estado a explorar um programa pedi\u00e1trico. Quando regressou, recebeu a incr\u00edvel not\u00edcia de que tinha sido aceite no programa - um sonho que Deus tinha colocado no seu cora\u00e7\u00e3o h\u00e1 anos. Agora, ela est\u00e1 a estudar para trabalhar com crian\u00e7as, confiando plenamente na orienta\u00e7\u00e3o de Deus. \u201cTomar a decis\u00e3o de me dedicar a Deus - porque quando comecei como quiropr\u00e1tica, tudo isso estava nas m\u00e3os de Deus - Deus sempre colocou as coisas no lugar, e tudo deu certo.\u201d<\/p>\n\n\n\n<p>Botello concorda: \u201cA Angeline sempre teve um cora\u00e7\u00e3o para o servi\u00e7o, mas desde que regressou, aperfei\u00e7oou-o ainda mais e acho que isso \u00e9 uma coisa muito bonita\u201d.\u201d<\/p>\n\n\n\n<p>Reflectindo sobre o seu crescimento espiritual, Angelene partilhou: \u201cMesmo antes de chegar ao Peru, sentia uma grande vontade de abrir a minha B\u00edblia. S\u00f3 queria ouvir cada palavra, saber o que o Esp\u00edrito Santo est\u00e1 a dizer. Aprendi a ouvir o sil\u00eancio, porque \u00e9 a\u00ed que Ele fala mais alto. Ele est\u00e1 sempre a guiar-nos\u201d.\u201d<\/p>\n\n\n\n<p><strong>Compaix\u00e3o em a\u00e7\u00e3o<\/strong><\/p>\n\n\n\n<p>ADRA Connections \u00e9 um programa de servi\u00e7o de curta dura\u00e7\u00e3o que permite aos volunt\u00e1rios envolverem-se diretamente nos projectos da ADRA em todo o mundo. Estas viagens n\u00e3o requerem experi\u00eancia pr\u00e9via, apenas a vontade de p\u00f4r a compaix\u00e3o em a\u00e7\u00e3o e causar um impacto significativo na vida dos outros.<\/p>\n\n\n\n<p>Se voc\u00ea, a sua igreja, escola ou grupo de Desbravadores gostaria de participar numa viagem da Liga\u00e7\u00e3o ADRA, visite a p\u00e1gina&nbsp;<a href=\"https:\/\/www.adraconnections.org\/?_gl=1*1skwlmk*_ga*NTYwMDUwODM4LjE3Mjc4MTIxMTQ.*_ga_GW1F1F0TN5*MTczMDIwMjY0MS4zNC4xLjE3MzAyMDM2NjIuMC4wLjA.\"><u>S\u00edtio Web da ADRA Connections<\/u><\/a>&nbsp;para mais pormenores.&nbsp;<\/p>\n\n\n\n<p><\/p>","protected":false},"excerpt":{"rendered":"<p>O que \u00e9 que inspira um jovem quiropr\u00e1tico a deixar o conforto do sul da Calif\u00f3rnia, a afastar-se das conveni\u00eancias dos tempos modernos e a viajar para o Peru no meio do inverno para construir casas para os necessitados?<\/p>","protected":false},"author":46,"featured_media":37064,"comment_status":"closed","ping_status":"closed","sticky":false,"template":"","format":"standard","meta":{"_acf_changed":false,"_eb_attr":"","footnotes":""},"categories":[615,871],"tags":[716,715],"class_list":["post-37062","post","type-post","status-publish","format-standard","has-post-thumbnail","hentry","category-blog","category-peru","tag-adra-connections","tag-warm-homes-project"],"acf":[],"_links":{"self":[{"href":"https:\/\/adra.org\/pt\/wp-json\/wp\/v2\/posts\/37062","targetHints":{"allow":["GET"]}}],"collection":[{"href":"https:\/\/adra.org\/pt\/wp-json\/wp\/v2\/posts"}],"about":[{"href":"https:\/\/adra.org\/pt\/wp-json\/wp\/v2\/types\/post"}],"author":[{"embeddable":true,"href":"https:\/\/adra.org\/pt\/wp-json\/wp\/v2\/users\/46"}],"replies":[{"embeddable":true,"href":"https:\/\/adra.org\/pt\/wp-json\/wp\/v2\/comments?post=37062"}],"version-history":[{"count":4,"href":"https:\/\/adra.org\/pt\/wp-json\/wp\/v2\/posts\/37062\/revisions"}],"predecessor-version":[{"id":45032,"href":"https:\/\/adra.org\/pt\/wp-json\/wp\/v2\/posts\/37062\/revisions\/45032"}],"wp:featuredmedia":[{"embeddable":true,"href":"https:\/\/adra.org\/pt\/wp-json\/wp\/v2\/media\/37064"}],"wp:attachment":[{"href":"https:\/\/adra.org\/pt\/wp-json\/wp\/v2\/media?parent=37062"}],"wp:term":[{"taxonomy":"category","embeddable":true,"href":"https:\/\/adra.org\/pt\/wp-json\/wp\/v2\/categories?post=37062"},{"taxonomy":"post_tag","embeddable":true,"href":"https:\/\/adra.org\/pt\/wp-json\/wp\/v2\/tags?post=37062"}],"curies":[{"name":"wp","href":"https:\/\/api.w.org\/{rel}","templated":true}]}}