{"id":3594,"date":"2015-09-23T01:25:54","date_gmt":"2015-09-23T01:25:54","guid":{"rendered":"https:\/\/adra.org\/?p=3594"},"modified":"2026-04-15T17:14:14","modified_gmt":"2026-04-15T17:14:14","slug":"adra-joins-un-in-global-goals","status":"publish","type":"post","link":"https:\/\/adra.org\/pt\/adra-joins-un-in-global-goals","title":{"rendered":"ADRA junta-se \u00e0 ONU nos Objectivos Globais"},"content":{"rendered":"<h2>A ADRA junta-se \u00e0s Na\u00e7\u00f5es Unidas nos Objectivos de Desenvolvimento Sustent\u00e1vel<\/h2>\n<p>A ADRA est\u00e1 a preparar-se para apoiar os Objectivos de Desenvolvimento Sustent\u00e1vel das Na\u00e7\u00f5es Unidas em todo o mundo quando estes forem lan\u00e7ados no final deste m\u00eas. Os <a href=\"http:\/\/www.globalgoals.org\" target=\"_blank\" rel=\"noopener noreferrer\">Objectivos globais<\/a>, como est\u00e3o a ser designados, expandem e d\u00e3o seguimento aos Objectivos de Desenvolvimento do Mil\u00e9nio, que foram estabelecidos em 2000 e expiram no final deste ano.<\/p>\n<p>\u201cA ADRA, como organiza\u00e7\u00e3o mundial, est\u00e1 empenhada em continuar a trabalhar para acabar com a pobreza e a injusti\u00e7a globais. Todas as vidas humanas s\u00e3o importantes e, por esta raz\u00e3o, juntamo-nos \u00e0s Na\u00e7\u00f5es Unidas, \u00e0s organiza\u00e7\u00f5es n\u00e3o governamentais, aos governos e \u00e0s comunidades de todo o mundo neste esfor\u00e7o\u201d, disse Jonathan Duffy, Presidente da ADRA Internacional.<\/p>\n<p>Desta vez, os Estados-Membros da ONU chegaram a acordo sobre 17 objectivos que abordavam mais quest\u00f5es do que os Objectivos de Desenvolvimento do Mil\u00e9nio iniciais.<\/p>\n<p><strong>Os 17 objectivos propostos<\/strong><\/p>\n<figure id=\"attachment_3597\" aria-describedby=\"caption-attachment-3597\" style=\"width: 640px\" class=\"wp-caption alignnone\"><a href=\"https:\/\/adra.org\/wp-content\/uploads\/2015\/09\/01_TGG_Grid_Icon_Color.jpg\"><img fetchpriority=\"high\" decoding=\"async\" class=\"size-large wp-image-3597\" src=\"https:\/\/adra.org\/wp-content\/uploads\/2015\/09\/01_TGG_Grid_Icon_Color-1024x575.jpg\" alt=\"Courtesy of Global Goals\" width=\"640\" height=\"359\" \/><\/a><figcaption id=\"caption-attachment-3597\" class=\"wp-caption-text\">Grelha de \u00edcones de objectivos globais<\/figcaption><\/figure>\n<ol>\n<li>Acabar com a pobreza em todas as suas formas, em todo o lado<\/li>\n<li>Acabar com a fome, alcan\u00e7ar a seguran\u00e7a alimentar e uma melhor nutri\u00e7\u00e3o, e promover uma agricultura sustent\u00e1vel<\/li>\n<li>Assegurar uma vida saud\u00e1vel e promover o bem-estar para todas as pessoas de todas as idades<\/li>\n<li>Assegurar uma educa\u00e7\u00e3o de qualidade, inclusiva e equitativa, e promover oportunidades de aprendizagem ao longo da vida para todos<\/li>\n<li>Alcan\u00e7ar a igualdade de g\u00e9nero e capacitar todas as mulheres e raparigas<\/li>\n<li>Garantir a disponibilidade e a gest\u00e3o sustent\u00e1vel da \u00e1gua e do saneamento para todos<\/li>\n<li>Garantir o acesso de todos a uma energia acess\u00edvel, fi\u00e1vel, sustent\u00e1vel e moderna<\/li>\n<li>Promover o crescimento econ\u00f3mico sustentado, inclusivo e sustent\u00e1vel, o emprego pleno e produtivo e o trabalho digno para todos<\/li>\n<li>Construir infra-estruturas resilientes, promover a industrializa\u00e7\u00e3o inclusiva e sustent\u00e1vel e fomentar a inova\u00e7\u00e3o<\/li>\n<li>Reduzir a desigualdade dentro dos pa\u00edses e entre eles<\/li>\n<li>Tornar as cidades e os aglomerados humanos inclusivos, seguros, resilientes e sustent\u00e1veis<\/li>\n<li>Assegurar padr\u00f5es de consumo e de produ\u00e7\u00e3o sustent\u00e1veis<\/li>\n<li>Tomar medidas urgentes para combater as altera\u00e7\u00f5es clim\u00e1ticas e os seus impactos<\/li>\n<li>Conservar e utilizar de forma sustent\u00e1vel os oceanos, os mares e os recursos marinhos para o desenvolvimento sustent\u00e1vel<\/li>\n<li>Proteger, recuperar e promover a utiliza\u00e7\u00e3o sustent\u00e1vel dos ecossistemas terrestres, gerir de forma sustent\u00e1vel as florestas, combater a desertifica\u00e7\u00e3o, travar e inverter a degrada\u00e7\u00e3o dos solos e travar a perda de biodiversidade<\/li>\n<li>Promover sociedades pac\u00edficas e inclusivas para o desenvolvimento sustent\u00e1vel, proporcionar o acesso \u00e0 justi\u00e7a para todos e criar institui\u00e7\u00f5es eficazes, respons\u00e1veis e inclusivas a todos os n\u00edveis<\/li>\n<li>Refor\u00e7ar os meios de implementa\u00e7\u00e3o e revitalizar a parceria global para o desenvolvimento sustent\u00e1vel.<\/li>\n<\/ol>\n<p>Os novos objectivos ser\u00e3o adoptados na cimeira da ONU em Nova Iorque, entre 25 e 27 de setembro, e entrar\u00e3o em vigor a partir de janeiro de 2016.<br \/>\nA ADRA tem estado na linha da frente da mudan\u00e7a social h\u00e1 mais de 30 anos. Atualmente, os projectos da ADRA em todo o mundo apoiam muitos dos Objectivos Globais, incluindo acabar com a pobreza, alcan\u00e7ar a seguran\u00e7a alimentar, garantir vidas saud\u00e1veis e alcan\u00e7ar a igualdade de g\u00e9nero.<br \/>\n\u201cAcreditamos que, embora j\u00e1 tenhamos feito progressos em rela\u00e7\u00e3o a estes objectivos, ainda h\u00e1 muito a fazer\u201d, afirmou Duffy. \u201cEste \u00e9 um momento cr\u00edtico e o momento certo para trazer mudan\u00e7as impactantes e sustent\u00e1veis para o mundo. Como cidad\u00e3os globais, temos de nos unir para garantir que as pessoas est\u00e3o a prosperar.\u201d<br \/>\n<strong>#PrayerforEveryone<\/strong><br \/>\nA partir de 24 de setembro e 1 de outubro, a ADRA juntar-se-\u00e1 \u00e0s comunidades religiosas de todo o mundo para participar na iniciativa \u201cOra\u00e7\u00e3o para Todos\u201d e partilhar os objectivos com a comunidade da Igreja Adventista do S\u00e9timo Dia.<br \/>\nPara mais informa\u00e7\u00f5es, visite a p\u00e1gina da ADRA no Facebook a partir de 24 de setembro em Facebook.com\/joinADRA.<\/p>\n<p><strong>Sobre a ADRA<\/strong><br \/>\nA Ag\u00eancia Adventista de Desenvolvimento e Assist\u00eancia Internacional \u00e9 o bra\u00e7o humanit\u00e1rio da Igreja Adventista do S\u00e9timo Dia. O seu trabalho fortalece as comunidades e muda vidas em todo o mundo, proporcionando desenvolvimento comunit\u00e1rio sustent\u00e1vel e ajuda em caso de cat\u00e1strofe. Para mais informa\u00e7\u00f5es, visite ADRA.org.<\/p>","protected":false},"excerpt":{"rendered":"<p>ADRA is preparing to support the United Nations Sustainable Development Goals around the world when they launch later this month.<\/p>","protected":false},"author":1,"featured_media":21998,"comment_status":"open","ping_status":"open","sticky":false,"template":"","format":"standard","meta":{"_acf_changed":false,"_eb_attr":"","footnotes":""},"categories":[786,11],"tags":[50,1138,690,383],"class_list":["post-3594","post","type-post","status-publish","format-standard","has-post-thumbnail","hentry","category-global","category-press-release","tag-jonathan-duffy","tag-partner","tag-protection","tag-united-nations-un"],"acf":[],"_links":{"self":[{"href":"https:\/\/adra.org\/pt\/wp-json\/wp\/v2\/posts\/3594","targetHints":{"allow":["GET"]}}],"collection":[{"href":"https:\/\/adra.org\/pt\/wp-json\/wp\/v2\/posts"}],"about":[{"href":"https:\/\/adra.org\/pt\/wp-json\/wp\/v2\/types\/post"}],"author":[{"embeddable":true,"href":"https:\/\/adra.org\/pt\/wp-json\/wp\/v2\/users\/1"}],"replies":[{"embeddable":true,"href":"https:\/\/adra.org\/pt\/wp-json\/wp\/v2\/comments?post=3594"}],"version-history":[{"count":4,"href":"https:\/\/adra.org\/pt\/wp-json\/wp\/v2\/posts\/3594\/revisions"}],"predecessor-version":[{"id":48353,"href":"https:\/\/adra.org\/pt\/wp-json\/wp\/v2\/posts\/3594\/revisions\/48353"}],"wp:featuredmedia":[{"embeddable":true,"href":"https:\/\/adra.org\/pt\/wp-json\/wp\/v2\/media\/21998"}],"wp:attachment":[{"href":"https:\/\/adra.org\/pt\/wp-json\/wp\/v2\/media?parent=3594"}],"wp:term":[{"taxonomy":"category","embeddable":true,"href":"https:\/\/adra.org\/pt\/wp-json\/wp\/v2\/categories?post=3594"},{"taxonomy":"post_tag","embeddable":true,"href":"https:\/\/adra.org\/pt\/wp-json\/wp\/v2\/tags?post=3594"}],"curies":[{"name":"wp","href":"https:\/\/api.w.org\/{rel}","templated":true}]}}