{"id":3483,"date":"2015-09-11T05:40:48","date_gmt":"2015-09-11T05:40:48","guid":{"rendered":"https:\/\/adra.org\/?p=3483"},"modified":"2026-04-07T19:13:11","modified_gmt":"2026-04-07T19:13:11","slug":"crisis-refugees-in-europe","status":"publish","type":"post","link":"https:\/\/adra.org\/pt\/crisis-refugees-in-europe","title":{"rendered":"Crise: Refugiados na Europa"},"content":{"rendered":"<p>A escalada da crise dos refugiados na Europa est\u00e1 a ver centenas de milhares de pessoas a fugir da viol\u00eancia na S\u00edria e noutros pa\u00edses devastados pela guerra. As viagens para estes refugiados s\u00e3o trai\u00e7oeiras, as condi\u00e7\u00f5es s\u00e3o desesperadas e o tempo frio est\u00e1 a aproximar-se rapidamente.<\/p>\n<h3><a title=\"Doa\u00e7\u00e3o de emerg\u00eancia\" href=\"https:\/\/donations.adra.org\/disasters-ws\">Os refugiados precisam de assist\u00eancia urgente. Ajude a ADRA a responder atrav\u00e9s do nosso fundo de emerg\u00eancia.<\/a><\/h3>\n<p>Em toda a Europa, pode ajudar-nos a chegar aos refugiados a cada passo - nos seus pa\u00edses de origem, ao longo das rotas de viagem e nas cidades por onde passam ou onde se instalam.<br \/>\nAlguns destaques:<br \/>\n<strong>S\u00e9rvia<\/strong><\/p>\n<ul>\n<li>Acompanhar os refugiados para se concentrar nos mais vulner\u00e1veis<\/li>\n<li>Centro de Informa\u00e7\u00e3o aberto no centro da cidade de Belgrado<\/li>\n<li>Center offers support with transport info, translations, information on refugee rights and avoiding traffickers<\/li>\n<li>Ligar os refugiados aos servi\u00e7os locais, \u00e0 assist\u00eancia m\u00e9dica e ao apoio psicossocial essencial<\/li>\n<li>Wi-Fi gratuito para que as fam\u00edlias possam manter-se em contacto com os que ficaram para tr\u00e1s ou com amigos e familiares no seu destino<\/li>\n<li>Distribui\u00e7\u00e3o de vestu\u00e1rio, cal\u00e7ado e artigos de primeira necessidade para o frio<\/li>\n<\/ul>\n<p><strong>Eslov\u00e9nia<\/strong><\/p>\n<ul>\n<li>Encheu um avi\u00e3o com donativos materiais recolhidos, entregues aos refugiados em Lesbos, na Gr\u00e9cia<\/li>\n<li>Custos dos voos doados pela companhia a\u00e9rea eslovena Adria<\/li>\n<li>Aeroportos com isen\u00e7\u00e3o de taxas na Eslov\u00e9nia e na Gr\u00e9cia<\/li>\n<li>12,5 toneladas de materiais doados pelos habitantes locais em poucas horas<\/li>\n<li>Excesso de materiais entregues no centro da S\u00e9rvia por comboio (todas as taxas s\u00e3o novamente anuladas)<\/li>\n<\/ul>\n<p><strong>\u00c1ustria\u00a0<\/strong><\/p>\n<ul>\n<li>Aumento da participa\u00e7\u00e3o dos refugiados em programas sociais para os mais desfavorecidos<\/li>\n<li>Cursos de l\u00ednguas para refugiados<\/li>\n<li>Programas com igrejas locais que ajudam na integra\u00e7\u00e3o dos refugiados<\/li>\n<\/ul>","protected":false},"excerpt":{"rendered":"<p>A escalada da crise de refugiados na Europa est\u00e1 a ver centenas de milhares de pessoas a fugir da viol\u00eancia na S\u00edria e noutros pa\u00edses devastados pela guerra.<\/p>","protected":false},"author":1,"featured_media":3493,"comment_status":"open","ping_status":"open","sticky":false,"template":"","format":"standard","meta":{"_acf_changed":false,"_eb_attr":"","footnotes":""},"categories":[885,590,799,968,972],"tags":[1079,363,355,1137],"class_list":["post-3483","post","type-post","status-publish","format-standard","has-post-thumbnail","hentry","category-austria","category-emergency","category-europe","category-serbia","category-slovenia","tag-crisis","tag-eu-refugee-crisis","tag-refugees","tag-ways-to-give"],"acf":[],"_links":{"self":[{"href":"https:\/\/adra.org\/pt\/wp-json\/wp\/v2\/posts\/3483","targetHints":{"allow":["GET"]}}],"collection":[{"href":"https:\/\/adra.org\/pt\/wp-json\/wp\/v2\/posts"}],"about":[{"href":"https:\/\/adra.org\/pt\/wp-json\/wp\/v2\/types\/post"}],"author":[{"embeddable":true,"href":"https:\/\/adra.org\/pt\/wp-json\/wp\/v2\/users\/1"}],"replies":[{"embeddable":true,"href":"https:\/\/adra.org\/pt\/wp-json\/wp\/v2\/comments?post=3483"}],"version-history":[{"count":3,"href":"https:\/\/adra.org\/pt\/wp-json\/wp\/v2\/posts\/3483\/revisions"}],"predecessor-version":[{"id":47266,"href":"https:\/\/adra.org\/pt\/wp-json\/wp\/v2\/posts\/3483\/revisions\/47266"}],"wp:featuredmedia":[{"embeddable":true,"href":"https:\/\/adra.org\/pt\/wp-json\/"}],"wp:attachment":[{"href":"https:\/\/adra.org\/pt\/wp-json\/wp\/v2\/media?parent=3483"}],"wp:term":[{"taxonomy":"category","embeddable":true,"href":"https:\/\/adra.org\/pt\/wp-json\/wp\/v2\/categories?post=3483"},{"taxonomy":"post_tag","embeddable":true,"href":"https:\/\/adra.org\/pt\/wp-json\/wp\/v2\/tags?post=3483"}],"curies":[{"name":"wp","href":"https:\/\/api.w.org\/{rel}","templated":true}]}}