{"id":34823,"date":"2024-07-25T23:26:36","date_gmt":"2024-07-25T23:26:36","guid":{"rendered":"https:\/\/adra.org\/?p=34823"},"modified":"2026-03-18T19:08:56","modified_gmt":"2026-03-18T19:08:56","slug":"world-day-against-trafficking-in-persons-adra-reaffirms-global-prevention-efforts","status":"publish","type":"post","link":"https:\/\/adra.org\/pt\/world-day-against-trafficking-in-persons-adra-reaffirms-global-prevention-efforts","title":{"rendered":"Dia Mundial contra o Tr\u00e1fico de Pessoas: ADRA reafirma os esfor\u00e7os globais de preven\u00e7\u00e3o"},"content":{"rendered":"<h2 class=\"wp-block-post-title\">Dia Mundial contra o Tr\u00e1fico de Pessoas: ADRA reafirma os esfor\u00e7os globais de preven\u00e7\u00e3o<\/h2>\n\n\n<figure class=\"wp-block-image size-large\"><img fetchpriority=\"high\" decoding=\"async\" width=\"1024\" height=\"599\" src=\"https:\/\/adra.org\/wp-content\/uploads\/2024\/07\/B88BC493-1167-4362-9DF2-4609D28F4923_1_201_a-1024x599.jpeg\" alt=\"\" class=\"wp-image-34824\" srcset=\"https:\/\/adra.org\/wp-content\/uploads\/2024\/07\/B88BC493-1167-4362-9DF2-4609D28F4923_1_201_a-1024x599.jpeg 1024w, https:\/\/adra.org\/wp-content\/uploads\/2024\/07\/B88BC493-1167-4362-9DF2-4609D28F4923_1_201_a-300x176.jpeg 300w, https:\/\/adra.org\/wp-content\/uploads\/2024\/07\/B88BC493-1167-4362-9DF2-4609D28F4923_1_201_a-768x450.jpeg 768w, https:\/\/adra.org\/wp-content\/uploads\/2024\/07\/B88BC493-1167-4362-9DF2-4609D28F4923_1_201_a-1536x899.jpeg 1536w, https:\/\/adra.org\/wp-content\/uploads\/2024\/07\/B88BC493-1167-4362-9DF2-4609D28F4923_1_201_a-2048x1199.jpeg 2048w\" sizes=\"(max-width: 1024px) 100vw, 1024px\" \/><\/figure>\n\n\n\n<p><strong>SILVER SPRING, MD (26 de julho de 2024)&nbsp;<\/strong>- A Ag\u00eancia Adventista de Desenvolvimento e Assist\u00eancia (ADRA) junta-se \u00e0s comunidades globais em <strong>30 de julho <\/strong>para comemorar <strong><em>Dia Mundial contra o Tr\u00e1fico de Pessoas<\/em><\/strong> e refor\u00e7ar a erradica\u00e7\u00e3o do tr\u00e1fico de crian\u00e7as. O tema deste ano, \u201cN\u00e3o deixar nenhuma crian\u00e7a para tr\u00e1s na luta contra o tr\u00e1fico de seres humanos\u201d, destaca a propor\u00e7\u00e3o significativa de mulheres v\u00edtimas de tr\u00e1fico a n\u00edvel mundial.<\/p>\n\n\n\n<figure class=\"wp-block-image size-large is-resized\"><img decoding=\"async\" width=\"1024\" height=\"745\" src=\"https:\/\/adra.org\/wp-content\/uploads\/2024\/07\/01AA3237-2ECF-4A50-B125-F4CDC2BB1E96_1_201_a-1024x745.jpeg\" alt=\"\" class=\"wp-image-34825\" style=\"width:840px;height:auto\" srcset=\"https:\/\/adra.org\/wp-content\/uploads\/2024\/07\/01AA3237-2ECF-4A50-B125-F4CDC2BB1E96_1_201_a-1024x745.jpeg 1024w, https:\/\/adra.org\/wp-content\/uploads\/2024\/07\/01AA3237-2ECF-4A50-B125-F4CDC2BB1E96_1_201_a-300x218.jpeg 300w, https:\/\/adra.org\/wp-content\/uploads\/2024\/07\/01AA3237-2ECF-4A50-B125-F4CDC2BB1E96_1_201_a-768x559.jpeg 768w, https:\/\/adra.org\/wp-content\/uploads\/2024\/07\/01AA3237-2ECF-4A50-B125-F4CDC2BB1E96_1_201_a-1536x1118.jpeg 1536w, https:\/\/adra.org\/wp-content\/uploads\/2024\/07\/01AA3237-2ECF-4A50-B125-F4CDC2BB1E96_1_201_a.jpeg 1894w\" sizes=\"(max-width: 1024px) 100vw, 1024px\" \/><\/figure>\n\n\n\n<p>De acordo com as Na\u00e7\u00f5es Unidas, mais de 1,2 milh\u00f5es de crian\u00e7as s\u00e3o traficadas todos os anos e os menores t\u00eam duas vezes mais probabilidades do que os adultos de sofrerem viol\u00eancia durante o tr\u00e1fico. Em regi\u00f5es como a \u00c1frica Subsariana, o Norte de \u00c1frica, a Am\u00e9rica Latina e as Cara\u00edbas, a incid\u00eancia do tr\u00e1fico de crian\u00e7as \u00e9 desproporcionadamente elevada, constituindo os menores 60% das v\u00edtimas detectadas.<\/p>\n\n\n\n<div class=\"wp-block-columns is-layout-flex wp-container-core-columns-is-layout-28f84493 wp-block-columns-is-layout-flex\">\n<div class=\"wp-block-column is-layout-flow wp-block-column-is-layout-flow\">\n<figure class=\"wp-block-image size-large\"><img decoding=\"async\" width=\"591\" height=\"1024\" src=\"https:\/\/adra.org\/wp-content\/uploads\/2024\/07\/17602E7B-E4F6-4646-98BB-859525ACC061_1_201_a-591x1024.jpeg\" alt=\"\" class=\"wp-image-34826\" srcset=\"https:\/\/adra.org\/wp-content\/uploads\/2024\/07\/17602E7B-E4F6-4646-98BB-859525ACC061_1_201_a-591x1024.jpeg 591w, https:\/\/adra.org\/wp-content\/uploads\/2024\/07\/17602E7B-E4F6-4646-98BB-859525ACC061_1_201_a-173x300.jpeg 173w, https:\/\/adra.org\/wp-content\/uploads\/2024\/07\/17602E7B-E4F6-4646-98BB-859525ACC061_1_201_a-768x1330.jpeg 768w, https:\/\/adra.org\/wp-content\/uploads\/2024\/07\/17602E7B-E4F6-4646-98BB-859525ACC061_1_201_a.jpeg 826w\" sizes=\"(max-width: 591px) 100vw, 591px\" \/><\/figure>\n<\/div>\n\n\n\n<div class=\"wp-block-column is-layout-flow wp-block-column-is-layout-flow\">\n<figure class=\"wp-block-image size-large is-resized\"><img loading=\"lazy\" decoding=\"async\" width=\"1024\" height=\"648\" src=\"https:\/\/adra.org\/wp-content\/uploads\/2024\/07\/813BE31B-553E-489F-9092-F7685DF1DF92_1_201_a-1024x648.jpeg\" alt=\"\" class=\"wp-image-34827\" style=\"width:419px;height:auto\" srcset=\"https:\/\/adra.org\/wp-content\/uploads\/2024\/07\/813BE31B-553E-489F-9092-F7685DF1DF92_1_201_a-1024x648.jpeg 1024w, https:\/\/adra.org\/wp-content\/uploads\/2024\/07\/813BE31B-553E-489F-9092-F7685DF1DF92_1_201_a-300x190.jpeg 300w, https:\/\/adra.org\/wp-content\/uploads\/2024\/07\/813BE31B-553E-489F-9092-F7685DF1DF92_1_201_a-768x486.jpeg 768w, https:\/\/adra.org\/wp-content\/uploads\/2024\/07\/813BE31B-553E-489F-9092-F7685DF1DF92_1_201_a-1536x972.jpeg 1536w, https:\/\/adra.org\/wp-content\/uploads\/2024\/07\/813BE31B-553E-489F-9092-F7685DF1DF92_1_201_a-2048x1296.jpeg 2048w\" sizes=\"(max-width: 1024px) 100vw, 1024px\" \/><\/figure>\n\n\n\n<blockquote class=\"wp-block-quote is-layout-flow wp-block-quote-is-layout-flow\">\n<p><\/p>\n<cite>\u201cO tr\u00e1fico de seres humanos \u00e9 um crime grave e generalizado que afecta milh\u00f5es de homens, mulheres e crian\u00e7as em todo o mundo. A ADRA est\u00e1 muito consciente da natureza crucial desta crise, particularmente do tr\u00e1fico de crian\u00e7as, uma vez que os menores representam uma propor\u00e7\u00e3o consider\u00e1vel das v\u00edtimas globais. A ADRA est\u00e1 na vanguarda da presta\u00e7\u00e3o de servi\u00e7os e programas de apoio \u00e0s v\u00edtimas, muitas das quais foram sujeitas a viol\u00eancia, trabalho for\u00e7ado, explora\u00e7\u00e3o sexual e recrutadas como crian\u00e7as-soldado em conflitos armados. A ADRA vai continuar a sensibilizar, a defender e a promover ac\u00e7\u00f5es a n\u00edvel global para educar e envolver as comunidades no sentido de proteger as crian\u00e7as e os adultos de serem v\u00edtimas de tr\u00e1fico\u201d, declara o Vice-Presidente da ADRA Internacional para os Assuntos Humanit\u00e1rios, Imad Madanat.<\/cite><\/blockquote>\n<\/div>\n<\/div>\n\n\n\n<p class=\"has-large-font-size\"><strong>Programas de prote\u00e7\u00e3o da crian\u00e7a da ADRA<\/strong><\/p>\n\n\n\n<figure class=\"wp-block-image size-full\"><img loading=\"lazy\" decoding=\"async\" width=\"818\" height=\"540\" src=\"https:\/\/adra.org\/wp-content\/uploads\/2024\/07\/524CC3F3-D388-422B-8849-1E6132629B9F_1_201_a.jpeg\" alt=\"\" class=\"wp-image-34828\" srcset=\"https:\/\/adra.org\/wp-content\/uploads\/2024\/07\/524CC3F3-D388-422B-8849-1E6132629B9F_1_201_a.jpeg 818w, https:\/\/adra.org\/wp-content\/uploads\/2024\/07\/524CC3F3-D388-422B-8849-1E6132629B9F_1_201_a-300x198.jpeg 300w, https:\/\/adra.org\/wp-content\/uploads\/2024\/07\/524CC3F3-D388-422B-8849-1E6132629B9F_1_201_a-768x507.jpeg 768w\" sizes=\"(max-width: 818px) 100vw, 818px\" \/><\/figure>\n\n\n\n<p>A ADRA dirige programas em diferentes regi\u00f5es do mundo especificamente para apoiar crian\u00e7as em risco de tr\u00e1fico humano, abordando as causas profundas como a pobreza e a desigualdade para reduzir a vulnerabilidade das crian\u00e7as.<\/p>\n\n\n\n<p class=\"has-medium-font-size\"><strong>ADRA Bangladesh<\/strong><\/p>\n\n\n\n<div class=\"wp-block-columns is-layout-flex wp-container-core-columns-is-layout-28f84493 wp-block-columns-is-layout-flex\">\n<div class=\"wp-block-column is-layout-flow wp-block-column-is-layout-flow\">\n<div class=\"wp-block-columns is-layout-flex wp-container-core-columns-is-layout-28f84493 wp-block-columns-is-layout-flex\">\n<div class=\"wp-block-column is-layout-flow wp-block-column-is-layout-flow\">\n<figure class=\"wp-block-image size-full\"><img loading=\"lazy\" decoding=\"async\" width=\"924\" height=\"858\" src=\"https:\/\/adra.org\/wp-content\/uploads\/2024\/07\/54266D13-5C68-431D-9535-1985A635CE91_1_201_a-4.jpeg\" alt=\"\" class=\"wp-image-34834\" srcset=\"https:\/\/adra.org\/wp-content\/uploads\/2024\/07\/54266D13-5C68-431D-9535-1985A635CE91_1_201_a-4.jpeg 924w, https:\/\/adra.org\/wp-content\/uploads\/2024\/07\/54266D13-5C68-431D-9535-1985A635CE91_1_201_a-4-300x279.jpeg 300w, https:\/\/adra.org\/wp-content\/uploads\/2024\/07\/54266D13-5C68-431D-9535-1985A635CE91_1_201_a-4-768x713.jpeg 768w\" sizes=\"(max-width: 924px) 100vw, 924px\" \/><figcaption class=\"wp-element-caption\"><em>Cr\u00e9dito da fotografia: ADRA Bangladesh<\/em><\/figcaption><\/figure>\n<\/div>\n<\/div>\n<\/div>\n\n\n\n<div class=\"wp-block-column is-layout-flow wp-block-column-is-layout-flow\">\n<p>A ADRA implementa um projeto no Bangladesh para prevenir o trabalho infantil for\u00e7ado. De acordo com a UNICEF, tr\u00eas milh\u00f5es de crian\u00e7as no pa\u00eds s\u00e3o for\u00e7adas a trabalhar e muitas delas tornam-se v\u00edtimas de tr\u00e1fico humano. Os jovens que vivem nos bairros de lata urbanos do Bangladesh s\u00e3o os mais vulner\u00e1veis. Para resolver o problema, a ADRA criou uma escola num bairro de baixos rendimentos e o Chalantika Slum Children Development Project (CSCDP), que tem vindo a oferecer educa\u00e7\u00e3o de alta qualidade e servi\u00e7os sociais para prevenir a desnutri\u00e7\u00e3o, desde 1972.<\/p>\n\n\n\n<p><\/p>\n<\/div>\n<\/div>\n\n\n\n<p class=\"has-medium-font-size\"><strong>Manter as raparigas seguras na Tail\u00e2ndia<\/strong><\/p>\n\n\n\n<figure class=\"wp-block-image size-large\"><img loading=\"lazy\" decoding=\"async\" width=\"1024\" height=\"585\" src=\"https:\/\/adra.org\/wp-content\/uploads\/2024\/07\/BCA3D1C1-4116-4704-9B99-FB0D9836BBEA_1_201_a-1024x585.jpeg\" alt=\"\" class=\"wp-image-34836\" srcset=\"https:\/\/adra.org\/wp-content\/uploads\/2024\/07\/BCA3D1C1-4116-4704-9B99-FB0D9836BBEA_1_201_a-1024x585.jpeg 1024w, https:\/\/adra.org\/wp-content\/uploads\/2024\/07\/BCA3D1C1-4116-4704-9B99-FB0D9836BBEA_1_201_a-300x171.jpeg 300w, https:\/\/adra.org\/wp-content\/uploads\/2024\/07\/BCA3D1C1-4116-4704-9B99-FB0D9836BBEA_1_201_a-768x439.jpeg 768w, https:\/\/adra.org\/wp-content\/uploads\/2024\/07\/BCA3D1C1-4116-4704-9B99-FB0D9836BBEA_1_201_a-1536x877.jpeg 1536w, https:\/\/adra.org\/wp-content\/uploads\/2024\/07\/BCA3D1C1-4116-4704-9B99-FB0D9836BBEA_1_201_a-2048x1170.jpeg 2048w\" sizes=\"(max-width: 1024px) 100vw, 1024px\" \/><\/figure>\n\n\n\n<p>O projeto Keep Girls Safe (KGS) da ADRA na Tail\u00e2ndia colabora com ag\u00eancias governamentais, organiza\u00e7\u00f5es locais e grupos comunit\u00e1rios para melhorar a sensibiliza\u00e7\u00e3o e reduzir a vulnerabilidade das mulheres e raparigas \u00e0 explora\u00e7\u00e3o sexual e ao tr\u00e1fico humano. O projeto Keep Girls Safe (KGS), que tem um abrigo para raparigas de alto risco e oferece bolsas de estudo a 100 jovens, est\u00e1 a assinalar o seu 20\u00ba ano de sucesso.  O projeto tamb\u00e9m faz parceria com o Departamento de Educa\u00e7\u00e3o Secund\u00e1ria de Chiang Rai para formar estudantes, professores do ensino secund\u00e1rio e conselheiros sobre como sensibilizar e encorajar a den\u00fancia de explora\u00e7\u00e3o em linha, abuso e tr\u00e1fico de seres humanos.<\/p>\n\n\n\n<p class=\"has-medium-font-size\"><strong>Programa ADRA para Crian\u00e7as e Fam\u00edlias Refugiadas<\/strong><\/p>\n\n\n\n<div class=\"wp-block-columns is-layout-flex wp-container-core-columns-is-layout-28f84493 wp-block-columns-is-layout-flex\">\n<div class=\"wp-block-column is-layout-flow wp-block-column-is-layout-flow\">\n<figure class=\"wp-block-image size-large\"><img loading=\"lazy\" decoding=\"async\" width=\"1024\" height=\"683\" src=\"https:\/\/adra.org\/wp-content\/uploads\/2024\/07\/248D567F-4066-4F00-B4A0-2EE00B591B30_1_201_a-1024x683.jpeg\" alt=\"\" class=\"wp-image-34837\" srcset=\"https:\/\/adra.org\/wp-content\/uploads\/2024\/07\/248D567F-4066-4F00-B4A0-2EE00B591B30_1_201_a-1024x683.jpeg 1024w, https:\/\/adra.org\/wp-content\/uploads\/2024\/07\/248D567F-4066-4F00-B4A0-2EE00B591B30_1_201_a-300x200.jpeg 300w, https:\/\/adra.org\/wp-content\/uploads\/2024\/07\/248D567F-4066-4F00-B4A0-2EE00B591B30_1_201_a-768x512.jpeg 768w, https:\/\/adra.org\/wp-content\/uploads\/2024\/07\/248D567F-4066-4F00-B4A0-2EE00B591B30_1_201_a-1536x1024.jpeg 1536w, https:\/\/adra.org\/wp-content\/uploads\/2024\/07\/248D567F-4066-4F00-B4A0-2EE00B591B30_1_201_a-2048x1365.jpeg 2048w\" sizes=\"(max-width: 1024px) 100vw, 1024px\" \/><\/figure>\n<\/div>\n<\/div>\n\n\n\n<p>A ADRA trabalha com crian\u00e7as refugiadas e deslocadas numa variedade de contextos para garantir a sua seguran\u00e7a e prote\u00e7\u00e3o, uma vez que s\u00e3o alvos de traficantes de seres humanos. De acordo com relat\u00f3rios da ONU, um n\u00famero crescente de crian\u00e7as refugiadas e migrantes est\u00e1 a seguir rotas extremamente perigosas, frequentemente a mando de contrabandistas e traficantes, e a ser vendidas como escravas ou prostitutas.<\/p>\n\n\n\n<p><strong>ADRA L\u00edbano<\/strong><\/p>\n\n\n\n<div class=\"wp-block-media-text is-stacked-on-mobile\"><figure class=\"wp-block-media-text__media\"><img loading=\"lazy\" decoding=\"async\" width=\"1024\" height=\"683\" src=\"https:\/\/adra.org\/wp-content\/uploads\/2024\/07\/C88406A0-4A62-41B4-BFA0-E1E656BEB885_1_201_a-1024x683.jpeg\" alt=\"\" class=\"wp-image-34838 size-full\" srcset=\"https:\/\/adra.org\/wp-content\/uploads\/2024\/07\/C88406A0-4A62-41B4-BFA0-E1E656BEB885_1_201_a-1024x683.jpeg 1024w, https:\/\/adra.org\/wp-content\/uploads\/2024\/07\/C88406A0-4A62-41B4-BFA0-E1E656BEB885_1_201_a-300x200.jpeg 300w, https:\/\/adra.org\/wp-content\/uploads\/2024\/07\/C88406A0-4A62-41B4-BFA0-E1E656BEB885_1_201_a-768x512.jpeg 768w, https:\/\/adra.org\/wp-content\/uploads\/2024\/07\/C88406A0-4A62-41B4-BFA0-E1E656BEB885_1_201_a-1536x1024.jpeg 1536w, https:\/\/adra.org\/wp-content\/uploads\/2024\/07\/C88406A0-4A62-41B4-BFA0-E1E656BEB885_1_201_a-2048x1365.jpeg 2048w\" sizes=\"(max-width: 1024px) 100vw, 1024px\" \/><\/figure><div class=\"wp-block-media-text__content\">\n<p>Para proteger as crian\u00e7as, a ADRA desenvolve iniciativas educativas em muitos campos de refugiados em todo o mundo. O Centro de Aprendizagem da ADRA em Baalbek, no L\u00edbano, oferece educa\u00e7\u00e3o a crian\u00e7as que fugiram do conflito s\u00edrio e liga-as, bem como \u00e0s suas fam\u00edlias, a servi\u00e7os cruciais.<\/p>\n<\/div><\/div>\n\n\n\n<p><strong>ADRA M\u00e9xico<\/strong><\/p>\n\n\n\n<div class=\"wp-block-columns is-layout-flex wp-container-core-columns-is-layout-28f84493 wp-block-columns-is-layout-flex\">\n<div class=\"wp-block-column is-layout-flow wp-block-column-is-layout-flow\">\n<figure class=\"wp-block-image size-full is-resized\"><img loading=\"lazy\" decoding=\"async\" width=\"784\" height=\"669\" src=\"https:\/\/adra.org\/wp-content\/uploads\/2024\/07\/F6E71739-F552-4850-8904-4CC4900B154B_1_201_a-1.jpeg\" alt=\"\" class=\"wp-image-34841\" style=\"width:416px;height:auto\" srcset=\"https:\/\/adra.org\/wp-content\/uploads\/2024\/07\/F6E71739-F552-4850-8904-4CC4900B154B_1_201_a-1.jpeg 784w, https:\/\/adra.org\/wp-content\/uploads\/2024\/07\/F6E71739-F552-4850-8904-4CC4900B154B_1_201_a-1-300x256.jpeg 300w, https:\/\/adra.org\/wp-content\/uploads\/2024\/07\/F6E71739-F552-4850-8904-4CC4900B154B_1_201_a-1-768x655.jpeg 768w\" sizes=\"(max-width: 784px) 100vw, 784px\" \/><figcaption class=\"wp-element-caption\"><em>A ADRA realiza actividades de apoio psicossocial para crian\u00e7as e jovens refugiados no M\u00e9xico.  Cr\u00e9dito da foto: ADRA M\u00e9xico<\/em><\/figcaption><\/figure>\n\n\n\n<p>No M\u00e9xico, a ADRA presta assist\u00eancia a fam\u00edlias e crian\u00e7as refugiadas que fogem de zonas de viol\u00eancia e conflito, fornecendo alimentos, abrigo, servi\u00e7os de sa\u00fade e aconselhamento.<\/p>\n<\/div>\n\n\n\n<div class=\"wp-block-column is-layout-flow wp-block-column-is-layout-flow\">\n<figure class=\"wp-block-image size-large is-resized\"><img loading=\"lazy\" decoding=\"async\" width=\"819\" height=\"1024\" src=\"https:\/\/adra.org\/wp-content\/uploads\/2024\/07\/1D2286D9-84A8-478D-B036-2DCBFF95A739_1_201_a-1-819x1024.jpeg\" alt=\"\" class=\"wp-image-34842\" style=\"width:416px;height:auto\" srcset=\"https:\/\/adra.org\/wp-content\/uploads\/2024\/07\/1D2286D9-84A8-478D-B036-2DCBFF95A739_1_201_a-1-819x1024.jpeg 819w, https:\/\/adra.org\/wp-content\/uploads\/2024\/07\/1D2286D9-84A8-478D-B036-2DCBFF95A739_1_201_a-1-240x300.jpeg 240w, https:\/\/adra.org\/wp-content\/uploads\/2024\/07\/1D2286D9-84A8-478D-B036-2DCBFF95A739_1_201_a-1-768x960.jpeg 768w, https:\/\/adra.org\/wp-content\/uploads\/2024\/07\/1D2286D9-84A8-478D-B036-2DCBFF95A739_1_201_a-1-1229x1536.jpeg 1229w, https:\/\/adra.org\/wp-content\/uploads\/2024\/07\/1D2286D9-84A8-478D-B036-2DCBFF95A739_1_201_a-1.jpeg 1440w\" sizes=\"(max-width: 819px) 100vw, 819px\" \/><\/figure>\n<\/div>\n<\/div>\n\n\n\n<p><strong>ADRA Europa<\/strong><\/p>\n\n\n\n<div class=\"wp-block-columns is-layout-flex wp-container-core-columns-is-layout-28f84493 wp-block-columns-is-layout-flex\">\n<div class=\"wp-block-column is-layout-flow wp-block-column-is-layout-flow\">\n<figure class=\"wp-block-image size-full is-resized\"><img loading=\"lazy\" decoding=\"async\" width=\"768\" height=\"1024\" src=\"https:\/\/adra.org\/wp-content\/uploads\/2024\/07\/7D480BDA-D96E-4144-8189-B548C83EF450_1_201_a-2.jpeg\" alt=\"\" class=\"wp-image-34850\" style=\"width:413px;height:auto\" srcset=\"https:\/\/adra.org\/wp-content\/uploads\/2024\/07\/7D480BDA-D96E-4144-8189-B548C83EF450_1_201_a-2.jpeg 768w, https:\/\/adra.org\/wp-content\/uploads\/2024\/07\/7D480BDA-D96E-4144-8189-B548C83EF450_1_201_a-2-225x300.jpeg 225w\" sizes=\"(max-width: 768px) 100vw, 768px\" \/><\/figure>\n\n\n\n<p><em>A ADRA recebe as crian\u00e7as refugiadas com cobertores, bebidas quentes e alimentos na fronteira com a Ucr\u00e2nia. Cr\u00e9dito da fotografia: ADRA Rom\u00e9nia<\/em><\/p>\n<\/div>\n\n\n\n<div class=\"wp-block-column is-layout-flow wp-block-column-is-layout-flow\">\n<p>A ADRA tamb\u00e9m lan\u00e7ou opera\u00e7\u00f5es de resposta alargada para proteger as crian\u00e7as e fam\u00edlias refugiadas que fogem dos combates na Ucr\u00e2nia.  V\u00e1rias delega\u00e7\u00f5es nacionais da ADRA, incluindo a \u00c1ustria, a B\u00e9lgica, a Rom\u00e9nia e a Eslov\u00e1quia, oferecem numerosos servi\u00e7os sociais, tais como alimentos, assist\u00eancia em dinheiro, acesso \u00e0 educa\u00e7\u00e3o, abrigo, apoio psicossocial e prote\u00e7\u00e3o nos postos fronteiri\u00e7os.<\/p>\n\n\n\n<p>Ajude a ADRA a criar um mundo mais seguro juntando-se \u00e0 luta contra o tr\u00e1fico de seres humanos. Visite <a href=\"https:\/\/adra.org\/pt\/child-protection\/\">https:\/\/adra.org\/child-protection<\/a> para saber mais sobre os esfor\u00e7os globais de preven\u00e7\u00e3o do tr\u00e1fico da ADRA, bem como sobre as formas de ajudar os sobreviventes e proteger as pessoas vulner\u00e1veis deste crime hediondo.<\/p>\n<\/div>\n<\/div>\n\n\n\n<p><\/p>","protected":false},"excerpt":{"rendered":"<p>A Ag\u00eancia Adventista de Desenvolvimento e Recursos Assistenciais (ADRA) junta-se \u00e0s comunidades globais no dia 30 de julho para comemorar o Dia Mundial contra o Tr\u00e1fico de Pessoas e refor\u00e7ar a erradica\u00e7\u00e3o do tr\u00e1fico de crian\u00e7as<\/p>","protected":false},"author":46,"featured_media":34852,"comment_status":"closed","ping_status":"closed","sticky":false,"template":"","format":"standard","meta":{"_acf_changed":false,"_eb_attr":"","footnotes":"[]"},"categories":[785,780,799,793,820,784,614,783,11,812,797,791,1],"tags":[668,690,355,754,547,383],"class_list":["post-34823","post","type-post","status-publish","format-standard","has-post-thumbnail","hentry","category-africa","category-asia","category-europe","category-lebanon","category-mexico","category-middle-east-north-africa","category-news","category-north-america","category-press-release","category-syria","category-thailand","category-ukraine","category-uncategorized","tag-human-trafficking","tag-protection","tag-refugees","tag-safeguarding","tag-unicef","tag-united-nations-un"],"acf":[],"_links":{"self":[{"href":"https:\/\/adra.org\/pt\/wp-json\/wp\/v2\/posts\/34823","targetHints":{"allow":["GET"]}}],"collection":[{"href":"https:\/\/adra.org\/pt\/wp-json\/wp\/v2\/posts"}],"about":[{"href":"https:\/\/adra.org\/pt\/wp-json\/wp\/v2\/types\/post"}],"author":[{"embeddable":true,"href":"https:\/\/adra.org\/pt\/wp-json\/wp\/v2\/users\/46"}],"replies":[{"embeddable":true,"href":"https:\/\/adra.org\/pt\/wp-json\/wp\/v2\/comments?post=34823"}],"version-history":[{"count":16,"href":"https:\/\/adra.org\/pt\/wp-json\/wp\/v2\/posts\/34823\/revisions"}],"predecessor-version":[{"id":45521,"href":"https:\/\/adra.org\/pt\/wp-json\/wp\/v2\/posts\/34823\/revisions\/45521"}],"wp:featuredmedia":[{"embeddable":true,"href":"https:\/\/adra.org\/pt\/wp-json\/wp\/v2\/media\/34852"}],"wp:attachment":[{"href":"https:\/\/adra.org\/pt\/wp-json\/wp\/v2\/media?parent=34823"}],"wp:term":[{"taxonomy":"category","embeddable":true,"href":"https:\/\/adra.org\/pt\/wp-json\/wp\/v2\/categories?post=34823"},{"taxonomy":"post_tag","embeddable":true,"href":"https:\/\/adra.org\/pt\/wp-json\/wp\/v2\/tags?post=34823"}],"curies":[{"name":"wp","href":"https:\/\/api.w.org\/{rel}","templated":true}]}}