{"id":33564,"date":"2024-05-03T21:35:41","date_gmt":"2024-05-03T21:35:41","guid":{"rendered":"https:\/\/adra.org\/?p=33564"},"modified":"2026-04-16T14:30:07","modified_gmt":"2026-04-16T14:30:07","slug":"statement-by-adra-president-michael-kruger-on-the-crisis-in-gaza","status":"publish","type":"post","link":"https:\/\/adra.org\/pt\/statement-by-adra-president-michael-kruger-on-the-crisis-in-gaza","title":{"rendered":"Declara\u00e7\u00e3o do Presidente da ADRA, Michael Kruger, sobre a crise em Gaza"},"content":{"rendered":"<figure class=\"wp-block-image size-large\"><img fetchpriority=\"high\" decoding=\"async\" width=\"1024\" height=\"1024\" src=\"https:\/\/adra.org\/wp-content\/uploads\/2014\/12\/General_Background-for-stories-1024x1024.png\" alt=\"\" class=\"wp-image-27874\" srcset=\"https:\/\/adra.org\/wp-content\/uploads\/2014\/12\/General_Background-for-stories-1024x1024.png 1024w, https:\/\/adra.org\/wp-content\/uploads\/2014\/12\/General_Background-for-stories-300x300.png 300w, https:\/\/adra.org\/wp-content\/uploads\/2014\/12\/General_Background-for-stories-150x150.png 150w, https:\/\/adra.org\/wp-content\/uploads\/2014\/12\/General_Background-for-stories-768x768.png 768w, https:\/\/adra.org\/wp-content\/uploads\/2014\/12\/General_Background-for-stories.png 1080w\" sizes=\"(max-width: 1024px) 100vw, 1024px\" \/><\/figure>\n\n\n\n<p><strong>SILVER SPRING, MD (3 de maio de 2024)<\/strong><\/p>\n\n\n\n<blockquote class=\"wp-block-quote is-layout-flow wp-block-quote-is-layout-flow\">\n<p>A Ag\u00eancia Adventista de Desenvolvimento e Recursos Assistenciais (ADRA) continua a rezar pela paz e pela prote\u00e7\u00e3o dos milh\u00f5es de pessoas afectadas pela atual crise em Gaza. Os nossos cora\u00e7\u00f5es est\u00e3o com aqueles que perderam entes queridos e est\u00e3o a suportar um sofrimento inimagin\u00e1vel.<\/p>\n\n\n\n<p>Perante a imensa complexidade, a urg\u00eancia da ajuda humanit\u00e1ria mant\u00e9m-se inalterada. A ADRA est\u00e1 a colaborar ativamente com parceiros para fornecer recursos vitais e sustento aos necessitados, independentemente da idade, sexo, etnia ou filia\u00e7\u00e3o religiosa e pol\u00edtica. A nossa miss\u00e3o est\u00e1 profundamente enraizada em princ\u00edpios de justi\u00e7a, compaix\u00e3o e amor, o que nos leva a ajudar aqueles que enfrentam circunst\u00e2ncias terr\u00edveis.<\/p>\n\n\n\n<p>Hoje, neste momento dif\u00edcil, \u00e9-nos dada a oportunidade de levar uma mudan\u00e7a significativa a milhares de pessoas, jovens e idosos, em Gaza e nas regi\u00f5es vizinhas.  Por favor, apoie a ADRA, apoiando esta miss\u00e3o que salva vidas. Juntos, temos a capacidade de aliviar o sofrimento em Gaza e noutras regi\u00f5es do mundo que enfrentam emerg\u00eancias devastadoras.&nbsp;<\/p>\n\n\n\n<p>As suas contribui\u00e7\u00f5es far\u00e3o a diferen\u00e7a. Obrigado pela vossa compaix\u00e3o inabal\u00e1vel e resposta r\u00e1pida aos necessitados.<\/p>\n<\/blockquote>","protected":false},"excerpt":{"rendered":"<p>A Ag\u00eancia Adventista de Desenvolvimento e Recursos Assistenciais (ADRA) continua a rezar pela paz e pela prote\u00e7\u00e3o dos milh\u00f5es de pessoas afectadas pela atual crise em Gaza. Os nossos cora\u00e7\u00f5es est\u00e3o com aqueles que perderam entes queridos e est\u00e3o a suportar um sofrimento inimagin\u00e1vel.<\/p>","protected":false},"author":1,"featured_media":21998,"comment_status":"closed","ping_status":"closed","sticky":false,"template":"","format":"standard","meta":{"_acf_changed":false,"_eb_attr":"","footnotes":""},"categories":[784,614,617],"tags":[1079,688,873],"class_list":["post-33564","post","type-post","status-publish","format-standard","has-post-thumbnail","hentry","category-middle-east-north-africa","category-news","category-statement","tag-crisis","tag-gaza","tag-justice-compassion-love"],"acf":[],"_links":{"self":[{"href":"https:\/\/adra.org\/pt\/wp-json\/wp\/v2\/posts\/33564","targetHints":{"allow":["GET"]}}],"collection":[{"href":"https:\/\/adra.org\/pt\/wp-json\/wp\/v2\/posts"}],"about":[{"href":"https:\/\/adra.org\/pt\/wp-json\/wp\/v2\/types\/post"}],"author":[{"embeddable":true,"href":"https:\/\/adra.org\/pt\/wp-json\/wp\/v2\/users\/1"}],"replies":[{"embeddable":true,"href":"https:\/\/adra.org\/pt\/wp-json\/wp\/v2\/comments?post=33564"}],"version-history":[{"count":4,"href":"https:\/\/adra.org\/pt\/wp-json\/wp\/v2\/posts\/33564\/revisions"}],"predecessor-version":[{"id":48588,"href":"https:\/\/adra.org\/pt\/wp-json\/wp\/v2\/posts\/33564\/revisions\/48588"}],"wp:featuredmedia":[{"embeddable":true,"href":"https:\/\/adra.org\/pt\/wp-json\/wp\/v2\/media\/21998"}],"wp:attachment":[{"href":"https:\/\/adra.org\/pt\/wp-json\/wp\/v2\/media?parent=33564"}],"wp:term":[{"taxonomy":"category","embeddable":true,"href":"https:\/\/adra.org\/pt\/wp-json\/wp\/v2\/categories?post=33564"},{"taxonomy":"post_tag","embeddable":true,"href":"https:\/\/adra.org\/pt\/wp-json\/wp\/v2\/tags?post=33564"}],"curies":[{"name":"wp","href":"https:\/\/api.w.org\/{rel}","templated":true}]}}