{"id":30469,"date":"2023-11-30T00:14:48","date_gmt":"2023-11-30T00:14:48","guid":{"rendered":"https:\/\/adra.org\/?p=30469"},"modified":"2026-03-11T17:38:48","modified_gmt":"2026-03-11T17:38:48","slug":"network-statement-november-23","status":"publish","type":"post","link":"https:\/\/adra.org\/pt\/network-statement-november-23","title":{"rendered":"DECLARA\u00c7\u00c3O DE REDE | novembro \u201823\u00a0"},"content":{"rendered":"<h2 class=\"wp-block-heading\">COP28&nbsp;<br>Rede ADRA apela a uma a\u00e7\u00e3o clim\u00e1tica hol\u00edstica e partilha experi\u00eancias na COP28 no Dubai&nbsp;<\/h2>\n\n\n\n<p><\/p>\n\n\n\n<p>No teatro da hist\u00f3ria do nosso mundo, 2023 surge como um ato fundamental na narrativa da a\u00e7\u00e3o clim\u00e1tica. A iminente GlobalStocktake est\u00e1 pronta para afirmar o que j\u00e1 sabemos: O tempo para uma a\u00e7\u00e3o decisiva est\u00e1 a diminuir rapidamente.&nbsp;<\/p>\n\n\n\n<p>Esta crise tem consequ\u00eancias de grande alcance. Enquanto agentes humanit\u00e1rios na linha da frente da crise, estamos a assistir a uma situa\u00e7\u00e3o em que a sa\u00fade e os meios de subsist\u00eancia est\u00e3o em perigo e em que os desafios persistentes da pobreza e da injusti\u00e7a s\u00e3o exacerbados.&nbsp;<\/p>\n\n\n\n<p>A rede de 117 escrit\u00f3rios globais da ADRA trabalha em unidade para prestar apoio a 30 milh\u00f5es de pessoas em todo o mundo. Juntamente com a Igreja Adventista do S\u00e9timo Dia, a nossa presen\u00e7a global inclui 22 milh\u00f5es de membros da igreja e uma vasta rede de instala\u00e7\u00f5es m\u00e9dicas, escolas e muito mais. Nos nossos projectos de ajuda humanit\u00e1ria e desenvolvimento, trabalhamos em estreita parceria com a popula\u00e7\u00e3o local e estamos lado a lado com as comunidades que lutam contra as duras realidades das altera\u00e7\u00f5es clim\u00e1ticas. Ao longo dos anos, as nossas equipas desenvolveram conhecimentos valiosos em mat\u00e9ria de atenua\u00e7\u00e3o e adapta\u00e7\u00e3o, respondendo a cat\u00e1strofes clim\u00e1ticas e criando resili\u00eancia e meios de subsist\u00eancia sustent\u00e1veis em \u00e1reas onde as altera\u00e7\u00f5es clim\u00e1ticas afectam negativamente as comunidades. Os nossos programas globais de agricultura regenerativa t\u00eam um historial de mais de 20 anos, muito antes de conceitos como solu\u00e7\u00f5es baseadas na natureza serem discutidos a uma escala maior. Dentro da rede ADRA, os escrit\u00f3rios come\u00e7aram a se mover em dire\u00e7\u00e3o ao zero l\u00edquido, um n\u00famero crescente assinou a Carta do Clima, compartilhamos nosso conhecimento na COP26 e COP27 e publicamos o abrangente Guia de Redu\u00e7\u00e3o de Carbono em 2021. Em abril de 2022, a ADRA Canad\u00e1 e a ADRA Alemanha participaram do piloto da Calculadora de Carbono Humanit\u00e1rio desenvolvida pelo CICV e EcoAct. Atrav\u00e9s deste piloto, foram medidas as emiss\u00f5es de ambos os escrit\u00f3rios, bem como de dois projectos na \u00cdndia e em Mo\u00e7ambique. Os nossos projectos abrangem todo o mundo, desde a capacita\u00e7\u00e3o dos jovens e das mulheres at\u00e9 aos meios de subsist\u00eancia e \u00e0 gest\u00e3o do risco de cat\u00e1strofes, com in\u00fameros exemplos de toda a rede na \u00e1rea da conce\u00e7\u00e3o de projectos sens\u00edveis ao clima e da prote\u00e7\u00e3o ambiental.&nbsp;<\/p>\n\n\n\n<p>Como sociedade civil e organiza\u00e7\u00e3o religiosa, servimos as comunidades mais marginalizadas, mas tamb\u00e9m vemos o contexto mais alargado. Temos de evitar cat\u00e1strofes e proteger as comunidades.&nbsp;<\/p>\n\n\n\n<p>Para uma a\u00e7\u00e3o clim\u00e1tica hol\u00edstica, precisamos de uma mudan\u00e7a a uma escala maior em prol da prote\u00e7\u00e3o do clima e da biodiversidade. No Dubai, devemos aproveitar esta oportunidade para nos unirmos e lutarmos contra a crise clim\u00e1tica, a fim de garantir um futuro mais seguro para a nossa fam\u00edlia global. Nas tr\u00eas recomenda\u00e7\u00f5es que se seguem, queremos partilhar as nossas aprendizagens para uma a\u00e7\u00e3o inclusiva e eficaz, na esperan\u00e7a de que sejam tidas em conta nas decis\u00f5es pol\u00edticas.&nbsp;&nbsp;<\/p>\n\n\n\n<p><strong>1. Maior considera\u00e7\u00e3o pelos actores da sociedade civil e pela popula\u00e7\u00e3o afetada<\/strong><strong>&nbsp;&nbsp;<\/strong><strong><\/strong><\/p>\n\n\n\n<p>A inclus\u00e3o ativa de grupos locais e vozes marginalizadas \u00e9 uma componente essencial de uma a\u00e7\u00e3o clim\u00e1tica eficaz. \u00c9 imperativo envolver os grupos-alvo afectados para compreender as suas necessidades. A ARDA acredita firmemente no princ\u00edpio de que as medidas de adapta\u00e7\u00e3o devem ser lideradas localmente a partir do n\u00edvel mais baixo poss\u00edvel da comunidade. Para n\u00f3s, isto inclui tamb\u00e9m a promo\u00e7\u00e3o de sistemas locais de seguran\u00e7a alimentar e de pequenos agricultores, bem como a prote\u00e7\u00e3o das comunidades ind\u00edgenas e a garantia de acesso \u00e0 terra. Estamos perfeitamente conscientes do impacto desproporcionado das altera\u00e7\u00f5es clim\u00e1ticas nas mulheres e noutros grupos marginalizados, exacerbando ainda mais as vulnerabilidades e desigualdades existentes.  Nos nossos projectos, damos prioridade \u00e0 capacita\u00e7\u00e3o dos indiv\u00edduos como especialistas das suas pr\u00f3prias vidas.  A educa\u00e7\u00e3o transformadora e a afeta\u00e7\u00e3o de recursos suficientes apoiam uma mudan\u00e7a sustent\u00e1vel. Neste contexto, salientamos o papel essencial que os actores mais pequenos e as organiza\u00e7\u00f5es da sociedade civil desempenham nos debates sobre o clima no \u00e2mbito da CQNUAC. Defendemos uma representa\u00e7\u00e3o cont\u00ednua e equitativa atrav\u00e9s de uma maior participa\u00e7\u00e3o presencial nas confer\u00eancias da ONU sobre o clima.&nbsp;<\/p>\n\n\n\n<p><strong>2. Para al\u00e9m da adapta\u00e7\u00e3o - considerar o ciclo completo da a\u00e7\u00e3o clim\u00e1tica<\/strong><strong>&nbsp;<\/strong><strong><\/strong><\/p>\n\n\n\n<p>&nbsp;Na ADRA, defendemos uma abordagem abrangente \u00e0 a\u00e7\u00e3o clim\u00e1tica que v\u00e1 para al\u00e9m da mera adapta\u00e7\u00e3o. Apoiamos as pessoas em muitas fases de ajuda e desenvolvimento. Conhecemos a import\u00e2ncia da abordagem nexus, das interliga\u00e7\u00f5es entre programas, da resposta sustent\u00e1vel, da recupera\u00e7\u00e3o r\u00e1pida e da conce\u00e7\u00e3o centrada nas pessoas. Uma vis\u00e3o hol\u00edstica de um problema traz a solu\u00e7\u00e3o mais sustent\u00e1vel. Uma vez que os efeitos das altera\u00e7\u00f5es clim\u00e1ticas s\u00e3o evidentes a tantos n\u00edveis - econ\u00f3mico, ambiental, de conflito humano, de migra\u00e7\u00e3o, para citar alguns - a resposta deve considerar v\u00e1rios desafios ao mesmo tempo. As pessoas mais afectadas por fen\u00f3menos lentos e s\u00fabitos devem receber ajuda r\u00e1pida e sustent\u00e1vel para reconstru\u00edrem as suas casas e vidas de uma forma melhor, mais sustent\u00e1vel, eficiente e segura. Acreditamos firmemente na lideran\u00e7a das comunidades e dos intervenientes locais na conce\u00e7\u00e3o e aplica\u00e7\u00e3o de programas de perdas e danos, uma vez que os seus conhecimentos e perspectivas constituem a base de uma a\u00e7\u00e3o clim\u00e1tica eficaz. Embora as medidas de adapta\u00e7\u00e3o sejam importantes, representam apenas uma faceta da nossa estrat\u00e9gia mais alargada. O apoio imediato aos mais vulner\u00e1veis \u00e9 fundamental, e comprometemo-nos a ajudar as regi\u00f5es afectadas a implementar as suas medidas de adapta\u00e7\u00e3o. Apoiamos firmemente a r\u00e1pida cria\u00e7\u00e3o do Fundo de Perdas e Danos, o seu acesso aos actores da sociedade civil e os pilares da justi\u00e7a clim\u00e1tica que devem constituir o fundo. Ao mesmo tempo, a adapta\u00e7\u00e3o s\u00f3 \u00e9 sustent\u00e1vel se restringirmos rapidamente as emiss\u00f5es. Todos os planos de adapta\u00e7\u00e3o devem ter tamb\u00e9m como objetivo a atenua\u00e7\u00e3o. O ciclo completo da a\u00e7\u00e3o clim\u00e1tica deve ser considerado nas negocia\u00e7\u00f5es pol\u00edticas.&nbsp;&nbsp;<\/p>\n\n\n\n<p><strong>3. Considerar a interdepend\u00eancia entre alimenta\u00e7\u00e3o, nutri\u00e7\u00e3o e clima para a constru\u00e7\u00e3o de comunidades sustent\u00e1veis e resilientes.&nbsp;<\/strong><strong>&nbsp;<\/strong><strong><\/strong><\/p>\n\n\n\n<p>&nbsp;Os projectos de utiliza\u00e7\u00e3o sustent\u00e1vel dos solos e de produ\u00e7\u00e3o alimentar sustent\u00e1vel s\u00e3o um ponto forte da ADRA. Vemos isso nos nossos projectos todos os dias: Existem interdepend\u00eancias importantes e crescentes entre as altera\u00e7\u00f5es clim\u00e1ticas, os choques clim\u00e1ticos e o acesso global a alimentos adequados e nutritivos. Os fen\u00f3menos meteorol\u00f3gicos extremos, como a seca, t\u00eam um impacto direto na seguran\u00e7a alimentar, especialmente para os mais marginalizados, e, por conseguinte, causam fome e subnutri\u00e7\u00e3o com efeitos extremos na sa\u00fade e no desenvolvimento f\u00edsico. O direito a uma alimenta\u00e7\u00e3o adequada deve ser um princ\u00edpio decisivo e orientador da nossa a\u00e7\u00e3o clim\u00e1tica. Abordagens hol\u00edsticas que compreendam as interdepend\u00eancias e trabalhem nas intersec\u00e7\u00f5es, por exemplo, a agroecologia, as solu\u00e7\u00f5es baseadas na natureza e a sa\u00fade \u00fanica, e que tenham em conta a compatibilidade clim\u00e1tica e os aspectos sociais. A reestrutura\u00e7\u00e3o dos sistemas alimentares deve basear-se nestas abordagens. Antecipamos ansiosamente o foco central nos sistemas alimentares na pr\u00f3xima COP e apelamos a um mecanismo de financiamento que reflicta a import\u00e2ncia destas intera\u00e7\u00f5es.  A ADRA junta-se \u00e0 COP28 como Observador no Dubai, marcando o nosso compromisso com a a\u00e7\u00e3o clim\u00e1tica. \u00c0 medida que a humanidade enfrenta a crise clim\u00e1tica, a a\u00e7\u00e3o colectiva \u00e9 o nosso maior trunfo. Antecipamos ansiosamente a colabora\u00e7\u00e3o, a aquisi\u00e7\u00e3o de conhecimentos e a cria\u00e7\u00e3o de solu\u00e7\u00f5es ao lado de outros actores experientes. Juntos, preparamos o caminho para um futuro sustent\u00e1vel.<\/p>","protected":false},"excerpt":{"rendered":"<p>No teatro da hist\u00f3ria do nosso mundo, 2023 surge como um ato fundamental na narrativa da a\u00e7\u00e3o clim\u00e1tica.<\/p>","protected":false},"author":1,"featured_media":43151,"comment_status":"closed","ping_status":"closed","sticky":false,"template":"","format":"standard","meta":{"_acf_changed":false,"_eb_attr":"","footnotes":""},"categories":[617],"tags":[56,679,873],"class_list":["post-30469","post","type-post","status-publish","format-standard","has-post-thumbnail","hentry","category-statement","tag-climate-change","tag-environment","tag-justice-compassion-love"],"acf":[],"_links":{"self":[{"href":"https:\/\/adra.org\/pt\/wp-json\/wp\/v2\/posts\/30469","targetHints":{"allow":["GET"]}}],"collection":[{"href":"https:\/\/adra.org\/pt\/wp-json\/wp\/v2\/posts"}],"about":[{"href":"https:\/\/adra.org\/pt\/wp-json\/wp\/v2\/types\/post"}],"author":[{"embeddable":true,"href":"https:\/\/adra.org\/pt\/wp-json\/wp\/v2\/users\/1"}],"replies":[{"embeddable":true,"href":"https:\/\/adra.org\/pt\/wp-json\/wp\/v2\/comments?post=30469"}],"version-history":[{"count":3,"href":"https:\/\/adra.org\/pt\/wp-json\/wp\/v2\/posts\/30469\/revisions"}],"predecessor-version":[{"id":45134,"href":"https:\/\/adra.org\/pt\/wp-json\/wp\/v2\/posts\/30469\/revisions\/45134"}],"wp:featuredmedia":[{"embeddable":true,"href":"https:\/\/adra.org\/pt\/wp-json\/wp\/v2\/media\/43151"}],"wp:attachment":[{"href":"https:\/\/adra.org\/pt\/wp-json\/wp\/v2\/media?parent=30469"}],"wp:term":[{"taxonomy":"category","embeddable":true,"href":"https:\/\/adra.org\/pt\/wp-json\/wp\/v2\/categories?post=30469"},{"taxonomy":"post_tag","embeddable":true,"href":"https:\/\/adra.org\/pt\/wp-json\/wp\/v2\/tags?post=30469"}],"curies":[{"name":"wp","href":"https:\/\/api.w.org\/{rel}","templated":true}]}}