{"id":29675,"date":"2023-10-20T08:13:13","date_gmt":"2023-10-20T08:13:13","guid":{"rendered":"https:\/\/adra.org\/?p=29675"},"modified":"2026-04-22T12:54:17","modified_gmt":"2026-04-22T12:54:17","slug":"behind-the-scenes-a-mission-to-save-lives","status":"publish","type":"post","link":"https:\/\/adra.org\/pt\/behind-the-scenes-a-mission-to-save-lives","title":{"rendered":"Nos bastidores: Uma miss\u00e3o para salvar vidas"},"content":{"rendered":"<figure class=\"wp-block-image size-large\"><img fetchpriority=\"high\" decoding=\"async\" width=\"1024\" height=\"768\" src=\"https:\/\/adra.org\/wp-content\/uploads\/2023\/10\/Aki-Sugimoto-Japan-Photo04-sugimoto-aki-1024x768.jpg\" alt=\"\" class=\"wp-image-29677\" srcset=\"https:\/\/adra.org\/wp-content\/uploads\/2023\/10\/Aki-Sugimoto-Japan-Photo04-sugimoto-aki-1024x768.jpg 1024w, https:\/\/adra.org\/wp-content\/uploads\/2023\/10\/Aki-Sugimoto-Japan-Photo04-sugimoto-aki-300x225.jpg 300w, https:\/\/adra.org\/wp-content\/uploads\/2023\/10\/Aki-Sugimoto-Japan-Photo04-sugimoto-aki-768x576.jpg 768w, https:\/\/adra.org\/wp-content\/uploads\/2023\/10\/Aki-Sugimoto-Japan-Photo04-sugimoto-aki-1536x1152.jpg 1536w, https:\/\/adra.org\/wp-content\/uploads\/2023\/10\/Aki-Sugimoto-Japan-Photo04-sugimoto-aki-2048x1536.jpg 2048w\" sizes=\"(max-width: 1024px) 100vw, 1024px\" \/><\/figure>\n\n\n\n<p>Aki Sugimoto, a Gestora de Programas da ADRA Jap\u00e3o, ajuda as comunidades h\u00e1 8 anos. Trabalhou na ajuda a muitos pa\u00edses como a Mal\u00e1sia e o Nepal.<\/p>\n\n\n\n<p>Sugimoto estava interessada em trabalhar para a ADRA porque gostava da forma como a ADRA apoia as pessoas necessitadas. Ela aprecia o facto de a ADRA chegar a pessoas que outras organiza\u00e7\u00f5es n\u00e3o conseguem alcan\u00e7ar.<\/p>\n\n\n\n<div class=\"wp-block-columns is-layout-flex wp-container-core-columns-is-layout-28f84493 wp-block-columns-is-layout-flex\">\n<div class=\"wp-block-column is-layout-flow wp-block-column-is-layout-flow\">\n<figure class=\"wp-block-image size-large\"><img decoding=\"async\" width=\"1024\" height=\"683\" src=\"https:\/\/adra.org\/wp-content\/uploads\/2023\/10\/Aki-Sugimoto-Japan-Photo02-sugimoto-aki-1024x683.jpg\" alt=\"\" class=\"wp-image-29678\" srcset=\"https:\/\/adra.org\/wp-content\/uploads\/2023\/10\/Aki-Sugimoto-Japan-Photo02-sugimoto-aki-1024x683.jpg 1024w, https:\/\/adra.org\/wp-content\/uploads\/2023\/10\/Aki-Sugimoto-Japan-Photo02-sugimoto-aki-300x200.jpg 300w, https:\/\/adra.org\/wp-content\/uploads\/2023\/10\/Aki-Sugimoto-Japan-Photo02-sugimoto-aki-768x512.jpg 768w, https:\/\/adra.org\/wp-content\/uploads\/2023\/10\/Aki-Sugimoto-Japan-Photo02-sugimoto-aki-1536x1024.jpg 1536w, https:\/\/adra.org\/wp-content\/uploads\/2023\/10\/Aki-Sugimoto-Japan-Photo02-sugimoto-aki-2048x1365.jpg 2048w\" sizes=\"(max-width: 1024px) 100vw, 1024px\" \/><\/figure>\n<\/div>\n\n\n\n<div class=\"wp-block-column is-layout-flow wp-block-column-is-layout-flow\">\n<figure class=\"wp-block-image size-large\"><img decoding=\"async\" width=\"1024\" height=\"768\" src=\"https:\/\/adra.org\/wp-content\/uploads\/2023\/10\/Aki-Sugimoto-Japan-Photo07-sugimoto-aki-1024x768.jpeg\" alt=\"\" class=\"wp-image-29679\" srcset=\"https:\/\/adra.org\/wp-content\/uploads\/2023\/10\/Aki-Sugimoto-Japan-Photo07-sugimoto-aki-1024x768.jpeg 1024w, https:\/\/adra.org\/wp-content\/uploads\/2023\/10\/Aki-Sugimoto-Japan-Photo07-sugimoto-aki-300x225.jpeg 300w, https:\/\/adra.org\/wp-content\/uploads\/2023\/10\/Aki-Sugimoto-Japan-Photo07-sugimoto-aki-768x576.jpeg 768w, https:\/\/adra.org\/wp-content\/uploads\/2023\/10\/Aki-Sugimoto-Japan-Photo07-sugimoto-aki-1536x1152.jpeg 1536w, https:\/\/adra.org\/wp-content\/uploads\/2023\/10\/Aki-Sugimoto-Japan-Photo07-sugimoto-aki-2048x1536.jpeg 2048w\" sizes=\"(max-width: 1024px) 100vw, 1024px\" \/><\/figure>\n<\/div>\n<\/div>\n\n\n\n<p>Ela tem muitas hist\u00f3rias que a marcaram no seu percurso na ADRA. Uma delas teve lugar no L\u00edbano. Sugimoto explica que, nessa altura, a ADRA trabalhava no sector da educa\u00e7\u00e3o e estava a tentar fazer com que as crian\u00e7as regressassem \u00e0 escola.<\/p>\n\n\n\n<p>Sugimoto explica que um rapaz refugiado da S\u00edria que veio para o L\u00edbano frequentava as aulas com entusiasmo, mas chegou uma altura em que deixou de vir. Sugimoto diz que o visitaram a ele e \u00e0 sua fam\u00edlia, descobrindo apenas que ele estava a assumir a responsabilidade de sustentar a fam\u00edlia atrav\u00e9s do trabalho.<\/p>\n\n\n\n<p>Apesar de ter apenas dez anos de idade, era a \u00fanica figura masculina da fam\u00edlia, uma vez que o pai permanecia na sua terra natal. Depois de conversas sinceras entre Sugimoto e a sua m\u00e3e, foi decidido que ele trabalharia durante a manh\u00e3 e regressaria \u00e0s aulas \u00e0 noite.<\/p>\n\n\n\n<p>Sugimoto sublinha: \u201cFoi muito emocionante para mim ter aquele rapaz de volta \u00e0 escola. E ele gostava de ir estudar. Por isso, quando o vimos de volta \u00e0s aulas, foi um momento feliz para mim\u201d.\u201d<\/p>\n\n\n\n<p>Sugimoto acredita que a ADRA est\u00e1 a responder de forma consistente \u00e0s emerg\u00eancias. Ela diz que um dos pontos fortes da ADRA reside na sua extensa rede e nas suas profundas liga\u00e7\u00f5es com as igrejas. A ADRA trabalha com v\u00e1rias ONG e nenhuma outra organiza\u00e7\u00e3o no Jap\u00e3o recebe ajuda de tantos pa\u00edses e igrejas.<\/p>\n\n\n\n<p>Sugimoto enfatiza: \u201cA ADRA chega \u00e0s pessoas onde nenhuma outra organiza\u00e7\u00e3o consegue chegar. Sinto-me muito honrado por fazer parte dessa equipa. Contribuir e continuar este trabalho humanit\u00e1rio que a ADRA tamb\u00e9m est\u00e1 a fazer. Por isso, gostaria que a ADRA Jap\u00e3o crescesse, se expandisse e salvasse mais vidas. \u201c<\/p>","protected":false},"excerpt":{"rendered":"<p>Aki Sugimoto, a Gestora de Programas da ADRA Jap\u00e3o, ajuda as comunidades h\u00e1 8 anos. Trabalhou na ajuda a muitos pa\u00edses como a Mal\u00e1sia e o Nepal.<\/p>","protected":false},"author":1,"featured_media":21998,"comment_status":"closed","ping_status":"closed","sticky":false,"template":"","format":"standard","meta":{"_acf_changed":false,"_eb_attr":"","footnotes":""},"categories":[780,615,814],"tags":[1139,873,426],"class_list":["post-29675","post","type-post","status-publish","format-standard","has-post-thumbnail","hentry","category-asia","category-blog","category-japan","tag-community-outreach","tag-justice-compassion-love","tag-volunteer"],"acf":[],"_links":{"self":[{"href":"https:\/\/adra.org\/pt\/wp-json\/wp\/v2\/posts\/29675","targetHints":{"allow":["GET"]}}],"collection":[{"href":"https:\/\/adra.org\/pt\/wp-json\/wp\/v2\/posts"}],"about":[{"href":"https:\/\/adra.org\/pt\/wp-json\/wp\/v2\/types\/post"}],"author":[{"embeddable":true,"href":"https:\/\/adra.org\/pt\/wp-json\/wp\/v2\/users\/1"}],"replies":[{"embeddable":true,"href":"https:\/\/adra.org\/pt\/wp-json\/wp\/v2\/comments?post=29675"}],"version-history":[{"count":3,"href":"https:\/\/adra.org\/pt\/wp-json\/wp\/v2\/posts\/29675\/revisions"}],"predecessor-version":[{"id":48684,"href":"https:\/\/adra.org\/pt\/wp-json\/wp\/v2\/posts\/29675\/revisions\/48684"}],"wp:featuredmedia":[{"embeddable":true,"href":"https:\/\/adra.org\/pt\/wp-json\/wp\/v2\/media\/21998"}],"wp:attachment":[{"href":"https:\/\/adra.org\/pt\/wp-json\/wp\/v2\/media?parent=29675"}],"wp:term":[{"taxonomy":"category","embeddable":true,"href":"https:\/\/adra.org\/pt\/wp-json\/wp\/v2\/categories?post=29675"},{"taxonomy":"post_tag","embeddable":true,"href":"https:\/\/adra.org\/pt\/wp-json\/wp\/v2\/tags?post=29675"}],"curies":[{"name":"wp","href":"https:\/\/api.w.org\/{rel}","templated":true}]}}