{"id":29574,"date":"2023-10-05T13:49:22","date_gmt":"2023-10-05T13:49:22","guid":{"rendered":"https:\/\/adra.org\/?p=29574"},"modified":"2026-03-11T19:49:56","modified_gmt":"2026-03-11T19:49:56","slug":"adra-celebrates-world-teachers-day-with-new-classroom-resources","status":"publish","type":"post","link":"https:\/\/adra.org\/pt\/adra-celebrates-world-teachers-day-with-new-classroom-resources","title":{"rendered":"A ADRA celebra o Dia Mundial dos Professores com novos recursos para a sala de aula e demonstra o seu empenho na educa\u00e7\u00e3o na Conven\u00e7\u00e3o Anual de Educadores"},"content":{"rendered":"<p><strong>SILVER SPRING, MD (5 de outubro de 2023)&nbsp;<\/strong>- Em comemora\u00e7\u00e3o ao Dia Mundial do Professor (5 de outubro), a Ag\u00eancia Adventista de Desenvolvimento e Recursos Assistenciais (ADRA) reconhece a dedica\u00e7\u00e3o e o papel vital dos professores em todo o mundo.  Para destacar o seu compromisso com os educadores, a ag\u00eancia humanit\u00e1ria global lan\u00e7ou o seu novo centro comunit\u00e1rio online com ferramentas digitais de sala de aula em agosto, na Conven\u00e7\u00e3o de Educadores da Divis\u00e3o Norte-Americana em Phoenix, Arizona.<\/p>\n\n\n\n<p>A ADRA juntou-se a milhares de educadores dos Estados Unidos e de todo o mundo na conven\u00e7\u00e3o, que teve lugar de 7 a 10 de agosto de 2023.  Como um dos principais expositores e patrocinadores do evento anual, que serve como um f\u00f3rum para novas estrat\u00e9gias de aprendizagem e actividades educativas, a ADRA organizou um stand de exposi\u00e7\u00e3o interactiva onde os participantes puderam aceder a recursos e presentes \u00fanicos para promover a aprendizagem na sala de aula. A ADRA tamb\u00e9m exibiu \u201cMe Llaman Migrante,\u201d (Chamam-me Migrante), um novo livro de hist\u00f3rias ilustrado para crian\u00e7as que descreve a situa\u00e7\u00e3o das crian\u00e7as migrantes, criado pelo escrit\u00f3rio da ADRA no M\u00e9xico, pela UNICEF e por outros parceiros de confian\u00e7a.<\/p>\n\n\n\n<div class=\"wp-block-group is-layout-constrained wp-block-group-is-layout-constrained\">\n<div class=\"wp-block-columns is-layout-flex wp-container-core-columns-is-layout-28f84493 wp-block-columns-is-layout-flex\">\n<div class=\"wp-block-column is-layout-flow wp-block-column-is-layout-flow\" style=\"flex-basis:33.33%\">\n<figure class=\"wp-block-image size-large\"><img fetchpriority=\"high\" decoding=\"async\" width=\"799\" height=\"1024\" src=\"https:\/\/adra.org\/wp-content\/uploads\/2023\/10\/D672D286-7E59-46D2-AC0F-08642CDEA40E-3-799x1024.png\" alt=\"\" class=\"wp-image-29563\" srcset=\"https:\/\/adra.org\/wp-content\/uploads\/2023\/10\/D672D286-7E59-46D2-AC0F-08642CDEA40E-3-799x1024.png 799w, https:\/\/adra.org\/wp-content\/uploads\/2023\/10\/D672D286-7E59-46D2-AC0F-08642CDEA40E-3-234x300.png 234w, https:\/\/adra.org\/wp-content\/uploads\/2023\/10\/D672D286-7E59-46D2-AC0F-08642CDEA40E-3-768x984.png 768w, https:\/\/adra.org\/wp-content\/uploads\/2023\/10\/D672D286-7E59-46D2-AC0F-08642CDEA40E-3.png 924w\" sizes=\"(max-width: 799px) 100vw, 799px\" \/><\/figure>\n<\/div>\n\n\n\n<div class=\"wp-block-column is-layout-flow wp-block-column-is-layout-flow\" style=\"flex-basis:66.66%\">\n<p>\u201cO objetivo da ADRA \u00e9 inspirar e equipar os educadores com ferramentas para promover ambientes de aprendizagem compassivos e capacitar os alunos para criarem mudan\u00e7as positivas.  O nosso novo centro comunit\u00e1rio levar\u00e1 a miss\u00e3o humanit\u00e1ria da ADRA para a sala de aula e esperamos que o nosso livro de hist\u00f3rias para crian\u00e7as ajude os jovens a compreender as dificuldades dos refugiados e a promover a empatia por esta popula\u00e7\u00e3o em tr\u00e2nsito\u201d, afirma Cassandra Hales, especialista em impacto social da ADRA International.<\/p>\n<\/div>\n<\/div>\n<\/div>\n\n\n\n<figure class=\"wp-block-image size-large\"><img decoding=\"async\" width=\"1024\" height=\"683\" src=\"https:\/\/adra.org\/wp-content\/uploads\/2023\/10\/29E5977A-C7FF-4D9C-A743-5E85AAC34EC2_1_201_a-1024x683.jpeg\" alt=\"\" class=\"wp-image-29555\" srcset=\"https:\/\/adra.org\/wp-content\/uploads\/2023\/10\/29E5977A-C7FF-4D9C-A743-5E85AAC34EC2_1_201_a-1024x683.jpeg 1024w, https:\/\/adra.org\/wp-content\/uploads\/2023\/10\/29E5977A-C7FF-4D9C-A743-5E85AAC34EC2_1_201_a-300x200.jpeg 300w, https:\/\/adra.org\/wp-content\/uploads\/2023\/10\/29E5977A-C7FF-4D9C-A743-5E85AAC34EC2_1_201_a-768x512.jpeg 768w, https:\/\/adra.org\/wp-content\/uploads\/2023\/10\/29E5977A-C7FF-4D9C-A743-5E85AAC34EC2_1_201_a-1536x1025.jpeg 1536w, https:\/\/adra.org\/wp-content\/uploads\/2023\/10\/29E5977A-C7FF-4D9C-A743-5E85AAC34EC2_1_201_a-2048x1366.jpeg 2048w\" sizes=\"(max-width: 1024px) 100vw, 1024px\" \/><\/figure>\n\n\n\n<p>\u201cAdorei o stand da ADRA, especialmente o livro (They Call Me Migrant) porque, como professora de B\u00edblia e de estudos sociais, quero que os meus alunos se sintam mais ligados ao mundo que os rodeia. Al\u00e9m disso, quero que vejam como \u00e9 a vida das pessoas noutras partes do mundo e que comecem a pensar, mesmo quando s\u00e3o jovens, na escola secund\u00e1ria, como podem chegar \u00e0 sua pr\u00f3pria comunidade e prestar cuidados e amor \u00e0s pessoas que os rodeiam todos os dias, em pequenas coisas. Fiquei entusiasmada ao ver o livro e vou lev\u00e1-lo para a minha sala de aula e partilh\u00e1-lo com os meus alunos\u201d. Diz Rachel Tyson, professora da Academia Adventista de Viena, na Virg\u00ednia.<\/p>\n\n\n\n<div class=\"wp-block-columns is-layout-flex wp-container-core-columns-is-layout-28f84493 wp-block-columns-is-layout-flex\">\n<div class=\"wp-block-column is-layout-flow wp-block-column-is-layout-flow\">\n<figure class=\"wp-block-image size-large\"><img decoding=\"async\" width=\"584\" height=\"1024\" src=\"https:\/\/adra.org\/wp-content\/uploads\/2023\/10\/21DE5B13-2FEA-4F5B-8D9E-E1F6EEA06C8A-584x1024.png\" alt=\"\" class=\"wp-image-29553\" srcset=\"https:\/\/adra.org\/wp-content\/uploads\/2023\/10\/21DE5B13-2FEA-4F5B-8D9E-E1F6EEA06C8A-584x1024.png 584w, https:\/\/adra.org\/wp-content\/uploads\/2023\/10\/21DE5B13-2FEA-4F5B-8D9E-E1F6EEA06C8A-171x300.png 171w, https:\/\/adra.org\/wp-content\/uploads\/2023\/10\/21DE5B13-2FEA-4F5B-8D9E-E1F6EEA06C8A.png 758w\" sizes=\"(max-width: 584px) 100vw, 584px\" \/><\/figure>\n<\/div>\n\n\n\n<div class=\"wp-block-column is-layout-flow wp-block-column-is-layout-flow\">\n<figure class=\"wp-block-image size-large\"><img loading=\"lazy\" decoding=\"async\" width=\"1024\" height=\"768\" src=\"https:\/\/adra.org\/wp-content\/uploads\/2023\/10\/5FF1B13E-F779-4BB8-AC83-667784524206_1_201_a-1024x768.jpeg\" alt=\"\" class=\"wp-image-29560\" srcset=\"https:\/\/adra.org\/wp-content\/uploads\/2023\/10\/5FF1B13E-F779-4BB8-AC83-667784524206_1_201_a-1024x768.jpeg 1024w, https:\/\/adra.org\/wp-content\/uploads\/2023\/10\/5FF1B13E-F779-4BB8-AC83-667784524206_1_201_a-300x225.jpeg 300w, https:\/\/adra.org\/wp-content\/uploads\/2023\/10\/5FF1B13E-F779-4BB8-AC83-667784524206_1_201_a-768x576.jpeg 768w, https:\/\/adra.org\/wp-content\/uploads\/2023\/10\/5FF1B13E-F779-4BB8-AC83-667784524206_1_201_a-1536x1152.jpeg 1536w, https:\/\/adra.org\/wp-content\/uploads\/2023\/10\/5FF1B13E-F779-4BB8-AC83-667784524206_1_201_a-2048x1536.jpeg 2048w\" sizes=\"(max-width: 1024px) 100vw, 1024px\" \/><\/figure>\n\n\n\n<div class=\"wp-block-columns is-layout-flex wp-container-core-columns-is-layout-28f84493 wp-block-columns-is-layout-flex\">\n<div class=\"wp-block-column is-layout-flow wp-block-column-is-layout-flow\">\n<p>Na conven\u00e7\u00e3o, a ADRA tamb\u00e9m convidou os participantes a descobrir o seu legado de 40 anos de assist\u00eancia humanit\u00e1ria e impacto social atrav\u00e9s de workshops especiais de advocacia e semin\u00e1rios ADRA Connections.  Professores e alunos aprenderam sobre os esfor\u00e7os globais para manter as crian\u00e7as na escola, bem como sobre o programa de servi\u00e7o de curto prazo ADRA Connections, que leva jovens volunt\u00e1rios em miss\u00f5es que mudam a vida em todo o mundo para servir as comunidades e alargar a sua perspetiva global.<\/p>\n<\/div>\n<\/div>\n<\/div>\n<\/div>\n\n\n\n<figure class=\"wp-block-image size-large\"><img loading=\"lazy\" decoding=\"async\" width=\"1024\" height=\"683\" src=\"https:\/\/adra.org\/wp-content\/uploads\/2023\/10\/4F4A5597-4664-442B-8C2E-390D2D4D9A76-1024x683.jpeg\" alt=\"\" class=\"wp-image-29561\" srcset=\"https:\/\/adra.org\/wp-content\/uploads\/2023\/10\/4F4A5597-4664-442B-8C2E-390D2D4D9A76-1024x683.jpeg 1024w, https:\/\/adra.org\/wp-content\/uploads\/2023\/10\/4F4A5597-4664-442B-8C2E-390D2D4D9A76-300x200.jpeg 300w, https:\/\/adra.org\/wp-content\/uploads\/2023\/10\/4F4A5597-4664-442B-8C2E-390D2D4D9A76-768x512.jpeg 768w, https:\/\/adra.org\/wp-content\/uploads\/2023\/10\/4F4A5597-4664-442B-8C2E-390D2D4D9A76-1536x1025.jpeg 1536w, https:\/\/adra.org\/wp-content\/uploads\/2023\/10\/4F4A5597-4664-442B-8C2E-390D2D4D9A76-2048x1366.jpeg 2048w\" sizes=\"(max-width: 1024px) 100vw, 1024px\" \/><\/figure>\n\n\n\n<blockquote class=\"wp-block-quote is-layout-flow wp-block-quote-is-layout-flow\">\n<p>\u201cA NAD Education aprecia a sua colabora\u00e7\u00e3o com a ADRA e apoia oportunidades para um envolvimento cont\u00ednuo que tenha um impacto positivo nas vidas. E no sal\u00e3o de exposi\u00e7\u00f5es da nossa conven\u00e7\u00e3o, estamos muito satisfeitos pelo facto de a ADRA ter sido capaz de fornecer aos nossos participantes ferramentas de sala de aula e informa\u00e7\u00f5es que ir\u00e3o melhorar a sua capacidade de ensinar os alunos sobre os esfor\u00e7os humanit\u00e1rios globais\u201d, expressou Arne Nielsen, vice-presidente de educa\u00e7\u00e3o da Divis\u00e3o Norte-Americana da Igreja Adventista do S\u00e9timo Dia.<\/p>\n<\/blockquote>\n\n\n\n<blockquote class=\"wp-block-quote is-layout-flow wp-block-quote-is-layout-flow\">\n<div class=\"wp-block-columns is-layout-flex wp-container-core-columns-is-layout-28f84493 wp-block-columns-is-layout-flex\">\n<div class=\"wp-block-column is-layout-flow wp-block-column-is-layout-flow\">\n<figure class=\"wp-block-image size-large\"><img loading=\"lazy\" decoding=\"async\" width=\"1024\" height=\"695\" src=\"https:\/\/adra.org\/wp-content\/uploads\/2023\/10\/5F451461-32F6-4FAB-B1D5-F28CB8955EA9_1_201_a-1024x695.jpeg\" alt=\"\" class=\"wp-image-29562\" srcset=\"https:\/\/adra.org\/wp-content\/uploads\/2023\/10\/5F451461-32F6-4FAB-B1D5-F28CB8955EA9_1_201_a-1024x695.jpeg 1024w, https:\/\/adra.org\/wp-content\/uploads\/2023\/10\/5F451461-32F6-4FAB-B1D5-F28CB8955EA9_1_201_a-300x204.jpeg 300w, https:\/\/adra.org\/wp-content\/uploads\/2023\/10\/5F451461-32F6-4FAB-B1D5-F28CB8955EA9_1_201_a-768x521.jpeg 768w, https:\/\/adra.org\/wp-content\/uploads\/2023\/10\/5F451461-32F6-4FAB-B1D5-F28CB8955EA9_1_201_a-1536x1043.jpeg 1536w, https:\/\/adra.org\/wp-content\/uploads\/2023\/10\/5F451461-32F6-4FAB-B1D5-F28CB8955EA9_1_201_a-2048x1391.jpeg 2048w\" sizes=\"(max-width: 1024px) 100vw, 1024px\" \/><\/figure>\n<\/div>\n\n\n\n<div class=\"wp-block-column is-layout-flow wp-block-column-is-layout-flow\">\n<p>Al\u00e9m disso, a galeria de fotojornalistas da ADRA ofereceu aos educadores e estudantes uma antevis\u00e3o do seu futuro document\u00e1rio, que ir\u00e1 lan\u00e7ar luz sobre os desafios enfrentados por muitas pessoas deslocadas em todo o mundo. O filme ser\u00e1 lan\u00e7ado em 2024.<\/p>\n<\/div>\n<\/div>\n<\/blockquote>\n\n\n\n<p>Os educadores podem saber mais sobre o trabalho humanit\u00e1rio global da ADRA juntando-se ao centro da comunidade em&nbsp;<a href=\"https:\/\/communityhub.adra.cloud\/resources\/\">https:\/\/communityhub.adra.cloud\/resources\/<\/a>.<\/p>","protected":false},"excerpt":{"rendered":"<p>SILVER SPRING, MD (October 5, 2023)&nbsp;\u2013 In commemoration of World Teacher\u2019s Day (Oct. 5), the Adventist Development and Relief Agency (ADRA) recognizes the dedication and vital role of teachers across the world.&nbsp; To highlight its commitment to educators, the global humanitarian agency launched its new online community hub with digital classroom tools in August at [&hellip;]<\/p>\n","protected":false},"author":1,"featured_media":29548,"comment_status":"closed","ping_status":"closed","sticky":false,"template":"","format":"standard","meta":{"_acf_changed":false,"_eb_attr":"","footnotes":""},"categories":[594,614,11],"tags":[873,1137],"class_list":["post-29574","post","type-post","status-publish","format-standard","has-post-thumbnail","hentry","category-education","category-news","category-press-release","tag-justice-compassion-love","tag-ways-to-give"],"acf":[],"_links":{"self":[{"href":"https:\/\/adra.org\/pt\/wp-json\/wp\/v2\/posts\/29574","targetHints":{"allow":["GET"]}}],"collection":[{"href":"https:\/\/adra.org\/pt\/wp-json\/wp\/v2\/posts"}],"about":[{"href":"https:\/\/adra.org\/pt\/wp-json\/wp\/v2\/types\/post"}],"author":[{"embeddable":true,"href":"https:\/\/adra.org\/pt\/wp-json\/wp\/v2\/users\/1"}],"replies":[{"embeddable":true,"href":"https:\/\/adra.org\/pt\/wp-json\/wp\/v2\/comments?post=29574"}],"version-history":[{"count":4,"href":"https:\/\/adra.org\/pt\/wp-json\/wp\/v2\/posts\/29574\/revisions"}],"predecessor-version":[{"id":45158,"href":"https:\/\/adra.org\/pt\/wp-json\/wp\/v2\/posts\/29574\/revisions\/45158"}],"wp:featuredmedia":[{"embeddable":true,"href":"https:\/\/adra.org\/pt\/wp-json\/wp\/v2\/media\/29548"}],"wp:attachment":[{"href":"https:\/\/adra.org\/pt\/wp-json\/wp\/v2\/media?parent=29574"}],"wp:term":[{"taxonomy":"category","embeddable":true,"href":"https:\/\/adra.org\/pt\/wp-json\/wp\/v2\/categories?post=29574"},{"taxonomy":"post_tag","embeddable":true,"href":"https:\/\/adra.org\/pt\/wp-json\/wp\/v2\/tags?post=29574"}],"curies":[{"name":"wp","href":"https:\/\/api.w.org\/{rel}","templated":true}]}}