{"id":2955,"date":"2015-07-04T03:59:31","date_gmt":"2015-07-04T03:59:31","guid":{"rendered":"https:\/\/adra.org\/?p=2955"},"modified":"2026-04-15T17:42:38","modified_gmt":"2026-04-15T17:42:38","slug":"be-the-one-to-serve-the-one","status":"publish","type":"post","link":"https:\/\/adra.org\/pt\/be-the-one-to-serve-the-one","title":{"rendered":"Ser o \u00fanico a servir o \u00fanico"},"content":{"rendered":"<h2>ADRA apela aos Adventistas para \u201cSerem os \u00danicos a Servir os \u00danicos\u201d na Sess\u00e3o da Confer\u00eancia Geral de 2015<\/h2>\n<p>SAN ANTONIO-Na Sess\u00e3o da Confer\u00eancia Geral de 2015, a Ag\u00eancia Adventista de Desenvolvimento e Recursos Assistenciais (ADRA) Internacional est\u00e1 a apelar aos adventistas de todo o mundo para que se juntem ao movimento para trazer mudan\u00e7as duradouras e positivas \u00e0s comunidades em todo o mundo.<br \/>\n\u201cA maioria dos movimentos sociais come\u00e7ou com pessoas apaixonadas que estavam dispostas a levantar-se e a dar voz \u00e0 justi\u00e7a e a estender a m\u00e3o para fazer a diferen\u00e7a\u201d, disse Jonathan Duffy, Presidente da ADRA Internacional. \u201cSe conseguirmos iniciar esse movimento como igreja e trazer outras denomina\u00e7\u00f5es e at\u00e9 religi\u00f5es a bordo e encontrarmos uma voz comum, ent\u00e3o podemos realmente efetuar mudan\u00e7as.\u201d<br \/>\nA exposi\u00e7\u00e3o da ADRA deste ano, \u201cBe the one to serve the One\u201d, localizada no Centro de Conven\u00e7\u00f5es Henry B. Gonzalez, C1353, chama os adventistas a uma vida de amor semelhante ao de Cristo atrav\u00e9s do servi\u00e7o, compaix\u00e3o, justi\u00e7a e miseric\u00f3rdia.<br \/>\nA exposi\u00e7\u00e3o \u00e9 baseada em Mateus 25:35-36, mostrando como os crist\u00e3os adventistas podem servir a Jesus atendendo \u00e0s necessidades imediatas das pessoas que vivem na pobreza. O stand apresenta hist\u00f3rias de refugiados s\u00edrios, raparigas em risco de tr\u00e1fico humano na Tail\u00e2ndia, empres\u00e1rios peruanos e comunidades remotas que recebem cuidados m\u00e9dicos na Amaz\u00f3nia brasileira.<br \/>\n\u201cO Evangelho ganha vida quando nos encontramos cara a cara com os necessitados e agimos para os servir\u201d, explicou Duffy.<br \/>\nNos \u00faltimos 30 anos, a ADRA tem estado a trabalhar lado a lado com as comunidades para trazer mudan\u00e7as sustent\u00e1veis e recursos para erradicar a pobreza. S\u00f3 nos \u00faltimos cinco anos, a ADRA trabalhou com mais de 97 milh\u00f5es de pessoas em \u00e1reas como a seguran\u00e7a alimentar, a \u00e1gua, a sa\u00fade comunit\u00e1ria, a educa\u00e7\u00e3o e a ajuda em caso de cat\u00e1strofe.<br \/>\nA ADRA est\u00e1 a encorajar os participantes da Sess\u00e3o de CG a passarem pela exposi\u00e7\u00e3o da ADRA e a aprenderem mais sobre como podem #ServirOUm e a partilharem o que \u201cSer o \u00fanico a servir o Um\u201d significa para eles nas redes sociais.<br \/>\n<strong>Sobre a ADRA<\/strong><br \/>\nA Ag\u00eancia Adventista de Desenvolvimento e Assist\u00eancia Internacional \u00e9 o bra\u00e7o humanit\u00e1rio da Igreja Adventista do S\u00e9timo Dia. O seu trabalho fortalece as comunidades e muda vidas em todo o mundo, proporcionando desenvolvimento comunit\u00e1rio sustent\u00e1vel e ajuda em caso de cat\u00e1strofe. Para mais informa\u00e7\u00f5es, visite ADRA.org.<\/p>","protected":false},"excerpt":{"rendered":"<p>At the 2015 General Conference Session, the Adventist Development and Relief Agency (ADRA) International is calling Adventists from all over the world to join the movement to bring about long-lasting and positive change to communities around the world.<\/p>","protected":false},"author":1,"featured_media":2991,"comment_status":"open","ping_status":"open","sticky":false,"template":"","format":"standard","meta":{"_acf_changed":false,"_eb_attr":"","footnotes":""},"categories":[11],"tags":[741,348,1092],"class_list":["post-2955","post","type-post","status-publish","format-standard","has-post-thumbnail","hentry","category-press-release","tag-adventist-church","tag-gc-session","tag-general-conference-gc"],"acf":[],"_links":{"self":[{"href":"https:\/\/adra.org\/pt\/wp-json\/wp\/v2\/posts\/2955","targetHints":{"allow":["GET"]}}],"collection":[{"href":"https:\/\/adra.org\/pt\/wp-json\/wp\/v2\/posts"}],"about":[{"href":"https:\/\/adra.org\/pt\/wp-json\/wp\/v2\/types\/post"}],"author":[{"embeddable":true,"href":"https:\/\/adra.org\/pt\/wp-json\/wp\/v2\/users\/1"}],"replies":[{"embeddable":true,"href":"https:\/\/adra.org\/pt\/wp-json\/wp\/v2\/comments?post=2955"}],"version-history":[{"count":6,"href":"https:\/\/adra.org\/pt\/wp-json\/wp\/v2\/posts\/2955\/revisions"}],"predecessor-version":[{"id":48375,"href":"https:\/\/adra.org\/pt\/wp-json\/wp\/v2\/posts\/2955\/revisions\/48375"}],"wp:featuredmedia":[{"embeddable":true,"href":"https:\/\/adra.org\/pt\/wp-json\/wp\/v2\/media\/2991"}],"wp:attachment":[{"href":"https:\/\/adra.org\/pt\/wp-json\/wp\/v2\/media?parent=2955"}],"wp:term":[{"taxonomy":"category","embeddable":true,"href":"https:\/\/adra.org\/pt\/wp-json\/wp\/v2\/categories?post=2955"},{"taxonomy":"post_tag","embeddable":true,"href":"https:\/\/adra.org\/pt\/wp-json\/wp\/v2\/tags?post=2955"}],"curies":[{"name":"wp","href":"https:\/\/api.w.org\/{rel}","templated":true}]}}