{"id":29505,"date":"2023-10-02T18:19:14","date_gmt":"2023-10-02T18:19:14","guid":{"rendered":"https:\/\/adra.org\/?p=29505"},"modified":"2026-04-16T13:54:47","modified_gmt":"2026-04-16T13:54:47","slug":"adra-appoints-three-new-vice-presidents","status":"publish","type":"post","link":"https:\/\/adra.org\/pt\/adra-appoints-three-new-vice-presidents","title":{"rendered":"A ADRA nomeia tr\u00eas novos vice-presidentes"},"content":{"rendered":"<p>SILVER SPRING, MD (2 de outubro de 2023) - A Ag\u00eancia Adventista de Desenvolvimento e Recursos Assistenciais (ADRA) anunciou a nomea\u00e7\u00e3o de tr\u00eas novos vice-presidentes.<\/p>\n\n\n\n<p>Charn\u00e9 Renou foi nomeado novo vice-presidente financeiro da ag\u00eancia. <\/p>\n\n\n\n<p>Sonya Funna Evelyn foi nomeada para um cargo de vice-presidente rec\u00e9m-criado no crescente espa\u00e7o program\u00e1tico e humanit\u00e1rio da ag\u00eancia.<\/p>\n\n\n\n<p>Derris Krause foi nomeado novo vice-presidente de marketing e desenvolvimento da ag\u00eancia.<\/p>\n\n\n\n<p><\/p>\n\n\n\n<h2 class=\"wp-block-heading\"><strong>Charn<\/strong><strong>\u00e9<\/strong><strong> Renou<\/strong><\/h2>\n\n\n\n<p>A nomea\u00e7\u00e3o da Sra. Renou entrar\u00e1 em vigor o mais rapidamente poss\u00edvel, com uma data de in\u00edcio a ser partilhada em breve. Ela assume o papel anteriormente ocupado por Olivier Guth, que se ir\u00e1 reformar num futuro pr\u00f3ximo, depois de ter trabalhado com a ADRA Internacional desde 1999, ap\u00f3s ter servido em \u00c1frica durante 18 anos.<\/p>\n\n\n\n<p>\u201cEstamos satisfeitos por ter a Charn\u00e9 a juntar-se \u00e0 nossa equipa de lideran\u00e7a e estamos ansiosos pela experi\u00eancia que ela traz para a ADRA\u201d, diz Michael Kruger, presidente da ADRA Internacional. \u201cPara al\u00e9m do seu conhecimento e experi\u00eancia em finan\u00e7as, ela \u00e9 uma pensadora estrat\u00e9gica e uma l\u00edder confiante, que \u00e9 exatamente o que precisamos quando olhamos para o futuro da ADRA.\u201d<\/p>\n\n\n\n<p><strong>Sobre Charn<\/strong><strong>\u00e9 Renou<\/strong><\/p>\n\n\n\n<figure class=\"wp-block-image alignleft size-medium is-resized\"><img fetchpriority=\"high\" decoding=\"async\" src=\"https:\/\/adra.org\/wp-content\/uploads\/2023\/10\/Charne-300x184.png\" alt=\"\" class=\"wp-image-29506\" width=\"337\" height=\"207\" srcset=\"https:\/\/adra.org\/wp-content\/uploads\/2023\/10\/Charne-300x184.png 300w, https:\/\/adra.org\/wp-content\/uploads\/2023\/10\/Charne-768x472.png 768w, https:\/\/adra.org\/wp-content\/uploads\/2023\/10\/Charne.png 931w\" sizes=\"(max-width: 337px) 100vw, 337px\" \/><figcaption class=\"wp-element-caption\"><em>Charn\u00e9 Renou<\/em><\/figcaption><\/figure>\n\n\n\n<p>A Sra. Renou juntar-se-\u00e1 \u00e0 ADRA com uma experi\u00eancia significativa em finan\u00e7as e lideran\u00e7a. Antes de se juntar \u00e0 ADRA, desempenhou recentemente as fun\u00e7\u00f5es de People Lead Manager do Departamento de Auditoria da KPMG, uma rede global de empresas profissionais que presta servi\u00e7os de auditoria, fiscais e de consultoria, com sede no Reino Unido.<\/p>\n\n\n\n<p>Durante os seus anos na empresa, a Sra. Renou geriu e dirigiu equipas de auditoria para v\u00e1rios dos 25 principais clientes da KPMG. Para al\u00e9m da sua carteira de clientes, o papel da Sra. Renou evoluiu para incluir a assist\u00eancia ao s\u00f3cio-gerente da empresa na lideran\u00e7a dos aspectos \u201cpessoais\u201d do departamento de auditoria. Esse apoio estrat\u00e9gico inclu\u00eda a gest\u00e3o do desempenho e a forma\u00e7\u00e3o, bem como o recrutamento, a reten\u00e7\u00e3o e o planeamento de recursos.<\/p>\n\n\n\n<p>Antes da KPMG, a Sra. Renou trabalhou para a PwC em Stellenbosch e na Cidade do Cabo, na \u00c1frica do Sul, em fun\u00e7\u00f5es de contabilidade e auditoria. Os seus clientes inclu\u00edam empresas dos sectores da sa\u00fade, retalho, agricultura, entre outros.<\/p>\n\n\n\n<p>A Sra. Renou \u00e9 membro profissional do South African Institute of Chartered Accountants.<\/p>\n\n\n\n<h2 class=\"wp-block-heading\"><strong>Sonya Funna Evelyn<\/strong><\/h2>\n\n\n\n<p>O novo papel da Sra. Funna Evelyn ser\u00e1 em adi\u00e7\u00e3o ao vice-presidente de programas da ag\u00eancia, Imad Madanat, e permitir\u00e1 um foco intencional e dedicado nas duas \u00e1reas de desenvolvimento e resposta humanit\u00e1ria, bem como fornecer\u00e1 lideran\u00e7a estrat\u00e9gica para o crescimento futuro \u00e0 medida que a ADRA implementa um novo quadro estrat\u00e9gico global.<\/p>\n\n\n\n<p>\u201cSonya \u00e9 um membro especial da fam\u00edlia ADRA, e estou incrivelmente feliz em v\u00ea-la nesta nova fun\u00e7\u00e3o\u201d, diz Michael Kruger, presidente da ADRA Internacional. \u201cOs seus anos de lideran\u00e7a ajudaram a trazer a ADRA para onde est\u00e1 agora, e n\u00e3o tenho d\u00favidas de que a sua lideran\u00e7a neste papel continuar\u00e1 a ajudar-nos a crescer e a desafiar-nos nos pr\u00f3ximos anos.\u201d<\/p>\n\n\n\n<p><strong>Sobre Sonya Funna Evelyn<\/strong><\/p>\n\n\n\n<figure class=\"wp-block-image alignleft size-medium\"><img decoding=\"async\" width=\"241\" height=\"300\" src=\"https:\/\/adra.org\/wp-content\/uploads\/2023\/10\/Sonya-Funna-241x300.png\" alt=\"\" class=\"wp-image-29509\" srcset=\"https:\/\/adra.org\/wp-content\/uploads\/2023\/10\/Sonya-Funna-241x300.png 241w, https:\/\/adra.org\/wp-content\/uploads\/2023\/10\/Sonya-Funna.png 455w\" sizes=\"(max-width: 241px) 100vw, 241px\" \/><figcaption class=\"wp-element-caption\"><em>Sonya Funna Evelyn<\/em><\/figcaption><\/figure>\n\n\n\n<p>A Sra. Funna Evelyn tem servido como diretora s\u00e9nior da ADRA para programas e inova\u00e7\u00e3o desde 2016.<\/p>\n\n\n\n<p>No seu papel, ajudou a definir a vis\u00e3o e a dire\u00e7\u00e3o da ADRA Internacional e geriu e orientou uma equipa diversificada de mais de 30 t\u00e9cnicos, especialistas em desenvolvimento de neg\u00f3cios e aprendizagem de programas. Al\u00e9m disso, a Sra. Funna Evelyn ajudou a desenvolver parcerias com empresas, ag\u00eancias governamentais, institui\u00e7\u00f5es acad\u00e9micas e funda\u00e7\u00f5es, e \u00e9 uma representante-chave da ADRA junto de doadores, parceiros e outras partes interessadas.<\/p>\n\n\n\n<p>Foi tamb\u00e9m a primeira presidente do trabalho da ADRA em mat\u00e9ria de diversidade, equidade e inclus\u00e3o para garantir que as pol\u00edticas se alinham com a realidade.<\/p>\n\n\n\n<p>Antes da sua fun\u00e7\u00e3o atual, a Sra. Funna Evelyn desempenhou outras fun\u00e7\u00f5es de diretora e conselheira na ADRA e foi professora adjunta na Universidade Adventista de Washington.<\/p>\n\n\n\n<p>A Sra. Funna Evelyn obteve um mestrado em estudos de desenvolvimento internacional na Elliott School of International Affairs da Universidade George Washington e um mestrado em psicologia cl\u00ednica na Universidade Pepperdine. Obteve a sua licenciatura em psicologia na Universidade George Mason.<\/p>\n\n\n\n<h2 class=\"wp-block-heading\"><strong>Derris Krause<\/strong><\/h2>\n\n\n\n<p>A nomea\u00e7\u00e3o do Sr. Krause tem efeito imediato e preenche o cargo anteriormente ocupado por Matthew Siliga, que agora \u00e9 vice-presidente da ADRA para opera\u00e7\u00f5es estrat\u00e9gicas e crescimento.<\/p>\n\n\n\n<p>\u201cDerris faz parte da fam\u00edlia ADRA h\u00e1 muito tempo e j\u00e1 \u00e9 um l\u00edder comprovado para a nossa equipa de marketing e desenvolvimento\u201d, afirma Michael Kruger, presidente da ADRA International. \u201cCom a sua vasta experi\u00eancia nesta \u00e1rea e o seu empenho em desenvolver os outros como l\u00edderes, estou confiante de que ele ser\u00e1 uma adi\u00e7\u00e3o excelente e eficaz \u00e0 nossa equipa executiva.\u201d<\/p>\n\n\n\n<p><strong>Sobre Derris Krause<\/strong><\/p>\n\n\n\n<figure class=\"wp-block-image alignleft size-medium\"><img decoding=\"async\" width=\"200\" height=\"300\" src=\"https:\/\/adra.org\/wp-content\/uploads\/2023\/10\/Derris-200x300.png\" alt=\"\" class=\"wp-image-29508\" srcset=\"https:\/\/adra.org\/wp-content\/uploads\/2023\/10\/Derris-200x300.png 200w, https:\/\/adra.org\/wp-content\/uploads\/2023\/10\/Derris-683x1024.png 683w, https:\/\/adra.org\/wp-content\/uploads\/2023\/10\/Derris.png 698w\" sizes=\"(max-width: 200px) 100vw, 200px\" \/><figcaption class=\"wp-element-caption\"><em>Derris Krause<\/em><\/figcaption><\/figure>\n\n\n\n<p>O Sr. Krause \u00e9 o diretor s\u00e9nior da ADRA Internacional para o desenvolvimento desde 2022, mas a sua carreira na ADRA come\u00e7ou em 1987.<\/p>\n\n\n\n<p>Ocupou v\u00e1rios cargos na ag\u00eancia, come\u00e7ando como diretor adjunto de voluntariado e angaria\u00e7\u00e3o de fundos e terminando como diretor de grandes doa\u00e7\u00f5es e doa\u00e7\u00f5es planeadas, antes de sair em 2011 para servir como diretor de marketing e grandes doa\u00e7\u00f5es, e depois como vice-presidente de marketing e angaria\u00e7\u00e3o de fundos, no Hope Channel.<\/p>\n\n\n\n<p>Depois do Hope Channel, o Sr. Kraus juntou-se \u00e0 WGTS 91.9, uma esta\u00e7\u00e3o de r\u00e1dio de m\u00fasica crist\u00e3 da \u00e1rea metropolitana de Washington, D.C., em 2016, onde serviu como diretor de doa\u00e7\u00f5es importantes e planejadas at\u00e9 retornar \u00e0 ADRA em 2022.<\/p>\n\n\n\n<p>O Sr. Kraus tem um mestrado em administra\u00e7\u00e3o com \u00eanfase no desenvolvimento internacional pela Andrew's University, bem como um bacharelato em teologia pelo Pacific Union College. Tamb\u00e9m possui certificados em gest\u00e3o de angaria\u00e7\u00e3o de fundos, servi\u00e7os fiduci\u00e1rios, planeamento imobili\u00e1rio, recursos humanos e manuten\u00e7\u00e3o de avia\u00e7\u00e3o. \u00c9 tamb\u00e9m um piloto comercial licenciado e mec\u00e2nico de avi\u00f5es e \u00e9 um ministro ordenado na Igreja Adventista do S\u00e9timo Dia.<\/p>","protected":false},"excerpt":{"rendered":"<p>The Adventist Development &#038; Relief Agency (ADRA) has announced the appointment of three new vice presidents.<\/p>","protected":false},"author":1,"featured_media":21998,"comment_status":"closed","ping_status":"closed","sticky":false,"template":"","format":"standard","meta":{"_acf_changed":false,"_eb_attr":"","footnotes":""},"categories":[614,11],"tags":[1035],"class_list":["post-29505","post","type-post","status-publish","format-standard","has-post-thumbnail","hentry","category-news","category-press-release","tag-adra-vice-president"],"acf":[],"_links":{"self":[{"href":"https:\/\/adra.org\/pt\/wp-json\/wp\/v2\/posts\/29505","targetHints":{"allow":["GET"]}}],"collection":[{"href":"https:\/\/adra.org\/pt\/wp-json\/wp\/v2\/posts"}],"about":[{"href":"https:\/\/adra.org\/pt\/wp-json\/wp\/v2\/types\/post"}],"author":[{"embeddable":true,"href":"https:\/\/adra.org\/pt\/wp-json\/wp\/v2\/users\/1"}],"replies":[{"embeddable":true,"href":"https:\/\/adra.org\/pt\/wp-json\/wp\/v2\/comments?post=29505"}],"version-history":[{"count":10,"href":"https:\/\/adra.org\/pt\/wp-json\/wp\/v2\/posts\/29505\/revisions"}],"predecessor-version":[{"id":48581,"href":"https:\/\/adra.org\/pt\/wp-json\/wp\/v2\/posts\/29505\/revisions\/48581"}],"wp:featuredmedia":[{"embeddable":true,"href":"https:\/\/adra.org\/pt\/wp-json\/wp\/v2\/media\/21998"}],"wp:attachment":[{"href":"https:\/\/adra.org\/pt\/wp-json\/wp\/v2\/media?parent=29505"}],"wp:term":[{"taxonomy":"category","embeddable":true,"href":"https:\/\/adra.org\/pt\/wp-json\/wp\/v2\/categories?post=29505"},{"taxonomy":"post_tag","embeddable":true,"href":"https:\/\/adra.org\/pt\/wp-json\/wp\/v2\/tags?post=29505"}],"curies":[{"name":"wp","href":"https:\/\/api.w.org\/{rel}","templated":true}]}}