{"id":284,"date":"2014-12-16T17:20:47","date_gmt":"2014-12-16T17:20:47","guid":{"rendered":"http:\/\/sparkexperience.com\/projects\/adra\/?post_type=stories&#038;p=284"},"modified":"2026-04-09T20:05:04","modified_gmt":"2026-04-09T20:05:04","slug":"madagascar-voaharys-experience-lunch","status":"publish","type":"post","link":"https:\/\/adra.org\/pt\/madagascar-voaharys-experience-lunch","title":{"rendered":"Madag\u00e1scar: A experi\u00eancia de Voahary com os programas de almo\u00e7o"},"content":{"rendered":"<blockquote class=\"wp-block-quote has-small-font-size is-layout-flow wp-block-quote-is-layout-flow\" style=\"font-style:normal;font-weight:400\">\n<figure class=\"wp-block-image size-large\"><img fetchpriority=\"high\" decoding=\"async\" width=\"1024\" height=\"681\" src=\"https:\/\/adra.org\/wp-content\/uploads\/2023\/06\/lunch-program-children-B-1-1024x681.jpg\" alt=\"\" class=\"wp-image-27844\" srcset=\"https:\/\/adra.org\/wp-content\/uploads\/2023\/06\/lunch-program-children-B-1-1024x681.jpg 1024w, https:\/\/adra.org\/wp-content\/uploads\/2023\/06\/lunch-program-children-B-1-300x200.jpg 300w, https:\/\/adra.org\/wp-content\/uploads\/2023\/06\/lunch-program-children-B-1-768x511.jpg 768w, https:\/\/adra.org\/wp-content\/uploads\/2023\/06\/lunch-program-children-B-1-1536x1022.jpg 1536w, https:\/\/adra.org\/wp-content\/uploads\/2023\/06\/lunch-program-children-B-1-2048x1363.jpg 2048w\" sizes=\"(max-width: 1024px) 100vw, 1024px\" \/><\/figure>\n<cite>Crian\u00e7as \u00e0 espera na fila.<\/cite><\/blockquote>\n\n\n\n<p>Voahary tem 15 anos e \u00e9 um rapaz em crescimento nos arredores de Antananarivo, em Madag\u00e1scar. Senta-se inquieto no seu lugar na escola, mas hoje tem sorte. Atualmente, a sua distra\u00e7\u00e3o \u00e9 provocada pela vontade de sair e brincar, mas n\u00e3o foi assim h\u00e1 tanto tempo que a sua falta de concentra\u00e7\u00e3o era provocada pela fome.<\/p>\n\n\n\n<p>Uma barriga a roncar durante as aulas \u00e9 muito mais do que uma distra\u00e7\u00e3o para uma crian\u00e7a como Voahary, cuja fam\u00edlia \u00e9 demasiado pobre para lhe dar o pequeno-almo\u00e7o ou o almo\u00e7o. Quando as crian\u00e7as passam fome, n\u00e3o s\u00e3o capazes de se concentrar e n\u00e3o t\u00eam energia para acompanhar e receber a educa\u00e7\u00e3o que merecem.<\/p>\n\n\n\n<blockquote class=\"wp-block-quote has-medium-font-size is-layout-flow wp-block-quote-is-layout-flow\">\n<p>A ADRA iniciou programas de almo\u00e7o escolar em Madag\u00e1scar, alimentando 1.115 crian\u00e7as durante o ano letivo com mais de 20.000 pacotes de refei\u00e7\u00f5es.<\/p>\n<\/blockquote>\n\n\n\n<p>As fam\u00edlias empobrecidas t\u00eam muitas vezes de escolher entre a alimenta\u00e7\u00e3o e a educa\u00e7\u00e3o, porque n\u00e3o t\u00eam recursos suficientes para ambas. As escolas da zona onde vive Voahary viram as matr\u00edculas diminuir drasticamente nos \u00faltimos anos. Em menos de cinco anos, a escola de Voahary passou de mais de 900 alunos para 380 alunos.<\/p>\n\n\n\n<p>A ADRA apoia a educa\u00e7\u00e3o atrav\u00e9s de v\u00e1rios projectos, incluindo programas de alimenta\u00e7\u00e3o escolar. Estes programas melhoram a aprendizagem dos alunos e motivam os pais a manterem os seus filhos na escola. A ADRA distribui pacotes de refei\u00e7\u00f5es a seis escolas prim\u00e1rias e a um orfanato em Antananarivo, Madag\u00e1scar.<\/p>\n\n\n\n<p>No total, foram distribu\u00eddos 20.050 pacotes de refei\u00e7\u00f5es, fornecendo almo\u00e7os a 1.115 alunos. Cada pacote cont\u00e9m uma refei\u00e7\u00e3o completa de arroz, legumes desidratados, prote\u00edna de soja e um pacote de temperos enriquecido com vitaminas e minerais.<\/p>\n\n\n\n<p>O pai de Voahary \u00e9 varredor de rua e a m\u00e3e \u00e9 empregada de lavandaria - nenhum dos dois tem muitos rendimentos e dependem dos filhos para as tarefas dom\u00e9sticas e para ir buscar \u00e1gua. Por isso, antes do in\u00edcio do programa da ADRA, Voahary gastava muita energia, mas n\u00e3o comia o suficiente para a manter.<\/p>\n\n\n\n<p>Os almo\u00e7os regulares transformaram Voahary num aluno ativo com grandes sonhos. Espera tornar-se m\u00e9dico um dia, para poder ajudar os outros a manterem-se saud\u00e1veis.<\/p>","protected":false},"excerpt":{"rendered":"<p>Voahary tem 15 anos e \u00e9 um rapaz em crescimento nos arredores de Antananarivo, em Madag\u00e1scar. Senta-se inquieto no seu lugar na escola, mas hoje tem sorte. Atualmente, a sua distra\u00e7\u00e3o \u00e9 provocada pela vontade de sair e brincar, mas n\u00e3o foi assim h\u00e1 tanto tempo que a sua falta de concentra\u00e7\u00e3o era provocada pela fome.<\/p>","protected":false},"author":1,"featured_media":0,"comment_status":"closed","ping_status":"closed","sticky":false,"template":"","format":"standard","meta":{"_acf_changed":false,"_eb_attr":"","footnotes":""},"categories":[785,615,594,609,284,819],"tags":[1079,1173,1148,873],"class_list":["post-284","post","type-post","status-publish","format-standard","hentry","category-africa","category-blog","category-education","category-food-assistance","category-health","category-madagascar","tag-crisis","tag-food-distribution","tag-formal-basic-education","tag-justice-compassion-love"],"acf":[],"_links":{"self":[{"href":"https:\/\/adra.org\/pt\/wp-json\/wp\/v2\/posts\/284","targetHints":{"allow":["GET"]}}],"collection":[{"href":"https:\/\/adra.org\/pt\/wp-json\/wp\/v2\/posts"}],"about":[{"href":"https:\/\/adra.org\/pt\/wp-json\/wp\/v2\/types\/post"}],"author":[{"embeddable":true,"href":"https:\/\/adra.org\/pt\/wp-json\/wp\/v2\/users\/1"}],"replies":[{"embeddable":true,"href":"https:\/\/adra.org\/pt\/wp-json\/wp\/v2\/comments?post=284"}],"version-history":[{"count":11,"href":"https:\/\/adra.org\/pt\/wp-json\/wp\/v2\/posts\/284\/revisions"}],"predecessor-version":[{"id":47709,"href":"https:\/\/adra.org\/pt\/wp-json\/wp\/v2\/posts\/284\/revisions\/47709"}],"wp:attachment":[{"href":"https:\/\/adra.org\/pt\/wp-json\/wp\/v2\/media?parent=284"}],"wp:term":[{"taxonomy":"category","embeddable":true,"href":"https:\/\/adra.org\/pt\/wp-json\/wp\/v2\/categories?post=284"},{"taxonomy":"post_tag","embeddable":true,"href":"https:\/\/adra.org\/pt\/wp-json\/wp\/v2\/tags?post=284"}],"curies":[{"name":"wp","href":"https:\/\/api.w.org\/{rel}","templated":true}]}}