{"id":2123,"date":"2015-04-21T20:10:26","date_gmt":"2015-04-21T20:10:26","guid":{"rendered":"https:\/\/adra.org\/?p=2123"},"modified":"2026-04-07T20:30:34","modified_gmt":"2026-04-07T20:30:34","slug":"adra-urges-usaid-leader-appointment","status":"publish","type":"post","link":"https:\/\/adra.org\/pt\/adra-urges-usaid-leader-appointment","title":{"rendered":"ADRA apela \u00e0 nomea\u00e7\u00e3o de um l\u00edder da USAID"},"content":{"rendered":"<h2>A ADRA encoraja o Presidente Obama a nomear o Administrador da USAID<\/h2>\n<p>WASHINGTON, DC - No dia 15 de abril, a Ag\u00eancia Adventista de Desenvolvimento e Assist\u00eancia (ADRA) Internacional juntou-se a mais de 100 outros indiv\u00edduos e organiza\u00e7\u00f5es n\u00e3o-governamentais para defender que o Presidente Barack Obama nomeie um Administrador permanente para a Ag\u00eancia dos Estados Unidos para o Desenvolvimento Internacional (USAID). Embora a ADRA elogie o trabalho do Administrador Rajiv Shah e do Administrador Interino Alfonso Lenhardt, a organiza\u00e7\u00e3o e os seus parceiros concordam un\u00e2nime e inequivocamente que, para garantir a efic\u00e1cia cont\u00ednua da agenda da USAID, deve ser nomeado e aprovado um l\u00edder forte e empenhado.<\/p>\n<p>\u201cA USAID precisa de um l\u00edder experiente e qualificado para cumprir o \u2018compromisso a longo prazo de reconstruir a USAID como a principal ag\u00eancia de desenvolvimento do Governo dos EUA e como a principal ag\u00eancia de desenvolvimento do mundo\u2019.\u201d<br \/>\nCriada em 1961 pelo Presidente John F. Kennedy \u201cpara acabar com a pobreza extrema e promover sociedades resilientes e democr\u00e1ticas, ao mesmo tempo que se promove a seguran\u00e7a e a prosperidade\u201d, a USAID tem sido uma pedra angular e l\u00edder da comunidade de desenvolvimento global. Sendo uma ag\u00eancia que j\u00e1 carece de uma voz ao n\u00edvel do Gabinete, \u00e9 imperativo que a organiza\u00e7\u00e3o tenha uma lideran\u00e7a forte no topo para que possa manter o seu estatuto de estrela brilhante da ajuda humanit\u00e1ria.<\/p>\n<p>Para obter uma c\u00f3pia completa da carta enviada ao Presidente Barack Obama pela ADRA e pelos seus parceiros, leia a carta abaixo ou clique em <a href=\"http:\/\/www.modernizeaid.net\/documents\/MFAN_OpenLetter2015_11x17_041516.pdf\">aqui<\/a>. Para saber mais sobre a USAID, visite o seu s\u00edtio Web em: <a href=\"http:\/\/www.usaid.gov\">http:\/\/www.usaid.gov<\/a><\/p>\n<p><strong>Sobre a ADRA<\/strong><br \/>\nA Ag\u00eancia Adventista de Desenvolvimento e Assist\u00eancia Internacional \u00e9 o bra\u00e7o humanit\u00e1rio da Igreja Adventista do S\u00e9timo Dia. O seu trabalho fortalece as comunidades e muda vidas em todo o mundo, proporcionando desenvolvimento comunit\u00e1rio sustent\u00e1vel e ajuda em caso de cat\u00e1strofe. Para mais informa\u00e7\u00f5es, visite ADRA.org.<\/p>\n<hr \/>\n<p>15 de abril de 2015<br \/>\nO Presidente<br \/>\nCasa Branca 1600 Pennsylvania Avenue, N.W. Washington, DC 20500<br \/>\nATTN: Sra. Gayle Smith, Assistente Especial do Presidente<\/p>\n<p>Caro Sr. Presidente:<br \/>\nN\u00f3s, as organiza\u00e7\u00f5es e indiv\u00edduos abaixo assinados, apelamos a que actue rapidamente para nomear um Administrador permanente para a Ag\u00eancia dos Estados Unidos para o Desenvolvimento Internacional. Ter um nomeado confirmado pelo Senado ao leme da USAID \u00e9 essencial para fazer avan\u00e7ar os objectivos de desenvolvimento dos EUA e a agenda da efic\u00e1cia da ajuda.<\/p>\n<p>Foi com satisfa\u00e7\u00e3o que vimos a administra\u00e7\u00e3o dar prioridade ao desenvolvimento, juntamente com a defesa e a diplomacia, como um pilar fundamental da pol\u00edtica externa dos EUA. Sob a lideran\u00e7a do Administrador Rajiv Shah e do Administrador em exerc\u00edcio Alfonso Lenhardt, a USAID provou o importante papel que a assist\u00eancia externa desempenha no apoio aos nossos objectivos pol\u00edticos. Sem uma nomea\u00e7\u00e3o pol\u00edtica confirmada, esta cont\u00ednua eleva\u00e7\u00e3o e inclus\u00e3o da voz do desenvolvimento est\u00e1 em risco.<\/p>\n<p>Nos \u00faltimos anos, a USAID deu passos significativos no sentido de refor\u00e7ar a sua capacidade de produzir resultados para o povo americano e para as popula\u00e7\u00f5es dos pa\u00edses em desenvolvimento de todo o mundo. A agenda USAID Forward, por exemplo, est\u00e1 centrada em assegurar que a ajuda ao desenvolvimento dos EUA apoie os resultados da Parceria de Busan para uma Coopera\u00e7\u00e3o para o Desenvolvimento Eficaz, incluindo a apropria\u00e7\u00e3o das prioridades de desenvolvimento pelos pa\u00edses em desenvolvimento, a concentra\u00e7\u00e3o nos resultados e no impacto sustent\u00e1vel, a cria\u00e7\u00e3o de novas parcerias para o desenvolvimento que incluam todos os actores locais e a garantia de que a coopera\u00e7\u00e3o \u00e9 transparente e respons\u00e1vel perante todos os cidad\u00e3os.<\/p>\n<p>Quando o cargo de Administrador ficou vago em 2009 durante quase um ano inteiro, a USAID e os seus programas sofreram. Como uma ag\u00eancia que j\u00e1 carece de uma voz ao n\u00edvel do Gabinete, \u00e9 imperativo ter uma lideran\u00e7a forte no topo. A USAID precisa de um l\u00edder experiente e qualificado para cumprir o \u201ccompromisso a longo prazo de reconstruir a USAID como a principal ag\u00eancia de desenvolvimento do Governo dos EUA e como a principal ag\u00eancia de desenvolvimento do mundo\u201d, tal como articulado na diretiva pol\u00edtica de 2010 para o desenvolvimento global.<\/p>\n<p>Pedimos que nomeie um novo Administrador o mais rapidamente poss\u00edvel para manter uma forte lideran\u00e7a dos EUA em programas de desenvolvimento que s\u00e3o vitais para os nossos interesses nacionais e uma express\u00e3o dos nossos valores fundamentais, bem como cruciais para as vidas e o bem-estar de mulheres e homens em todo o mundo.<\/p>\n<h3>Indiv\u00edduos<\/h3>\n<p><strong>William Anderson<\/strong>, Diretor da MFAN<br \/>\n<strong>Nancy A. Aossey<\/strong>, Presidente e Diretor Executivo, International Medical Corps<br \/>\n<strong>Brian Atwood<\/strong>, Reitor, Hubert H. Humphrey School of Public Affairs, Universidade do Minnesota; antigo administrador, USAID<br \/>\n<strong>David Beckmann<\/strong>, Presidente, P\u00e3o para o Mundo<br \/>\n<strong>Rodney<\/strong> <strong>Dobrado<\/strong><br \/>\n<strong>Azzedine<\/strong> <strong>Downes<\/strong>, Presidente e Diretor Executivo do International Fund for Animal Welfare (Fundo Internacional para o Bem-Estar dos Animais)<br \/>\n<strong>Pierre<\/strong> <strong>Ferrari<\/strong>, Presidente e Diretor Executivo, Heifer International<br \/>\n<strong>Henrietta<\/strong> <strong>H.<\/strong> <strong>Para a frente<\/strong>, Antigo Administrador, USAID<br \/>\n<strong>Dr.<\/strong> <strong>Helene<\/strong> <strong>Gayle<\/strong>, Presidente, CARE<br \/>\n<strong>Dr.<\/strong> <strong>Edwin<\/strong> <strong>H.<\/strong> <strong>Gragert<\/strong>, Diretor Executivo, Campanha Global pela Educa\u00e7\u00e3o - EUA<br \/>\n<strong>George Ingram<\/strong>, Membro s\u00e9nior, Brookings; Copresidente da MFAN<br \/>\n<strong>Jim<\/strong> <strong>Kunder<\/strong>, Antigo administrador adjunto, USAID<br \/>\n<strong>Ben<\/strong> <strong>Le\u00e3o<\/strong>, Membro s\u00e9nior e diretor de Rethinking US Development Policy, Center for Global Development<br \/>\n<strong>Kristin<\/strong> <strong>M.<\/strong> <strong>Senhor<\/strong>, Presidente e Diretor Executivo, IREX<br \/>\n<strong>Senador Richard G. Lugar (Reformado)<\/strong>, Co-Presidente Honor\u00e1rio da MFAN<br \/>\n<strong>Barbara McMurray<\/strong>, Presidente e Diretor Executivo, International Housing Coalition<br \/>\n<strong>Peter McPherson<\/strong>, Antigo Administrador, USAID<br \/>\n<strong>Carolyn Miles<\/strong>, Presidente e Diretor Executivo, Save the Children; Co-Presidente da MFAN<br \/>\n<strong>Amb. (Reformado) Thomas J. Miller<\/strong>, Presidente e Diretor Executivo, IESC<br \/>\n<strong>Rob Mosbacher<\/strong>, Antigo Presidente e Diretor Executivo, OPIC<br \/>\n<strong>Andrew S. Natsios<\/strong>, Antigo Administrador, USAID<br \/>\n<strong>John Norris<\/strong>, Diretor Executivo da Iniciativa de Seguran\u00e7a Sustent\u00e1vel e Constru\u00e7\u00e3o da Paz, Center for American Progress<br \/>\n<strong>Larry Nowels<\/strong>, Consultor independente<br \/>\n<strong>Raymond C. Offenheiser<\/strong>, Presidente, Oxfam America<br \/>\n<strong>Diana Ohlbaum<\/strong>, Presidente, DLO Global LLC<br \/>\n<strong>Carol Peasley<\/strong>, Diretor da MFAN<br \/>\n<strong>O Honor\u00e1vel John Porter<\/strong>, antigo membro da C\u00e2mara dos Representantes dos EUA<br \/>\n<strong>William S. Reese<\/strong>, Presidente e Diretor Executivo, Funda\u00e7\u00e3o Internacional da Juventude<br \/>\n<strong>Tessie San Martin<\/strong>, Presidente e Diretor Executivo, Plan International USA<br \/>\n<strong>Daniel Runde<\/strong><br \/>\n<strong>Richard L. Santos<\/strong>, Presidente e Diretor Executivo da IMA World Health<br \/>\n<strong>Liz Schrayer<\/strong><br \/>\n<strong>Alexander Shakow<\/strong>, Co-Presidente, Associa\u00e7\u00e3o de Antigos Alunos da USAID<br \/>\n<strong>Serra Sippel<\/strong>, Presidente, Centro para a Sa\u00fade e Equidade de G\u00e9nero<br \/>\n<strong>Alison N. Smith<\/strong>, Presidente e Diretor Executivo, InsideNGO<br \/>\n<strong>Dra. Christine Sow<\/strong>, Diretor Executivo e CEO, Conselho Mundial de Sa\u00fade<br \/>\n<strong>Dr. Jeffrey L. Sturchio<\/strong>, Presidente e Diretor Executivo, Rabin Martin<br \/>\n<strong>Connie Veillette<\/strong>, Membro s\u00e9nior, The Lugar Center; Copresidente da MFAN<br \/>\n<strong>Jennifer Windsor<\/strong>, Diretor Executivo, Women for Women International<\/p>\n<h3>Organiza\u00e7\u00f5es<\/h3>\n<p>1.000 dias<br \/>\nACDI\/VOCA<br \/>\nA\u00e7\u00e3o contra a Fome<br \/>\nActionAid<br \/>\nAdeso<br \/>\nADRA Internacional<br \/>\nAlian\u00e7a para Acabar com a Fome<br \/>\nComit\u00e9 de Servi\u00e7o dos Amigos Americanos<br \/>\nServi\u00e7o Mundial Judaico Americano<br \/>\nComit\u00e9 Americano para os Refugiados<br \/>\nRede de valores americanos<br \/>\nAssocia\u00e7\u00e3o para a Agricultura Internacional e o Desenvolvimento Rural<br \/>\nP\u00e3o para o mundo<br \/>\nAjuda Global Budista<br \/>\nCUIDADO<br \/>\nCentro para a Sa\u00fade e a Equidade de G\u00e9nero (CHANGE)<br \/>\nChildFund Internacional<br \/>\nServi\u00e7o Mundial da Igreja<br \/>\nConcern Worldwide<br \/>\nCentro da Fome do Congresso<br \/>\nCounterpart International<br \/>\nFanm Ayisyen Nam Miyami, Inc.<br \/>\nBanco de Recursos Alimentares Food Tank<br \/>\nCasa da Liberdade<br \/>\nJunta Geral de Igreja e Sociedade da Igreja Metodista Unida<br \/>\nCampanha Global pela Educa\u00e7\u00e3o - EUA<br \/>\nComunidades globais<br \/>\nFundo Mundial para as Mulheres<br \/>\nConselho Mundial da Sa\u00fade<br \/>\nProjeto Pobreza Global<br \/>\nHabitat para a Humanidade<br \/>\nHeifer International<br \/>\nHelen Keller Internacional<br \/>\nICCO<br \/>\nIESC<br \/>\nIFES<br \/>\nIMA Sa\u00fade Mundial<br \/>\nInsideNGO<br \/>\nInstituto para Comunidades Sustent\u00e1veis<br \/>\nInterAc\u00e7\u00e3o<br \/>\nCentro Internacional de Direito das Organiza\u00e7\u00f5es Sem Fins Lucrativos<br \/>\nFundo Internacional para o Bem-Estar dos Animais<br \/>\nColiga\u00e7\u00e3o Internacional para a Habita\u00e7\u00e3o<br \/>\nCorpo M\u00e9dico Internacional<br \/>\nFunda\u00e7\u00e3o Internacional da Juventude<br \/>\nInternews<br \/>\nIntraHealth International<br \/>\nIREX<br \/>\nAjuda Isl\u00e2mica EUA<br \/>\nInstituto Terra Viva<br \/>\nMali Nyeta, Inc.<br \/>\nMercy Corps<br \/>\nAlian\u00e7a da \u00c1gua do Mil\u00e9nio<br \/>\nModernizar a rede de ajuda externa<br \/>\nNCBA CLUSA<br \/>\nUM<br \/>\nOxfam Am\u00e9rica<br \/>\nPacto<br \/>\nPAI<br \/>\nPCI<br \/>\nPlan International USA<br \/>\nRabin Martin<br \/>\nRefugiados Internacionais<br \/>\nRESULTADOS<br \/>\nSave the Children<br \/>\nO Projeto Borgen<br \/>\nAssocia\u00e7\u00e3o de antigos alunos da USAID<br \/>\nAlian\u00e7a de Volunt\u00e1rios para o Crescimento Econ\u00f3mico (VEGA)<br \/>\nDefensores de WASH<br \/>\n\u00c1gua para o Sud\u00e3o do Sul<br \/>\nWaterAid Am\u00e9rica<br \/>\nWomen for Afghan Women (Gabinete de Washington)<br \/>\nMulheres para Mulheres Internacional<br \/>\nMulheres prosperam em todo o mundo<br \/>\nPreocupa\u00e7\u00e3o mundial<\/p>","protected":false},"excerpt":{"rendered":"<p>No dia 15 de abril, a Ag\u00eancia Adventista de Desenvolvimento e Assist\u00eancia (ADRA) Internacional juntou-se a mais de 100 outros indiv\u00edduos e organiza\u00e7\u00f5es n\u00e3o governamentais para defender que o Presidente Barack Obama nomeie um Administrador permanente para a Ag\u00eancia dos Estados Unidos para o Desenvolvimento Internacional (USAID)<\/p>","protected":false},"author":1,"featured_media":2127,"comment_status":"open","ping_status":"open","sticky":false,"template":"","format":"standard","meta":{"_acf_changed":false,"_eb_attr":"","footnotes":""},"categories":[11],"tags":[873,500],"class_list":["post-2123","post","type-post","status-publish","format-standard","has-post-thumbnail","hentry","category-press-release","tag-justice-compassion-love","tag-usaid"],"acf":[],"_links":{"self":[{"href":"https:\/\/adra.org\/pt\/wp-json\/wp\/v2\/posts\/2123","targetHints":{"allow":["GET"]}}],"collection":[{"href":"https:\/\/adra.org\/pt\/wp-json\/wp\/v2\/posts"}],"about":[{"href":"https:\/\/adra.org\/pt\/wp-json\/wp\/v2\/types\/post"}],"author":[{"embeddable":true,"href":"https:\/\/adra.org\/pt\/wp-json\/wp\/v2\/users\/1"}],"replies":[{"embeddable":true,"href":"https:\/\/adra.org\/pt\/wp-json\/wp\/v2\/comments?post=2123"}],"version-history":[{"count":3,"href":"https:\/\/adra.org\/pt\/wp-json\/wp\/v2\/posts\/2123\/revisions"}],"predecessor-version":[{"id":47299,"href":"https:\/\/adra.org\/pt\/wp-json\/wp\/v2\/posts\/2123\/revisions\/47299"}],"wp:featuredmedia":[{"embeddable":true,"href":"https:\/\/adra.org\/pt\/wp-json\/wp\/v2\/media\/2127"}],"wp:attachment":[{"href":"https:\/\/adra.org\/pt\/wp-json\/wp\/v2\/media?parent=2123"}],"wp:term":[{"taxonomy":"category","embeddable":true,"href":"https:\/\/adra.org\/pt\/wp-json\/wp\/v2\/categories?post=2123"},{"taxonomy":"post_tag","embeddable":true,"href":"https:\/\/adra.org\/pt\/wp-json\/wp\/v2\/tags?post=2123"}],"curies":[{"name":"wp","href":"https:\/\/api.w.org\/{rel}","templated":true}]}}