{"id":21181,"date":"2021-07-06T17:28:42","date_gmt":"2021-07-06T17:28:42","guid":{"rendered":"https:\/\/adra.org\/?p=21181"},"modified":"2026-03-24T14:40:27","modified_gmt":"2026-03-24T14:40:27","slug":"covid-19-is-changing-the-world-you-can-help","status":"publish","type":"post","link":"https:\/\/adra.org\/pt\/covid-19-is-changing-the-world-you-can-help","title":{"rendered":"A COVID-19 est\u00e1 a mudar o mundo. Voc\u00ea pode ajudar!"},"content":{"rendered":"<p>Ainda n\u00e3o vimos o \u00faltimo epis\u00f3dio da COVID-19, mas j\u00e1 estamos a ver as cicatrizes que come\u00e7ou a deixar. A pandemia virou muitas das nossas vidas de pernas para o ar, mas como \u00e9 que mudou o mundo e como ser\u00e1 a recupera\u00e7\u00e3o a longo prazo para as comunidades afectadas?<\/p>\n\n\n\n<h2 class=\"wp-block-heading\">3 formas como a COVID-19 est\u00e1 a mudar o mundo<\/h2>\n\n\n\n<h3 class=\"wp-block-heading\">1. Os pobres est\u00e3o mais pobres<\/h3>\n\n\n\n<p>Assistimos repetidamente aos efeitos devastadores de uma crise para as pessoas que vivem na pobreza. O alcance global \u00fanico da COVID-19 conduziu \u00e0 <strong>primeiro aumento significativo do n\u00famero de pessoas que vivem em situa\u00e7\u00e3o de pobreza extrema<\/strong> que vimos em 20 anos!&nbsp;<\/p>\n\n\n\n<p>O Banco Mundial estima que <strong>mais 119-124 milh\u00f5es de pessoas mergulhadas na pobreza extrema <\/strong>em compara\u00e7\u00e3o com as taxas pr\u00e9-pand\u00e9micas.<\/p>\n\n\n\n<p>Este n\u00famero avassalador deve-se a uma s\u00e9rie de factores. Muitas pessoas que auferiam rendimentos faleceram devido \u00e0 COVID-19, e muitas outras que adoeceram mas sobreviveram continuam a sofrer de problemas de sa\u00fade persistentes que as impediram de trabalhar. Outros perderam o trabalho devido aos efeitos da pandemia e \u00e0s condi\u00e7\u00f5es de confinamento em todo o mundo. Mesmo aqueles que foram aben\u00e7oados com poupan\u00e7as de emerg\u00eancia t\u00eam tido dificuldade em fazer com que essas poupan\u00e7as durem durante toda a pandemia.<\/p>\n\n\n\n<p>\u00c9 por isso que <strong>a pr\u00f3xima fase do trabalho da ADRA no dom\u00ednio da COVID-19 centra-se na recupera\u00e7\u00e3o<\/strong> e apoiar as fam\u00edlias com o que elas precisam <em>agora mesmo<\/em>. Em alguns locais, estamos a ajudar as comunidades a ter acesso e a obter informa\u00e7\u00f5es precisas sobre a vacina contra a COVID-19 para os interessados. Noutros locais, estamos a ajudar as pessoas a encontrar novas formas de obter um rendimento se o seu emprego anterior j\u00e1 n\u00e3o for poss\u00edvel. As pessoas encontrar\u00e3o o seu caminho de volta \u00e0 resili\u00eancia, e n\u00f3s queremos ajud\u00e1-las a l\u00e1 chegar!<\/p>\n\n\n\n<h3 class=\"wp-block-heading\">2. As crian\u00e7as s\u00e3o transformadas para sempre<\/h3>\n\n\n\n<p>Embora, em geral, o risco de contrair COVID-19 seja menor do que o dos adultos, <strong>as crian\u00e7as s\u00e3o provavelmente as maiores v\u00edtimas<\/strong> do v\u00edrus.&nbsp;<\/p>\n\n\n\n<p><strong>A pobreza e a crise aumentam todos os riscos que as crian\u00e7as enfrentam <\/strong>e tornam-nas mais vulner\u00e1veis a tornarem-se v\u00edtimas de viol\u00eancia, tr\u00e1fico, trabalho infantil, crimes sexuais, casamento infantil e muito mais. Os peritos receiam tamb\u00e9m que, nos pr\u00f3ximos anos, n\u00e3o se conhe\u00e7a todo o impacto desta pandemia na sa\u00fade mental das crian\u00e7as, mesmo daquelas que est\u00e3o a salvo das piores amea\u00e7as.<\/p>\n\n\n\n<p>Por muito dif\u00edcil que tenha sido para as fam\u00edlias tentarem apoiar os seus filhos com aulas atrav\u00e9s do Zoom, estima-se que 463 milh\u00f5es de crian\u00e7as n\u00e3o tiveram sequer a oportunidade de frequentar o ensino \u00e0 dist\u00e2ncia. Isto \u00e9 <strong>1 em cada 3 crian\u00e7as em idade escolar em todo o mundo que perderam a sua educa\u00e7\u00e3o <\/strong>completamente!<\/p>\n\n\n\n<blockquote class=\"wp-block-quote is-layout-flow wp-block-quote-is-layout-flow\"><p>Como refere a UNICEF: \u201c<strong>Mesmo pequenas interrup\u00e7\u00f5es na escolaridade das crian\u00e7as podem ter impactos negativos duradouros<\/strong> devido a factores como a falta de programas estruturados para recuperar o atraso. No passado, o encerramento de escolas levou a um aumento de <strong>casamento infantil<\/strong> e <strong>trabalho infantil<\/strong>, que muitas vezes impedem as crian\u00e7as de prosseguir os seus estudos\u201d.\u201d<\/p><\/blockquote>\n\n\n\n<p>O trabalho da ADRA para apoiar as crian\u00e7as est\u00e1 em curso, incluindo a procura de formas de acesso \u00e0 educa\u00e7\u00e3o na sombra desta pandemia global.<\/p>\n\n\n\n<h3 class=\"wp-block-heading\">3. A pr\u00f3xima pandemia j\u00e1 est\u00e1 em curso<\/h3>\n\n\n\n<p>A pandemia de COVID-19 contribuiu para aumentar o n\u00famero de pessoas que passam fome, com cerca de <strong>130 milh\u00f5es de pessoas enfrentam a fome em todo o mundo no que \u00e9 agora uma pandemia de fome global em grande escala<\/strong>.<\/p>\n\n\n\n<p><a href=\"https:\/\/adra.org\/pt\/update-covid-19-hunger\/\">Leia mais sobre a Pandemia Global de Fome.<\/a><\/p>\n\n\n\n<p>A luta contra a fome \u00e9 sempre uma prioridade para a ADRA, e gra\u00e7as a apoiantes como voc\u00ea, <strong>o nosso trabalho est\u00e1 a expandir-se e estamos a trabalhar mais do que nunca para responder \u00e0s necessidades crescentes das fam\u00edlias e das comunidades<\/strong> afectados por esta devastadora pandemia mundial de fome.<\/p>\n\n\n\n<h2 class=\"wp-block-heading\">3 formas de ajudar<\/h2>\n\n\n\n<h3 class=\"wp-block-heading\">1. Manter-se informado&nbsp;<\/h3>\n\n\n\n<p>Sejamos claros, esta crise est\u00e1 a decorrer.<strong> As informa\u00e7\u00f5es mudam regularmente e as orienta\u00e7\u00f5es s\u00e3o actualizadas com frequ\u00eancia<\/strong>, Por isso, n\u00e3o se esque\u00e7a de se manter atualizado com as informa\u00e7\u00f5es mais recentes de organiza\u00e7\u00f5es e m\u00e9dicos especialistas de confian\u00e7a.&nbsp;<\/p>\n\n\n\n<h3 class=\"wp-block-heading\">2. Continuar a atuar de forma respons\u00e1vel<\/h3>\n\n\n\n<p>Embora muitos de n\u00f3s vivamos em locais onde a contagem de casos \u00e9 mais baixa e as restri\u00e7\u00f5es s\u00e3o mais brandas, ainda ningu\u00e9m est\u00e1 completamente seguro. Isto n\u00e3o significa que precisemos de entrar em p\u00e2nico ou regressar \u00e0s condi\u00e7\u00f5es de confinamento, mas <strong>temos de ser inteligentes<\/strong>. Continue com os bons h\u00e1bitos de higiene, como lavar as m\u00e3os regularmente e usar desinfetante para as m\u00e3os, siga as orienta\u00e7\u00f5es oficiais mais recentes sobre viagens e grandes ajuntamentos e tome a vacina contra a COVID-19, agora que est\u00e1 amplamente dispon\u00edvel. E lembre-se de respeitar as pessoas que podem estar em maior risco do que voc\u00ea sabe ou que apenas se sentem mais confort\u00e1veis em jogar pelo seguro.<\/p>\n\n\n\n<h3 class=\"wp-block-heading\">3. Apoiar a resposta global da ADRA (e torn\u00e1-la compat\u00edvel!)&nbsp;<\/h3>\n\n\n\n<p>O nosso <strong>$1=$3 para ajudar na recupera\u00e7\u00e3o da COVID-19 em todo o mundo<\/strong> continua de vento em popa, gra\u00e7as a parceiros generosos, e cada donativo apoia pessoas, fam\u00edlias e comunidades \u00e0 medida que estas recuperam e reencontram a resili\u00eancia. <strong>Fa\u00e7a a sua contribui\u00e7\u00e3o agora em <a href=\"https:\/\/adra.org\/pt\/GlobalPandemic\/\">ADRA.org\/GlobalPandemic<\/a><\/strong>.<\/p>\n\n\n\n<div class=\"wp-block-buttons is-content-justification-center is-layout-flex wp-block-buttons-is-layout-flex\">\n<div class=\"wp-block-button\"><a class=\"wp-block-button__link has-white-color has-text-color has-background\" href=\"\/pt\/ADRA.org\/hungerpandemic-ws\/\" style=\"background-color:#007b5f\">DOAR AGORA<\/a><\/div>\n<\/div>","protected":false},"excerpt":{"rendered":"<p>Ainda n\u00e3o vimos o fim da COVID-19, mas j\u00e1 estamos a ver as cicatrizes que come\u00e7ou a deixar. <\/p>","protected":false},"author":1,"featured_media":21998,"comment_status":"closed","ping_status":"closed","sticky":false,"template":"","format":"standard","meta":{"_acf_changed":false,"_eb_attr":"","footnotes":""},"categories":[615,594],"tags":[774,873,1137],"class_list":["post-21181","post","type-post","status-publish","format-standard","has-post-thumbnail","hentry","category-blog","category-education","tag-covid-19","tag-justice-compassion-love","tag-ways-to-give"],"acf":[],"_links":{"self":[{"href":"https:\/\/adra.org\/pt\/wp-json\/wp\/v2\/posts\/21181","targetHints":{"allow":["GET"]}}],"collection":[{"href":"https:\/\/adra.org\/pt\/wp-json\/wp\/v2\/posts"}],"about":[{"href":"https:\/\/adra.org\/pt\/wp-json\/wp\/v2\/types\/post"}],"author":[{"embeddable":true,"href":"https:\/\/adra.org\/pt\/wp-json\/wp\/v2\/users\/1"}],"replies":[{"embeddable":true,"href":"https:\/\/adra.org\/pt\/wp-json\/wp\/v2\/comments?post=21181"}],"version-history":[{"count":7,"href":"https:\/\/adra.org\/pt\/wp-json\/wp\/v2\/posts\/21181\/revisions"}],"predecessor-version":[{"id":45878,"href":"https:\/\/adra.org\/pt\/wp-json\/wp\/v2\/posts\/21181\/revisions\/45878"}],"wp:featuredmedia":[{"embeddable":true,"href":"https:\/\/adra.org\/pt\/wp-json\/wp\/v2\/media\/21998"}],"wp:attachment":[{"href":"https:\/\/adra.org\/pt\/wp-json\/wp\/v2\/media?parent=21181"}],"wp:term":[{"taxonomy":"category","embeddable":true,"href":"https:\/\/adra.org\/pt\/wp-json\/wp\/v2\/categories?post=21181"},{"taxonomy":"post_tag","embeddable":true,"href":"https:\/\/adra.org\/pt\/wp-json\/wp\/v2\/tags?post=21181"}],"curies":[{"name":"wp","href":"https:\/\/api.w.org\/{rel}","templated":true}]}}