{"id":20632,"date":"2021-03-29T17:46:52","date_gmt":"2021-03-29T17:46:52","guid":{"rendered":"https:\/\/adra.org\/?p=20632"},"modified":"2026-03-24T19:47:46","modified_gmt":"2026-03-24T19:47:46","slug":"3-women-water-related-story","status":"publish","type":"post","link":"https:\/\/adra.org\/pt\/3-women-water-related-story","title":{"rendered":"3 Hist\u00f3ria de mulheres relacionadas com a \u00e1gua"},"content":{"rendered":"<p>Marlene \u00e9 jovem, mas j\u00e1 \u00e9 cheia de alegria e personalidade. A menina de cinco anos adora seguir a sua m\u00e3e, Ana Diana, pela aldeia de Mocuba, uma cidade no centro de Mo\u00e7ambique. Adora dan\u00e7ar e saltar atr\u00e1s dela, puxando pela m\u00e3o do seu irm\u00e3o de dois anos. A<br>O som do seu riso avisa toda a gente da cidade que o trio feliz est\u00e1 a chegar.<\/p>\n\n\n\n<p>A Marlene tamb\u00e9m gosta de ensinar o irm\u00e3o mais novo a lavar as m\u00e3os com sab\u00e3o depois de usar a casa de banho e a lavar os dentes antes de se deitar. Estas s\u00e3o apenas algumas das compet\u00eancias que aprendeu com a sua m\u00e3e.<\/p>\n\n\n\n<p>Em Mocuba, estas compet\u00eancias salvam vidas. Antes de a ADRA instalar um quiosque de \u00e1gua para fornecer \u00e1gua fria e limpa, fam\u00edlias como Ana Diana e os seus filhos tinham de caminhar at\u00e9 \u00e0s margens lamacentas de um rio pr\u00f3ximo s\u00f3 para obter \u00e1gua. O mesmo rio onde as pessoas lavam a roupa, a loi\u00e7a e o corpo.<\/p>\n\n\n\n<p>Agora, a fam\u00edlia pode caminhar apenas alguns minutos at\u00e9 ao quiosque de \u00e1gua da ADRA e beber \u00e1gua que n\u00e3o os deixar\u00e1 doentes, ou pior. Ana Diana est\u00e1 t\u00e3o feliz com a \u00e1gua pot\u00e1vel que decidiu fazer o seu trabalho de contar a toda a gente sobre isso.<\/p>\n\n\n\n<p>Agora, a m\u00e3e de dois filhos, de 25 anos, anda pela sua aldeia como Mobilizadora Comunit\u00e1ria da ADRA para contar aos seus vizinhos tudo sobre \u00e1gua pot\u00e1vel e higiene. Ensina-lhes as mesmas coisas que ensina aos seus filhos: como lavar as m\u00e3os depois de ir \u00e0 casa de banho, como lavar os dentes antes de dormir e como recolher e armazenar \u00e1gua limpa. Ensina-lhes que a \u00e1gua do rio traz doen\u00e7as e que a \u00e1gua do Quiosque de \u00c1gua da ADRA traz sa\u00fade.<\/p>\n\n\n\n<p>E onde quer que v\u00e1, os seus filhos est\u00e3o logo atr\u00e1s, a rir, a brincar e a participar nas demonstra\u00e7\u00f5es. A Marlene gosta mais da demonstra\u00e7\u00e3o da escova de dentes, porque significa que pode esfregar<br>Os seus dentes e faz uma boca cheia de espuma branca. At\u00e9 o seu irm\u00e3o mais novo participa na atividade.<\/p>\n\n\n\n<p>Quando crescer, Marlene quer ser como a sua m\u00e3e. \u201cQuero ajudar as pessoas\u201d, diz ela.<\/p>\n\n\n\n<p>Ana Diana orgulha-se do seu papel de m\u00e3e, tanto para os seus filhos como para toda a comunidade.<\/p>\n\n\n\n<p>\u201c\u00c9 importante que as m\u00e3es sejam l\u00edderes na comunidade, porque s\u00e3o as m\u00e3es que sabem identificar a \u00e1gua boa\u201d, disse ela. \u201cEspero que a comunidade se mantenha protegida das doen\u00e7as\u201d<\/p>\n\n\n\n<p>Gra\u00e7as ao seu trabalho \u00e1rduo, a sua comunidade est\u00e1 mais protegida do que nunca.<\/p>","protected":false},"excerpt":{"rendered":"<p>A Marlene \u00e9 jovem, mas j\u00e1 est\u00e1 cheia de alegria e personalidade<\/p>","protected":false},"author":1,"featured_media":21998,"comment_status":"closed","ping_status":"closed","sticky":false,"template":"","format":"standard","meta":{"_acf_changed":false,"_eb_attr":"","footnotes":""},"categories":[785,615,284,951,336],"tags":[873,1154,690],"class_list":["post-20632","post","type-post","status-publish","format-standard","has-post-thumbnail","hentry","category-africa","category-blog","category-health","category-mozambique","category-wash","tag-justice-compassion-love","tag-maternal-newborn-child-health-mnch","tag-protection"],"acf":[],"_links":{"self":[{"href":"https:\/\/adra.org\/pt\/wp-json\/wp\/v2\/posts\/20632","targetHints":{"allow":["GET"]}}],"collection":[{"href":"https:\/\/adra.org\/pt\/wp-json\/wp\/v2\/posts"}],"about":[{"href":"https:\/\/adra.org\/pt\/wp-json\/wp\/v2\/types\/post"}],"author":[{"embeddable":true,"href":"https:\/\/adra.org\/pt\/wp-json\/wp\/v2\/users\/1"}],"replies":[{"embeddable":true,"href":"https:\/\/adra.org\/pt\/wp-json\/wp\/v2\/comments?post=20632"}],"version-history":[{"count":3,"href":"https:\/\/adra.org\/pt\/wp-json\/wp\/v2\/posts\/20632\/revisions"}],"predecessor-version":[{"id":45926,"href":"https:\/\/adra.org\/pt\/wp-json\/wp\/v2\/posts\/20632\/revisions\/45926"}],"wp:featuredmedia":[{"embeddable":true,"href":"https:\/\/adra.org\/pt\/wp-json\/wp\/v2\/media\/21998"}],"wp:attachment":[{"href":"https:\/\/adra.org\/pt\/wp-json\/wp\/v2\/media?parent=20632"}],"wp:term":[{"taxonomy":"category","embeddable":true,"href":"https:\/\/adra.org\/pt\/wp-json\/wp\/v2\/categories?post=20632"},{"taxonomy":"post_tag","embeddable":true,"href":"https:\/\/adra.org\/pt\/wp-json\/wp\/v2\/tags?post=20632"}],"curies":[{"name":"wp","href":"https:\/\/api.w.org\/{rel}","templated":true}]}}