{"id":19262,"date":"2020-08-13T19:42:56","date_gmt":"2020-08-13T19:42:56","guid":{"rendered":"https:\/\/adra.org\/?p=19262"},"modified":"2020-08-14T02:19:46","modified_gmt":"2020-08-14T02:19:46","slug":"beirut-explosion-a-qa-with-adra-and-adventist-church-leaders","status":"publish","type":"post","link":"https:\/\/adra.org\/pt\/beirut-explosion-a-qa-with-adra-and-adventist-church-leaders","title":{"rendered":"Explos\u00e3o em Beirute: Perguntas e respostas com a ADRA e os socorristas adventistas no terreno"},"content":{"rendered":"<div data-elementor-type=\"wp-post\" data-elementor-id=\"19262\" class=\"elementor elementor-19262\" data-elementor-post-type=\"post\">\n\t\t\t\t\t\t<section data-particle_enable=\"false\" data-particle-mobile-disabled=\"false\" class=\"elementor-section elementor-top-section elementor-element elementor-element-6a2ee05e elementor-section-full_width elementor-section-height-default elementor-section-height-default\" data-id=\"6a2ee05e\" data-element_type=\"section\" data-e-type=\"section\" data-settings=\"{&quot;jet_parallax_layout_list&quot;:[]}\">\n\t\t\t\t\t\t<div class=\"elementor-container elementor-column-gap-default\">\n\t\t\t\t\t<div class=\"elementor-column elementor-col-33 elementor-top-column elementor-element elementor-element-4ea34984\" data-id=\"4ea34984\" data-element_type=\"column\" data-e-type=\"column\">\n\t\t\t<div class=\"elementor-widget-wrap\">\n\t\t\t\t\t\t\t<\/div>\n\t\t<\/div>\n\t\t\t\t<div class=\"elementor-column elementor-col-33 elementor-top-column elementor-element elementor-element-6bbf8402\" data-id=\"6bbf8402\" data-element_type=\"column\" data-e-type=\"column\">\n\t\t\t<div class=\"elementor-widget-wrap elementor-element-populated\">\n\t\t\t\t\t\t<div class=\"elementor-element elementor-element-1a09acca elementor-widget elementor-widget-text-editor\" data-id=\"1a09acca\" data-element_type=\"widget\" data-e-type=\"widget\" data-widget_type=\"text-editor.default\">\n\t\t\t\t<div class=\"elementor-widget-container\">\n\t\t\t\t\t\t\t\t\t<p style=\"text-align: left;\">Na segunda-feira, 10 de agosto, Gunther Wallauer, diretor da ADRA M\u00e9dio Oriente e Norte de \u00c1frica (MENA), juntou-se a Rick McEdward, presidente da Uni\u00e3o dos Adventistas do S\u00e9timo Dia do M\u00e9dio Oriente e Norte de \u00c1frica e presidente da dire\u00e7\u00e3o da ADRA MENA, para uma entrevista com Sam Neves da Adventist News Network. Eles discutiram a explos\u00e3o de Beirute, incluindo suas experi\u00eancias pessoais e como a ADRA e a Igreja Adventista est\u00e3o colaborando para responder.<\/p><p style=\"text-align: left;\">Tanto Wallauer como McEdward viveram e trabalharam em Beirute durante v\u00e1rios anos.<\/p>\t\t\t\t\t\t\t\t<\/div>\n\t\t\t\t<\/div>\n\t\t\t\t<div class=\"elementor-element elementor-element-df8a768 elementor-widget elementor-widget-image\" data-id=\"df8a768\" data-element_type=\"widget\" data-e-type=\"widget\" data-widget_type=\"image.default\">\n\t\t\t\t<div class=\"elementor-widget-container\">\n\t\t\t\t\t\t\t\t\t\t\t\t\t\t\t<img fetchpriority=\"high\" decoding=\"async\" width=\"800\" height=\"391\" src=\"https:\/\/adra.org\/wp-content\/uploads\/2020\/08\/Screen-Shot-2020-08-13-at-3.18.52-PM-e1597347611549-1024x501.png\" class=\"attachment-large size-large wp-image-19272\" alt=\"\" srcset=\"https:\/\/adra.org\/wp-content\/uploads\/2020\/08\/Screen-Shot-2020-08-13-at-3.18.52-PM-e1597347611549-1024x501.png 1024w, https:\/\/adra.org\/wp-content\/uploads\/2020\/08\/Screen-Shot-2020-08-13-at-3.18.52-PM-e1597347611549-300x147.png 300w, https:\/\/adra.org\/wp-content\/uploads\/2020\/08\/Screen-Shot-2020-08-13-at-3.18.52-PM-e1597347611549-768x376.png 768w, https:\/\/adra.org\/wp-content\/uploads\/2020\/08\/Screen-Shot-2020-08-13-at-3.18.52-PM-e1597347611549.png 1536w\" sizes=\"(max-width: 800px) 100vw, 800px\" \/>\t\t\t\t\t\t\t\t\t\t\t\t\t\t\t<\/div>\n\t\t\t\t<\/div>\n\t\t\t\t<div class=\"elementor-element elementor-element-d69f81e elementor-widget elementor-widget-text-editor\" data-id=\"d69f81e\" data-element_type=\"widget\" data-e-type=\"widget\" data-widget_type=\"text-editor.default\">\n\t\t\t\t<div class=\"elementor-widget-container\">\n\t\t\t\t\t\t\t\t\t<p><em><a href=\"https:\/\/www.facebook.com\/watch\/?v=302285750863285\">Para ver a entrevista completa, clique aqui.<\/a><\/em><\/p>\t\t\t\t\t\t\t\t<\/div>\n\t\t\t\t<\/div>\n\t\t\t\t<div class=\"elementor-element elementor-element-0e97416 elementor-widget elementor-widget-spacer\" data-id=\"0e97416\" data-element_type=\"widget\" data-e-type=\"widget\" data-widget_type=\"spacer.default\">\n\t\t\t\t<div class=\"elementor-widget-container\">\n\t\t\t\t\t\t\t<div class=\"elementor-spacer\">\n\t\t\t<div class=\"elementor-spacer-inner\"><\/div>\n\t\t<\/div>\n\t\t\t\t\t\t<\/div>\n\t\t\t\t<\/div>\n\t\t\t\t<div class=\"elementor-element elementor-element-7534b8a elementor-widget elementor-widget-heading\" data-id=\"7534b8a\" data-element_type=\"widget\" data-e-type=\"widget\" data-widget_type=\"heading.default\">\n\t\t\t\t<div class=\"elementor-widget-container\">\n\t\t\t\t\t<h3 class=\"elementor-heading-title elementor-size-default\">P: Qual foi o impacto para a igreja em Beirute?<\/h3>\t\t\t\t<\/div>\n\t\t\t\t<\/div>\n\t\t\t\t<div class=\"elementor-element elementor-element-4f0ef1a elementor-widget elementor-widget-spacer\" data-id=\"4f0ef1a\" data-element_type=\"widget\" data-e-type=\"widget\" data-widget_type=\"spacer.default\">\n\t\t\t\t<div class=\"elementor-widget-container\">\n\t\t\t\t\t\t\t<div class=\"elementor-spacer\">\n\t\t\t<div class=\"elementor-spacer-inner\"><\/div>\n\t\t<\/div>\n\t\t\t\t\t\t<\/div>\n\t\t\t\t<\/div>\n\t\t\t\t<div class=\"elementor-element elementor-element-00480c5 elementor-widget elementor-widget-text-editor\" data-id=\"00480c5\" data-element_type=\"widget\" data-e-type=\"widget\" data-widget_type=\"text-editor.default\">\n\t\t\t\t<div class=\"elementor-widget-container\">\n\t\t\t\t\t\t\t\t\t<p style=\"text-align: left;\"><em>RICK:<\/em> Estava sentado no meu gabinete quando a secret\u00e1ria come\u00e7ou a tremer. Pensei que era um terramoto e muitos dos nossos colaboradores correram para o exterior quando o impacto da explos\u00e3o se fez sentir. Todos os pain\u00e9is do teto por cima da minha secret\u00e1ria saltaram cerca de 30 cm e depois voltaram a cair.<\/p><p style=\"text-align: left;\"><strong>Muito rapidamente come\u00e7\u00e1mos a receber not\u00edcias sobre o impacto nas nossas igrejas, escolas, comunidades e lares.<\/strong><\/p>\t\t\t\t\t\t\t\t<\/div>\n\t\t\t\t<\/div>\n\t\t\t\t<div class=\"elementor-element elementor-element-7596729 elementor-widget elementor-widget-spacer\" data-id=\"7596729\" data-element_type=\"widget\" data-e-type=\"widget\" data-widget_type=\"spacer.default\">\n\t\t\t\t<div class=\"elementor-widget-container\">\n\t\t\t\t\t\t\t<div class=\"elementor-spacer\">\n\t\t\t<div class=\"elementor-spacer-inner\"><\/div>\n\t\t<\/div>\n\t\t\t\t\t\t<\/div>\n\t\t\t\t<\/div>\n\t\t\t\t<div class=\"elementor-element elementor-element-0e9b18f elementor-widget elementor-widget-heading\" data-id=\"0e9b18f\" data-element_type=\"widget\" data-e-type=\"widget\" data-widget_type=\"heading.default\">\n\t\t\t\t<div class=\"elementor-widget-container\">\n\t\t\t\t\t<h3 class=\"elementor-heading-title elementor-size-default\">P: Qual foi a sua rea\u00e7\u00e3o durante a explos\u00e3o?<\/h3>\t\t\t\t<\/div>\n\t\t\t\t<\/div>\n\t\t\t\t<div class=\"elementor-element elementor-element-9b07677 elementor-widget elementor-widget-spacer\" data-id=\"9b07677\" data-element_type=\"widget\" data-e-type=\"widget\" data-widget_type=\"spacer.default\">\n\t\t\t\t<div class=\"elementor-widget-container\">\n\t\t\t\t\t\t\t<div class=\"elementor-spacer\">\n\t\t\t<div class=\"elementor-spacer-inner\"><\/div>\n\t\t<\/div>\n\t\t\t\t\t\t<\/div>\n\t\t\t\t<\/div>\n\t\t\t\t<div class=\"elementor-element elementor-element-2216123 elementor-widget elementor-widget-text-editor\" data-id=\"2216123\" data-element_type=\"widget\" data-e-type=\"widget\" data-widget_type=\"text-editor.default\">\n\t\t\t\t<div class=\"elementor-widget-container\">\n\t\t\t\t\t\t\t\t\t<p style=\"text-align: left;\"><em>RICK<\/em>: Na altura, n\u00e3o sab\u00edamos se se tratava de um ataque a\u00e9reo. N\u00e3o t\u00ednhamos a certeza do que estava a acontecer. Est\u00e1vamos a olhar para o c\u00e9u. <b>Algumas pessoas correram para abrigos anti-bombas que foram utilizados durante a guerra civil no L\u00edbano h\u00e1 v\u00e1rios anos.<\/b><\/p><p style=\"text-align: left;\">Na nossa casa, perdemos algumas janelas<strong>\u2014<\/strong>que explodiram. Fic\u00e1mos com cacos de vidro por toda a casa.<\/p><p style=\"text-align: left;\">O impacto, embora pessoal para n\u00f3s, \u00e9 muito maior para aqueles que estiveram mais perto da zona da explos\u00e3o no centro da cidade.<\/p><p style=\"text-align: left;\"><strong>Muitos perderam a vida. Muitos ficaram feridos e perderam as suas casas.<\/strong><\/p>\t\t\t\t\t\t\t\t<\/div>\n\t\t\t\t<\/div>\n\t\t\t\t<div class=\"elementor-element elementor-element-3555b3b elementor-widget elementor-widget-spacer\" data-id=\"3555b3b\" data-element_type=\"widget\" data-e-type=\"widget\" data-widget_type=\"spacer.default\">\n\t\t\t\t<div class=\"elementor-widget-container\">\n\t\t\t\t\t\t\t<div class=\"elementor-spacer\">\n\t\t\t<div class=\"elementor-spacer-inner\"><\/div>\n\t\t<\/div>\n\t\t\t\t\t\t<\/div>\n\t\t\t\t<\/div>\n\t\t\t\t<div class=\"elementor-element elementor-element-a0ac7f7 elementor-widget elementor-widget-heading\" data-id=\"a0ac7f7\" data-element_type=\"widget\" data-e-type=\"widget\" data-widget_type=\"heading.default\">\n\t\t\t\t<div class=\"elementor-widget-container\">\n\t\t\t\t\t<h3 class=\"elementor-heading-title elementor-size-default\">P: Como \u00e9 que \u00e9 agora a baixa de Beirute?<\/h3>\t\t\t\t<\/div>\n\t\t\t\t<\/div>\n\t\t\t\t<div class=\"elementor-element elementor-element-a3b174c elementor-widget elementor-widget-spacer\" data-id=\"a3b174c\" data-element_type=\"widget\" data-e-type=\"widget\" data-widget_type=\"spacer.default\">\n\t\t\t\t<div class=\"elementor-widget-container\">\n\t\t\t\t\t\t\t<div class=\"elementor-spacer\">\n\t\t\t<div class=\"elementor-spacer-inner\"><\/div>\n\t\t<\/div>\n\t\t\t\t\t\t<\/div>\n\t\t\t\t<\/div>\n\t\t\t\t<div class=\"elementor-element elementor-element-e4d634b elementor-widget elementor-widget-text-editor\" data-id=\"e4d634b\" data-element_type=\"widget\" data-e-type=\"widget\" data-widget_type=\"text-editor.default\">\n\t\t\t\t<div class=\"elementor-widget-container\">\n\t\t\t\t\t\t\t\t\t<p style=\"text-align: left;\"><em>RICK:<\/em> Neste momento, se formos \u00e0 baixa de Beirute, est\u00e1 cheia de edif\u00edcios sem janelas, os escrit\u00f3rios foram destru\u00eddos pelo vento. <b>Os edif\u00edcios que tinham muitos empregados, os grandes edif\u00edcios, os edif\u00edcios de apartamentos foram todos destru\u00eddos.<\/b><\/p><p style=\"text-align: left;\">O Gunther e eu visit\u00e1mos comunidades residenciais onde muitas, muitas pessoas perderam as suas casas.<\/p>\t\t\t\t\t\t\t\t<\/div>\n\t\t\t\t<\/div>\n\t\t\t\t<div class=\"elementor-element elementor-element-498afc6 elementor-widget elementor-widget-spacer\" data-id=\"498afc6\" data-element_type=\"widget\" data-e-type=\"widget\" data-widget_type=\"spacer.default\">\n\t\t\t\t<div class=\"elementor-widget-container\">\n\t\t\t\t\t\t\t<div class=\"elementor-spacer\">\n\t\t\t<div class=\"elementor-spacer-inner\"><\/div>\n\t\t<\/div>\n\t\t\t\t\t\t<\/div>\n\t\t\t\t<\/div>\n\t\t\t\t<div class=\"elementor-element elementor-element-b26ba7f elementor--h-position-center elementor--v-position-middle elementor-arrows-position-inside elementor-pagination-position-inside elementor-widget elementor-widget-slides\" data-id=\"b26ba7f\" data-element_type=\"widget\" data-e-type=\"widget\" data-settings=\"{&quot;autoplay_speed&quot;:8000,&quot;navigation&quot;:&quot;both&quot;,&quot;autoplay&quot;:&quot;yes&quot;,&quot;pause_on_hover&quot;:&quot;yes&quot;,&quot;pause_on_interaction&quot;:&quot;yes&quot;,&quot;infinite&quot;:&quot;yes&quot;,&quot;transition&quot;:&quot;slide&quot;,&quot;transition_speed&quot;:500}\" data-widget_type=\"slides.default\">\n\t\t\t\t<div class=\"elementor-widget-container\">\n\t\t\t\t\t\t\t\t\t<div class=\"elementor-swiper\">\n\t\t\t\t\t<div class=\"elementor-slides-wrapper elementor-main-swiper swiper\" role=\"region\" aria-roledescription=\"carousel\" aria-label=\"Deslizamentos\" dir=\"ltr\" data-animation=\"fadeInUp\">\n\t\t\t\t<div class=\"swiper-wrapper elementor-slides\">\n\t\t\t\t\t\t\t\t\t\t<div class=\"elementor-repeater-item-fac9dee swiper-slide\" role=\"group\" aria-roledescription=\"slide\"><div class=\"swiper-slide-bg\" role=\"img\" aria-label=\"Captura de ecr\u00e3 2020-08-13 \u00e0s 15:20:24\"><\/div><div class=\"swiper-slide-inner\" ><div class=\"swiper-slide-contents\"><div class=\"elementor-slide-description\">Escola Adventista do S\u00e9timo Dia de Bouchrieh, situada a um quil\u00f3metro da sede da Uni\u00e3o Adventista. <\/div><\/div><\/div><\/div><div class=\"elementor-repeater-item-4ebf9aa swiper-slide\" role=\"group\" aria-roledescription=\"slide\"><div class=\"swiper-slide-bg\" role=\"img\" aria-label=\"Captura de ecr\u00e3 2020-08-13 \u00e0s 3.20.34 PM\"><\/div><div class=\"swiper-slide-inner\" ><div class=\"swiper-slide-contents\"><div class=\"elementor-slide-description\">A Corpora\u00e7\u00e3o de Eletricidade do L\u00edbano, situada no centro da cidade.\n<\/div><\/div><\/div><\/div><div class=\"elementor-repeater-item-ad54d1c swiper-slide\" role=\"group\" aria-roledescription=\"slide\"><div class=\"swiper-slide-bg\" role=\"img\" aria-label=\"Captura de ecr\u00e3 2020-08-13 \u00e0s 15:21:29\"><\/div><div class=\"swiper-slide-inner\" ><div class=\"swiper-slide-contents\"><div class=\"elementor-slide-description\">Foto tirada do outro lado da rua do local da explos\u00e3o. Ao longo da autoestrada e em todas as comunidades pr\u00f3ximas da explos\u00e3o, s\u00f3 se v\u00eaem carros destru\u00eddos. No fundo da foto, h\u00e1 pr\u00e9dios de apartamentos destru\u00eddos. \n<\/div><\/div><\/div><\/div><div class=\"elementor-repeater-item-af81b9f swiper-slide\" role=\"group\" aria-roledescription=\"slide\"><div class=\"swiper-slide-bg\" role=\"img\" aria-label=\"Captura de ecr\u00e3 2020-08-13 \u00e0s 3.23.15 PM\"><\/div><div class=\"swiper-slide-inner\" ><div class=\"swiper-slide-contents\"><div class=\"elementor-slide-description\">Os celeiros do L\u00edbano, que est\u00e3o agora completamente destru\u00eddos. Um comandante dos bombeiros disse: 'Trabalho com esta unidade h\u00e1 25 anos, nem mesmo durante a guerra vi tamanha destrui\u00e7\u00e3o com apenas uma explos\u00e3o\".\"\n<\/div><\/div><\/div><\/div><div class=\"elementor-repeater-item-8956b1d swiper-slide\" role=\"group\" aria-roledescription=\"slide\"><div class=\"swiper-slide-bg\" role=\"img\" aria-label=\"Captura de ecr\u00e3 2020-08-13 \u00e0s 3.24.31 PM\"><\/div><div class=\"swiper-slide-inner\" ><div class=\"swiper-slide-contents\"><div class=\"elementor-slide-description\">A jovem que aparece nesta faixa \u00e9 uma bombeira que perdeu a vida na explos\u00e3o enquanto combatia o inc\u00eandio original. \n<\/div><\/div><\/div><\/div><div class=\"elementor-repeater-item-dca79f9 swiper-slide\" role=\"group\" aria-roledescription=\"slide\"><div class=\"swiper-slide-bg\" role=\"img\" aria-label=\"Captura de ecr\u00e3 2020-08-13 \u00e0s 3.25.55 PM\"><\/div><div class=\"swiper-slide-inner\" ><div class=\"swiper-slide-contents\"><div class=\"elementor-slide-description\">O acampamento dos bombeiros e a \u00e1rea de descanso que a ADRA ajudou a criar. <\/div><\/div><\/div><\/div>\t\t\t\t<\/div>\n\t\t\t\t\t\t\t\t\t\t\t\t\t\t\t<div class=\"elementor-swiper-button elementor-swiper-button-prev\" role=\"button\" tabindex=\"0\" aria-label=\"Deslizamento anterior\">\n\t\t\t\t\t\t\t<i aria-hidden=\"true\" class=\"eicon-chevron-left\"><\/i>\t\t\t\t\t\t<\/div>\n\t\t\t\t\t\t<div class=\"elementor-swiper-button elementor-swiper-button-next\" role=\"button\" tabindex=\"0\" aria-label=\"Pr\u00f3ximo slide\">\n\t\t\t\t\t\t\t<i aria-hidden=\"true\" class=\"eicon-chevron-right\"><\/i>\t\t\t\t\t\t<\/div>\n\t\t\t\t\t\t\t\t\t\t\t\t\t\t\t\t<div class=\"swiper-pagination\"><\/div>\n\t\t\t\t\t\t\t\t\t\t\t\t<\/div>\n\t\t\t\t<\/div>\n\t\t\t\t\t\t\t\t<\/div>\n\t\t\t\t<\/div>\n\t\t\t\t<div class=\"elementor-element elementor-element-1303810 elementor-widget elementor-widget-spacer\" data-id=\"1303810\" data-element_type=\"widget\" data-e-type=\"widget\" data-widget_type=\"spacer.default\">\n\t\t\t\t<div class=\"elementor-widget-container\">\n\t\t\t\t\t\t\t<div class=\"elementor-spacer\">\n\t\t\t<div class=\"elementor-spacer-inner\"><\/div>\n\t\t<\/div>\n\t\t\t\t\t\t<\/div>\n\t\t\t\t<\/div>\n\t\t\t\t<div class=\"elementor-element elementor-element-b93e06d elementor-widget elementor-widget-heading\" data-id=\"b93e06d\" data-element_type=\"widget\" data-e-type=\"widget\" data-widget_type=\"heading.default\">\n\t\t\t\t<div class=\"elementor-widget-container\">\n\t\t\t\t\t<h3 class=\"elementor-heading-title elementor-size-default\">P: Qual foi a rea\u00e7\u00e3o imediata da ADRA \u00e0 explos\u00e3o?<\/h3>\t\t\t\t<\/div>\n\t\t\t\t<\/div>\n\t\t\t\t<div class=\"elementor-element elementor-element-a72788e elementor-widget elementor-widget-spacer\" data-id=\"a72788e\" data-element_type=\"widget\" data-e-type=\"widget\" data-widget_type=\"spacer.default\">\n\t\t\t\t<div class=\"elementor-widget-container\">\n\t\t\t\t\t\t\t<div class=\"elementor-spacer\">\n\t\t\t<div class=\"elementor-spacer-inner\"><\/div>\n\t\t<\/div>\n\t\t\t\t\t\t<\/div>\n\t\t\t\t<\/div>\n\t\t\t\t<div class=\"elementor-element elementor-element-a904ee8 elementor-widget elementor-widget-text-editor\" data-id=\"a904ee8\" data-element_type=\"widget\" data-e-type=\"widget\" data-widget_type=\"text-editor.default\">\n\t\t\t\t<div class=\"elementor-widget-container\">\n\t\t\t\t\t\t\t\t\t<p style=\"text-align: left;\"><em>GUNTHER<\/em>: O primeiro pensamento que tivemos foi que sab\u00edamos que haveria socorristas, bombeiros e prote\u00e7\u00e3o civil na zona para procurar sobreviventes.<\/p><p style=\"text-align: left;\">Sab\u00edamos que eles estariam a trabalhar 24 horas por dia. <strong>Ent\u00e3o pens\u00e1mos, l<em>Vamos levar \u00e1gua para eles e para outros volunt\u00e1rios que possamos encontrar. <\/em><\/strong><\/p>\t\t\t\t\t\t\t\t<\/div>\n\t\t\t\t<\/div>\n\t\t\t\t<div class=\"elementor-element elementor-element-603f207 elementor-widget elementor-widget-spacer\" data-id=\"603f207\" data-element_type=\"widget\" data-e-type=\"widget\" data-widget_type=\"spacer.default\">\n\t\t\t\t<div class=\"elementor-widget-container\">\n\t\t\t\t\t\t\t<div class=\"elementor-spacer\">\n\t\t\t<div class=\"elementor-spacer-inner\"><\/div>\n\t\t<\/div>\n\t\t\t\t\t\t<\/div>\n\t\t\t\t<\/div>\n\t\t\t\t<div class=\"elementor-element elementor-element-d546fdc elementor-widget elementor-widget-image\" data-id=\"d546fdc\" data-element_type=\"widget\" data-e-type=\"widget\" data-widget_type=\"image.default\">\n\t\t\t\t<div class=\"elementor-widget-container\">\n\t\t\t\t\t\t\t\t\t\t\t\t<figure class=\"wp-caption\">\n\t\t\t\t\t\t\t\t\t\t<img decoding=\"async\" width=\"800\" height=\"600\" src=\"https:\/\/adra.org\/wp-content\/uploads\/2020\/08\/PHOTO-2020-08-05-15-43-47-16-1-1024x768.jpg\" class=\"attachment-large size-large wp-image-19280\" alt=\"\" srcset=\"https:\/\/adra.org\/wp-content\/uploads\/2020\/08\/PHOTO-2020-08-05-15-43-47-16-1-1024x768.jpg 1024w, https:\/\/adra.org\/wp-content\/uploads\/2020\/08\/PHOTO-2020-08-05-15-43-47-16-1-300x225.jpg 300w, https:\/\/adra.org\/wp-content\/uploads\/2020\/08\/PHOTO-2020-08-05-15-43-47-16-1-768x576.jpg 768w, https:\/\/adra.org\/wp-content\/uploads\/2020\/08\/PHOTO-2020-08-05-15-43-47-16-1.jpg 1280w\" sizes=\"(max-width: 800px) 100vw, 800px\" \/>\t\t\t\t\t\t\t\t\t\t\t<figcaption class=\"widget-image-caption wp-caption-text\">As equipas da ADRA responderam de imediato, distribuindo \u00e1gua aos primeiros socorristas.<\/figcaption>\n\t\t\t\t\t\t\t\t\t\t<\/figure>\n\t\t\t\t\t\t\t\t\t<\/div>\n\t\t\t\t<\/div>\n\t\t\t\t<div class=\"elementor-element elementor-element-2da29b3 elementor-widget elementor-widget-spacer\" data-id=\"2da29b3\" data-element_type=\"widget\" data-e-type=\"widget\" data-widget_type=\"spacer.default\">\n\t\t\t\t<div class=\"elementor-widget-container\">\n\t\t\t\t\t\t\t<div class=\"elementor-spacer\">\n\t\t\t<div class=\"elementor-spacer-inner\"><\/div>\n\t\t<\/div>\n\t\t\t\t\t\t<\/div>\n\t\t\t\t<\/div>\n\t\t\t\t<div class=\"elementor-element elementor-element-8ccbd65 elementor-widget elementor-widget-text-editor\" data-id=\"8ccbd65\" data-element_type=\"widget\" data-e-type=\"widget\" data-widget_type=\"text-editor.default\">\n\t\t\t\t<div class=\"elementor-widget-container\">\n\t\t\t\t\t\t\t\t\t<p style=\"text-align: left;\">Quando nos dirigimos para o local da explos\u00e3o, apercebemo-nos de que havia bloqueios montados pelo ex\u00e9rcito para impedir a popula\u00e7\u00e3o de se aproximar do local da explos\u00e3o. Fal\u00e1mos com o ex\u00e9rcito e cheg\u00e1mos ao quartel-general dos bombeiros.<\/p><p style=\"text-align: left;\">Fal\u00e1mos com os bombeiros e eles ajudaram-nos a chegar ao local onde ocorreu a explos\u00e3o.<\/p><p style=\"text-align: left;\">Estavam a come\u00e7ar a montar uma tenda<strong>\u2014<\/strong>as equipas de bombeiros e de socorristas de Fran\u00e7a e da Pol\u00f3nia<strong>\u2014<\/strong>e deram-nos uma lista dos materiais de que precisavam. <strong>Conseguimos comprar as coisas de que precisavam e mont\u00e1mos um campo de repouso para os socorristas.<\/strong><\/p><p style=\"text-align: left;\">A segunda coisa que come\u00e7\u00e1mos a fazer quase imediatamente foi distribuir \u00e1gua e alimentos \u00e0 popula\u00e7\u00e3o afetada.<\/p>\t\t\t\t\t\t\t\t<\/div>\n\t\t\t\t<\/div>\n\t\t\t\t<div class=\"elementor-element elementor-element-a5d28f3 elementor-widget elementor-widget-spacer\" data-id=\"a5d28f3\" data-element_type=\"widget\" data-e-type=\"widget\" data-widget_type=\"spacer.default\">\n\t\t\t\t<div class=\"elementor-widget-container\">\n\t\t\t\t\t\t\t<div class=\"elementor-spacer\">\n\t\t\t<div class=\"elementor-spacer-inner\"><\/div>\n\t\t<\/div>\n\t\t\t\t\t\t<\/div>\n\t\t\t\t<\/div>\n\t\t\t\t<div class=\"elementor-element elementor-element-c99497d elementor-widget elementor-widget-heading\" data-id=\"c99497d\" data-element_type=\"widget\" data-e-type=\"widget\" data-widget_type=\"heading.default\">\n\t\t\t\t<div class=\"elementor-widget-container\">\n\t\t\t\t\t<h3 class=\"elementor-heading-title elementor-size-default\">P: Qual \u00e9 o plano da ADRA para uma resposta a longo prazo?<\/h3>\t\t\t\t<\/div>\n\t\t\t\t<\/div>\n\t\t\t\t<div class=\"elementor-element elementor-element-bae0d8f elementor-widget elementor-widget-spacer\" data-id=\"bae0d8f\" data-element_type=\"widget\" data-e-type=\"widget\" data-widget_type=\"spacer.default\">\n\t\t\t\t<div class=\"elementor-widget-container\">\n\t\t\t\t\t\t\t<div class=\"elementor-spacer\">\n\t\t\t<div class=\"elementor-spacer-inner\"><\/div>\n\t\t<\/div>\n\t\t\t\t\t\t<\/div>\n\t\t\t\t<\/div>\n\t\t\t\t<div class=\"elementor-element elementor-element-d5881fa elementor-widget elementor-widget-text-editor\" data-id=\"d5881fa\" data-element_type=\"widget\" data-e-type=\"widget\" data-widget_type=\"text-editor.default\">\n\t\t\t\t<div class=\"elementor-widget-container\">\n\t\t\t\t\t\t\t\t\t<p style=\"text-align: left;\"><em>GUNTHER<\/em>: Atualmente, estamos a elaborar relat\u00f3rios e propostas de resposta a longo prazo. Temos vindo a receber donativos e estabelecemos contactos com outras ONG da zona para continuar a coordenar a distribui\u00e7\u00e3o de alimentos e de vales de dinheiro para que as fam\u00edlias possam comprar alimentos ou ferramentas para reparar as suas casas.<\/p>\t\t\t\t\t\t\t\t<\/div>\n\t\t\t\t<\/div>\n\t\t\t\t<div class=\"elementor-element elementor-element-d9af9bc elementor-widget elementor-widget-spacer\" data-id=\"d9af9bc\" data-element_type=\"widget\" data-e-type=\"widget\" data-widget_type=\"spacer.default\">\n\t\t\t\t<div class=\"elementor-widget-container\">\n\t\t\t\t\t\t\t<div class=\"elementor-spacer\">\n\t\t\t<div class=\"elementor-spacer-inner\"><\/div>\n\t\t<\/div>\n\t\t\t\t\t\t<\/div>\n\t\t\t\t<\/div>\n\t\t\t\t<div class=\"elementor-element elementor-element-e6dc818 elementor-widget elementor-widget-image\" data-id=\"e6dc818\" data-element_type=\"widget\" data-e-type=\"widget\" data-widget_type=\"image.default\">\n\t\t\t\t<div class=\"elementor-widget-container\">\n\t\t\t\t\t\t\t\t\t\t\t\t<figure class=\"wp-caption\">\n\t\t\t\t\t\t\t\t\t\t<img decoding=\"async\" width=\"800\" height=\"534\" src=\"https:\/\/adra.org\/wp-content\/uploads\/2020\/08\/14-1024x683.jpg\" class=\"attachment-large size-large wp-image-19279\" alt=\"\" srcset=\"https:\/\/adra.org\/wp-content\/uploads\/2020\/08\/14-1024x683.jpg 1024w, https:\/\/adra.org\/wp-content\/uploads\/2020\/08\/14-300x200.jpg 300w, https:\/\/adra.org\/wp-content\/uploads\/2020\/08\/14-768x512.jpg 768w, https:\/\/adra.org\/wp-content\/uploads\/2020\/08\/14-1536x1024.jpg 1536w, https:\/\/adra.org\/wp-content\/uploads\/2020\/08\/14-2048x1365.jpg 2048w\" sizes=\"(max-width: 800px) 100vw, 800px\" \/>\t\t\t\t\t\t\t\t\t\t\t<figcaption class=\"widget-image-caption wp-caption-text\">Uma necessidade b\u00e1sica para as fam\u00edlias afectadas \u00e9 encontrar uma forma de proteger os apartamentos que j\u00e1 n\u00e3o t\u00eam janelas ou portas.<\/figcaption>\n\t\t\t\t\t\t\t\t\t\t<\/figure>\n\t\t\t\t\t\t\t\t\t<\/div>\n\t\t\t\t<\/div>\n\t\t\t\t<div class=\"elementor-element elementor-element-d26bcd3 elementor-widget elementor-widget-spacer\" data-id=\"d26bcd3\" data-element_type=\"widget\" data-e-type=\"widget\" data-widget_type=\"spacer.default\">\n\t\t\t\t<div class=\"elementor-widget-container\">\n\t\t\t\t\t\t\t<div class=\"elementor-spacer\">\n\t\t\t<div class=\"elementor-spacer-inner\"><\/div>\n\t\t<\/div>\n\t\t\t\t\t\t<\/div>\n\t\t\t\t<\/div>\n\t\t\t\t<div class=\"elementor-element elementor-element-6a4657a elementor-widget elementor-widget-text-editor\" data-id=\"6a4657a\" data-element_type=\"widget\" data-e-type=\"widget\" data-widget_type=\"text-editor.default\">\n\t\t\t\t<div class=\"elementor-widget-container\">\n\t\t\t\t\t\t\t\t\t<p><b>A necessidade b\u00e1sica neste momento n\u00e3o \u00e9 apenas comida e \u00e1gua, mas tamb\u00e9m seguran\u00e7a.\u00a0<\/b>Muitas casas n\u00e3o t\u00eam portas nem janelas. Entrevist\u00e1mos pessoas que se revezam com familiares para vigiar durante o dia e a noite para proteger as suas casas.<\/p><p>Por isso, estamos a trabalhar para fornecer \u00e0s fam\u00edlias recursos para ajudar a proteger as suas casas.<\/p>\t\t\t\t\t\t\t\t<\/div>\n\t\t\t\t<\/div>\n\t\t\t\t<div class=\"elementor-element elementor-element-c4ba3a2 elementor-widget elementor-widget-spacer\" data-id=\"c4ba3a2\" data-element_type=\"widget\" data-e-type=\"widget\" data-widget_type=\"spacer.default\">\n\t\t\t\t<div class=\"elementor-widget-container\">\n\t\t\t\t\t\t\t<div class=\"elementor-spacer\">\n\t\t\t<div class=\"elementor-spacer-inner\"><\/div>\n\t\t<\/div>\n\t\t\t\t\t\t<\/div>\n\t\t\t\t<\/div>\n\t\t\t\t<div class=\"elementor-element elementor-element-78ae645 elementor-align-center elementor-widget elementor-widget-button\" data-id=\"78ae645\" data-element_type=\"widget\" data-e-type=\"widget\" data-widget_type=\"button.default\">\n\t\t\t\t<div class=\"elementor-widget-container\">\n\t\t\t\t\t\t\t\t\t<div class=\"elementor-button-wrapper\">\n\t\t\t\t\t<a class=\"elementor-button elementor-button-link elementor-size-md\" href=\"https:\/\/donations.adra.org\/disasters-ws\">\n\t\t\t\t\t\t<span class=\"elementor-button-content-wrapper\">\n\t\t\t\t\t\t\t\t\t<span class=\"elementor-button-text\">FUNDO DE EMERG\u00caNCIA<\/span>\n\t\t\t\t\t<\/span>\n\t\t\t\t\t<\/a>\n\t\t\t\t<\/div>\n\t\t\t\t\t\t\t\t<\/div>\n\t\t\t\t<\/div>\n\t\t\t\t<div class=\"elementor-element elementor-element-d1dac77 elementor-widget elementor-widget-spacer\" data-id=\"d1dac77\" data-element_type=\"widget\" data-e-type=\"widget\" data-widget_type=\"spacer.default\">\n\t\t\t\t<div class=\"elementor-widget-container\">\n\t\t\t\t\t\t\t<div class=\"elementor-spacer\">\n\t\t\t<div class=\"elementor-spacer-inner\"><\/div>\n\t\t<\/div>\n\t\t\t\t\t\t<\/div>\n\t\t\t\t<\/div>\n\t\t\t\t<div class=\"elementor-element elementor-element-510e1c2 elementor-widget elementor-widget-heading\" data-id=\"510e1c2\" data-element_type=\"widget\" data-e-type=\"widget\" data-widget_type=\"heading.default\">\n\t\t\t\t<div class=\"elementor-widget-container\">\n\t\t\t\t\t<h3 class=\"elementor-heading-title elementor-size-default\">P: A infla\u00e7\u00e3o disparou e os alimentos s\u00e3o muito caros. A explos\u00e3o desencadeou uma sequ\u00eancia de acontecimentos que levou \u00e0 demiss\u00e3o do governo. Mas a situa\u00e7\u00e3o dif\u00edcil n\u00e3o come\u00e7ou com a explos\u00e3o, pois n\u00e3o?<\/h3>\t\t\t\t<\/div>\n\t\t\t\t<\/div>\n\t\t\t\t<div class=\"elementor-element elementor-element-f3116f0 elementor-widget elementor-widget-spacer\" data-id=\"f3116f0\" data-element_type=\"widget\" data-e-type=\"widget\" data-widget_type=\"spacer.default\">\n\t\t\t\t<div class=\"elementor-widget-container\">\n\t\t\t\t\t\t\t<div class=\"elementor-spacer\">\n\t\t\t<div class=\"elementor-spacer-inner\"><\/div>\n\t\t<\/div>\n\t\t\t\t\t\t<\/div>\n\t\t\t\t<\/div>\n\t\t\t\t<div class=\"elementor-element elementor-element-ca18555 elementor-widget elementor-widget-text-editor\" data-id=\"ca18555\" data-element_type=\"widget\" data-e-type=\"widget\" data-widget_type=\"text-editor.default\">\n\t\t\t\t<div class=\"elementor-widget-container\">\n\t\t\t\t\t\t\t\t\t<p style=\"text-align: left;\"><em>RICK<\/em>: H\u00e1 cerca de 9 meses, regressei ao meu pa\u00eds depois de uma viagem. Quando regressei, n\u00e3o consegui apanhar um t\u00e1xi do aeroporto para casa, porque todas as ruas de Beirute estavam bloqueadas. Havia lixo a arder e pneus a bloquear as ruas e havia um protesto popular entre libaneses sinceros que queriam ver o pa\u00eds reorganizado. <b>Quase todos os partidos pol\u00edticos reconheceram que se tratava de uma manifesta\u00e7\u00e3o positiva para dizer: \u201cN\u00f3s, libaneses, queremos melhorar o nosso pa\u00eds\u201d.\u201d<\/b><\/p><p style=\"text-align: left;\">Ao longo de v\u00e1rios dias, o protesto mudou, mas foi lan\u00e7ado em simult\u00e2neo com uma crise econ\u00f3mica em que os bancos estiveram fechados durante cerca de um m\u00eas. E a moeda come\u00e7ou a ficar fora de controlo.<b> Passou de 1.500 liras por d\u00f3lar para mais de 10.000 liras por d\u00f3lar e agora est\u00e1 a variar.<\/b> Assim, perdemos cerca de 85% do nosso poder de compra no pa\u00eds. Todos os g\u00e9neros aliment\u00edcios nos mercados e supermercados aumentaram de pre\u00e7o, pelo que <b>o liban\u00eas m\u00e9dio n\u00e3o tem o necess\u00e1rio para comprar alimentos e manter-se \u00e0 tona durante esta crise.<\/b><\/p>\t\t\t\t\t\t\t\t<\/div>\n\t\t\t\t<\/div>\n\t\t\t\t<div class=\"elementor-element elementor-element-0fe7b5e elementor-widget elementor-widget-spacer\" data-id=\"0fe7b5e\" data-element_type=\"widget\" data-e-type=\"widget\" data-widget_type=\"spacer.default\">\n\t\t\t\t<div class=\"elementor-widget-container\">\n\t\t\t\t\t\t\t<div class=\"elementor-spacer\">\n\t\t\t<div class=\"elementor-spacer-inner\"><\/div>\n\t\t<\/div>\n\t\t\t\t\t\t<\/div>\n\t\t\t\t<\/div>\n\t\t\t\t<div class=\"elementor-element elementor-element-be25222 elementor-widget elementor-widget-image\" data-id=\"be25222\" data-element_type=\"widget\" data-e-type=\"widget\" data-widget_type=\"image.default\">\n\t\t\t\t<div class=\"elementor-widget-container\">\n\t\t\t\t\t\t\t\t\t\t\t\t<figure class=\"wp-caption\">\n\t\t\t\t\t\t\t\t\t\t<img loading=\"lazy\" decoding=\"async\" width=\"800\" height=\"534\" src=\"https:\/\/adra.org\/wp-content\/uploads\/2020\/08\/11-1024x683.jpg\" class=\"attachment-large size-large wp-image-19278\" alt=\"\" srcset=\"https:\/\/adra.org\/wp-content\/uploads\/2020\/08\/11-1024x683.jpg 1024w, https:\/\/adra.org\/wp-content\/uploads\/2020\/08\/11-300x200.jpg 300w, https:\/\/adra.org\/wp-content\/uploads\/2020\/08\/11-768x512.jpg 768w, https:\/\/adra.org\/wp-content\/uploads\/2020\/08\/11-1536x1024.jpg 1536w, https:\/\/adra.org\/wp-content\/uploads\/2020\/08\/11-2048x1365.jpg 2048w\" sizes=\"(max-width: 800px) 100vw, 800px\" \/>\t\t\t\t\t\t\t\t\t\t\t<figcaption class=\"widget-image-caption wp-caption-text\">Mesmo antes da explos\u00e3o, a ADRA j\u00e1 ajudava as fam\u00edlias afectadas pela recess\u00e3o econ\u00f3mica. Desde a explos\u00e3o, a resposta da ADRA \u00e9 ainda mais cr\u00edtica.<\/figcaption>\n\t\t\t\t\t\t\t\t\t\t<\/figure>\n\t\t\t\t\t\t\t\t\t<\/div>\n\t\t\t\t<\/div>\n\t\t\t\t<div class=\"elementor-element elementor-element-d4af4c6 elementor-widget elementor-widget-spacer\" data-id=\"d4af4c6\" data-element_type=\"widget\" data-e-type=\"widget\" data-widget_type=\"spacer.default\">\n\t\t\t\t<div class=\"elementor-widget-container\">\n\t\t\t\t\t\t\t<div class=\"elementor-spacer\">\n\t\t\t<div class=\"elementor-spacer-inner\"><\/div>\n\t\t<\/div>\n\t\t\t\t\t\t<\/div>\n\t\t\t\t<\/div>\n\t\t\t\t<div class=\"elementor-element elementor-element-e2fee0f elementor-widget elementor-widget-text-editor\" data-id=\"e2fee0f\" data-element_type=\"widget\" data-e-type=\"widget\" data-widget_type=\"text-editor.default\">\n\t\t\t\t<div class=\"elementor-widget-container\">\n\t\t\t\t\t\t\t\t\t<p style=\"text-align: left;\">Depois, veio a crise da COVID. Em mar\u00e7o, estivemos em confinamento durante 6 semanas, sem que ningu\u00e9m sa\u00edsse de casa.<\/p><p style=\"text-align: left;\">As restri\u00e7\u00f5es come\u00e7aram a ser levantadas, mas a crise regressou h\u00e1 cerca de uma semana e o confinamento recome\u00e7ou porque o n\u00famero de casos de COVID-19 est\u00e1 a aumentar. Assim, enfrentamos atualmente crises pol\u00edticas, econ\u00f3micas e sanit\u00e1rias que colocaram a na\u00e7\u00e3o do L\u00edbano de joelhos do ponto de vista econ\u00f3mico.<\/p>\t\t\t\t\t\t\t\t<\/div>\n\t\t\t\t<\/div>\n\t\t\t\t<div class=\"elementor-element elementor-element-9c145a3 elementor-widget elementor-widget-spacer\" data-id=\"9c145a3\" data-element_type=\"widget\" data-e-type=\"widget\" data-widget_type=\"spacer.default\">\n\t\t\t\t<div class=\"elementor-widget-container\">\n\t\t\t\t\t\t\t<div class=\"elementor-spacer\">\n\t\t\t<div class=\"elementor-spacer-inner\"><\/div>\n\t\t<\/div>\n\t\t\t\t\t\t<\/div>\n\t\t\t\t<\/div>\n\t\t\t\t<div class=\"elementor-element elementor-element-f0ec47b elementor-widget elementor-widget-heading\" data-id=\"f0ec47b\" data-element_type=\"widget\" data-e-type=\"widget\" data-widget_type=\"heading.default\">\n\t\t\t\t<div class=\"elementor-widget-container\">\n\t\t\t\t\t<h3 class=\"elementor-heading-title elementor-size-default\">P: Qual \u00e9 a situa\u00e7\u00e3o atual em Beirute?<\/h3>\t\t\t\t<\/div>\n\t\t\t\t<\/div>\n\t\t\t\t<div class=\"elementor-element elementor-element-d11b6ae elementor-widget elementor-widget-spacer\" data-id=\"d11b6ae\" data-element_type=\"widget\" data-e-type=\"widget\" data-widget_type=\"spacer.default\">\n\t\t\t\t<div class=\"elementor-widget-container\">\n\t\t\t\t\t\t\t<div class=\"elementor-spacer\">\n\t\t\t<div class=\"elementor-spacer-inner\"><\/div>\n\t\t<\/div>\n\t\t\t\t\t\t<\/div>\n\t\t\t\t<\/div>\n\t\t\t\t<div class=\"elementor-element elementor-element-4b4b5fe elementor-widget elementor-widget-text-editor\" data-id=\"4b4b5fe\" data-element_type=\"widget\" data-e-type=\"widget\" data-widget_type=\"text-editor.default\">\n\t\t\t\t<div class=\"elementor-widget-container\">\n\t\t\t\t\t\t\t\t\t<p style=\"text-align: left;\"><em>RICK<\/em>: Antes da explos\u00e3o, esperava-se que os hospitais estivessem cheios de v\u00edtimas da COVID-19 at\u00e9 20 de agosto. De repente, a explos\u00e3o ocorreu e destruiu completamente dois grandes hospitais. <strong>Um deles, que tinha a melhor unidade de cuidados intensivos do pa\u00eds, est\u00e1 agora reduzido a 20% da sua capacidade original.<\/strong><\/p><p style=\"text-align: left;\">E uma grande parte do centro de Beirute tamb\u00e9m n\u00e3o pode funcionar agora, o que significa que mais empregos desapareceram. <strong>O desemprego estimado atualmente em 50% aumentar\u00e1 provavelmente 10-15%, devido aos grandes edif\u00edcios de escrit\u00f3rios que ficaram fora de servi\u00e7o durante algum tempo.<\/strong><\/p>\t\t\t\t\t\t\t\t<\/div>\n\t\t\t\t<\/div>\n\t\t\t\t<div class=\"elementor-element elementor-element-a177d30 elementor-widget elementor-widget-spacer\" data-id=\"a177d30\" data-element_type=\"widget\" data-e-type=\"widget\" data-widget_type=\"spacer.default\">\n\t\t\t\t<div class=\"elementor-widget-container\">\n\t\t\t\t\t\t\t<div class=\"elementor-spacer\">\n\t\t\t<div class=\"elementor-spacer-inner\"><\/div>\n\t\t<\/div>\n\t\t\t\t\t\t<\/div>\n\t\t\t\t<\/div>\n\t\t\t\t<div class=\"elementor-element elementor-element-25f9f51 elementor-widget elementor-widget-heading\" data-id=\"25f9f51\" data-element_type=\"widget\" data-e-type=\"widget\" data-widget_type=\"heading.default\">\n\t\t\t\t<div class=\"elementor-widget-container\">\n\t\t\t\t\t<h3 class=\"elementor-heading-title elementor-size-default\">P: A ADRA est\u00e1 a receber donativos neste momento?<\/h3>\t\t\t\t<\/div>\n\t\t\t\t<\/div>\n\t\t\t\t<div class=\"elementor-element elementor-element-a1945fa elementor-widget elementor-widget-spacer\" data-id=\"a1945fa\" data-element_type=\"widget\" data-e-type=\"widget\" data-widget_type=\"spacer.default\">\n\t\t\t\t<div class=\"elementor-widget-container\">\n\t\t\t\t\t\t\t<div class=\"elementor-spacer\">\n\t\t\t<div class=\"elementor-spacer-inner\"><\/div>\n\t\t<\/div>\n\t\t\t\t\t\t<\/div>\n\t\t\t\t<\/div>\n\t\t\t\t<div class=\"elementor-element elementor-element-c800747 elementor-widget elementor-widget-text-editor\" data-id=\"c800747\" data-element_type=\"widget\" data-e-type=\"widget\" data-widget_type=\"text-editor.default\">\n\t\t\t\t<div class=\"elementor-widget-container\">\n\t\t\t\t\t\t\t\t\t<p style=\"text-align: left;\"><em>GUNTHER<\/em>: Estamos a planear a nossa resposta a longo prazo e a receber donativos. <strong>Recebemos uma tonelada de alimentos da Eslov\u00e1quia num avi\u00e3o do governo.<\/strong> Por isso, estamos a embalar os alimentos para os distribuir nos pr\u00f3ximos dias.<\/p>\t\t\t\t\t\t\t\t<\/div>\n\t\t\t\t<\/div>\n\t\t\t\t<div class=\"elementor-element elementor-element-bd1ed16 elementor-widget elementor-widget-spacer\" data-id=\"bd1ed16\" data-element_type=\"widget\" data-e-type=\"widget\" data-widget_type=\"spacer.default\">\n\t\t\t\t<div class=\"elementor-widget-container\">\n\t\t\t\t\t\t\t<div class=\"elementor-spacer\">\n\t\t\t<div class=\"elementor-spacer-inner\"><\/div>\n\t\t<\/div>\n\t\t\t\t\t\t<\/div>\n\t\t\t\t<\/div>\n\t\t\t\t<div class=\"elementor-element elementor-element-625d71e elementor-widget elementor-widget-image\" data-id=\"625d71e\" data-element_type=\"widget\" data-e-type=\"widget\" data-widget_type=\"image.default\">\n\t\t\t\t<div class=\"elementor-widget-container\">\n\t\t\t\t\t\t\t\t\t\t\t\t<figure class=\"wp-caption\">\n\t\t\t\t\t\t\t\t\t\t<img loading=\"lazy\" decoding=\"async\" width=\"800\" height=\"600\" src=\"https:\/\/adra.org\/wp-content\/uploads\/2020\/08\/PHOTO-2020-08-11-10-51-20-3-1024x768.jpg\" class=\"attachment-large size-large wp-image-19281\" alt=\"\" srcset=\"https:\/\/adra.org\/wp-content\/uploads\/2020\/08\/PHOTO-2020-08-11-10-51-20-3-1024x768.jpg 1024w, https:\/\/adra.org\/wp-content\/uploads\/2020\/08\/PHOTO-2020-08-11-10-51-20-3-300x225.jpg 300w, https:\/\/adra.org\/wp-content\/uploads\/2020\/08\/PHOTO-2020-08-11-10-51-20-3-768x576.jpg 768w, https:\/\/adra.org\/wp-content\/uploads\/2020\/08\/PHOTO-2020-08-11-10-51-20-3.jpg 1032w\" sizes=\"(max-width: 800px) 100vw, 800px\" \/>\t\t\t\t\t\t\t\t\t\t\t<figcaption class=\"widget-image-caption wp-caption-text\">A ADRA recebeu uma doa\u00e7\u00e3o de uma tonelada de alimentos da Eslov\u00e1quia.<\/figcaption>\n\t\t\t\t\t\t\t\t\t\t<\/figure>\n\t\t\t\t\t\t\t\t\t<\/div>\n\t\t\t\t<\/div>\n\t\t\t\t<div class=\"elementor-element elementor-element-546f101 elementor-widget elementor-widget-spacer\" data-id=\"546f101\" data-element_type=\"widget\" data-e-type=\"widget\" data-widget_type=\"spacer.default\">\n\t\t\t\t<div class=\"elementor-widget-container\">\n\t\t\t\t\t\t\t<div class=\"elementor-spacer\">\n\t\t\t<div class=\"elementor-spacer-inner\"><\/div>\n\t\t<\/div>\n\t\t\t\t\t\t<\/div>\n\t\t\t\t<\/div>\n\t\t\t\t<div class=\"elementor-element elementor-element-3e7b04f elementor-widget elementor-widget-text-editor\" data-id=\"3e7b04f\" data-element_type=\"widget\" data-e-type=\"widget\" data-widget_type=\"text-editor.default\">\n\t\t\t\t<div class=\"elementor-widget-container\">\n\t\t\t\t\t\t\t\t\t<p style=\"text-align: left;\"><strong>\u00c9 fundamental, neste momento, coordenarmo-nos com outras organiza\u00e7\u00f5es que est\u00e3o no terreno para identificarmos as \u00e1reas em que temos de continuar a trabalhar.<\/strong><\/p><p style=\"text-align: left;\">A ADRA L\u00edbano tem uma forte hist\u00f3ria no sector da educa\u00e7\u00e3o, pelo que <strong>queremos identificar 1 a 3 escolas para ajudar na sua reabilita\u00e7\u00e3o e tamb\u00e9m trabalhar nas comunidades circundantes.<\/strong> Esta \u00e9 tamb\u00e9m uma grande prioridade porque h\u00e1 atualmente 300 000 crian\u00e7as sem casa.<\/p><p style=\"text-align: left;\">Queremos concentrar o financiamento nestes sectores.<\/p>\t\t\t\t\t\t\t\t<\/div>\n\t\t\t\t<\/div>\n\t\t\t\t<div class=\"elementor-element elementor-element-06d356d elementor-widget elementor-widget-spacer\" data-id=\"06d356d\" data-element_type=\"widget\" data-e-type=\"widget\" data-widget_type=\"spacer.default\">\n\t\t\t\t<div class=\"elementor-widget-container\">\n\t\t\t\t\t\t\t<div class=\"elementor-spacer\">\n\t\t\t<div class=\"elementor-spacer-inner\"><\/div>\n\t\t<\/div>\n\t\t\t\t\t\t<\/div>\n\t\t\t\t<\/div>\n\t\t\t\t<div class=\"elementor-element elementor-element-d2200fd elementor-align-center elementor-widget elementor-widget-button\" data-id=\"d2200fd\" data-element_type=\"widget\" data-e-type=\"widget\" data-widget_type=\"button.default\">\n\t\t\t\t<div class=\"elementor-widget-container\">\n\t\t\t\t\t\t\t\t\t<div class=\"elementor-button-wrapper\">\n\t\t\t\t\t<a class=\"elementor-button elementor-button-link elementor-size-md\" href=\"https:\/\/donations.adra.org\/disasters-ws\">\n\t\t\t\t\t\t<span class=\"elementor-button-content-wrapper\">\n\t\t\t\t\t\t\t\t\t<span class=\"elementor-button-text\">FUNDO DE EMERG\u00caNCIA<\/span>\n\t\t\t\t\t<\/span>\n\t\t\t\t\t<\/a>\n\t\t\t\t<\/div>\n\t\t\t\t\t\t\t\t<\/div>\n\t\t\t\t<\/div>\n\t\t\t\t<div class=\"elementor-element elementor-element-f9cfb4f elementor-widget elementor-widget-spacer\" data-id=\"f9cfb4f\" data-element_type=\"widget\" data-e-type=\"widget\" data-widget_type=\"spacer.default\">\n\t\t\t\t<div class=\"elementor-widget-container\">\n\t\t\t\t\t\t\t<div class=\"elementor-spacer\">\n\t\t\t<div class=\"elementor-spacer-inner\"><\/div>\n\t\t<\/div>\n\t\t\t\t\t\t<\/div>\n\t\t\t\t<\/div>\n\t\t\t\t<div class=\"elementor-element elementor-element-29180fd elementor-widget elementor-widget-text-editor\" data-id=\"29180fd\" data-element_type=\"widget\" data-e-type=\"widget\" data-widget_type=\"text-editor.default\">\n\t\t\t\t<div class=\"elementor-widget-container\">\n\t\t\t\t\t\t\t\t\t<p style=\"text-align: left;\"><strong>Continuaremos tamb\u00e9m a prestar assist\u00eancia no dom\u00ednio da seguran\u00e7a alimentar.<\/strong> Como j\u00e1 referimos, antes desta emerg\u00eancia, muitas pessoas j\u00e1 tinham perdido o emprego. Agora, a situa\u00e7\u00e3o \u00e9 ainda pior. A assist\u00eancia n\u00e3o \u00e9 apenas imediata, mas tem de ser prestada durante mais meses.<\/p><p style=\"text-align: left;\"><strong>E se obtivermos mais financiamento, outro aspeto importante \u00e9 o apoio \u00e0 sa\u00fade mental.<\/strong> A popula\u00e7\u00e3o libanesa passou por momentos dif\u00edceis no passado. Muitas pessoas s\u00e3o afectadas mentalmente pela explos\u00e3o porque esta traz \u00e0 tona traumas passados.\u00a0<\/p><p style=\"text-align: left;\">Se o financiamento chegar, vamos criar equipas para prestar apoio \u00e0s pessoas em mat\u00e9ria de sa\u00fade mental.<\/p>\t\t\t\t\t\t\t\t<\/div>\n\t\t\t\t<\/div>\n\t\t\t\t<div class=\"elementor-element elementor-element-ab266f1 elementor-widget elementor-widget-spacer\" data-id=\"ab266f1\" data-element_type=\"widget\" data-e-type=\"widget\" data-widget_type=\"spacer.default\">\n\t\t\t\t<div class=\"elementor-widget-container\">\n\t\t\t\t\t\t\t<div class=\"elementor-spacer\">\n\t\t\t<div class=\"elementor-spacer-inner\"><\/div>\n\t\t<\/div>\n\t\t\t\t\t\t<\/div>\n\t\t\t\t<\/div>\n\t\t\t\t<div class=\"elementor-element elementor-element-cb1abed elementor-widget elementor-widget-heading\" data-id=\"cb1abed\" data-element_type=\"widget\" data-e-type=\"widget\" data-widget_type=\"heading.default\">\n\t\t\t\t<div class=\"elementor-widget-container\">\n\t\t\t\t\t<h3 class=\"elementor-heading-title elementor-size-default\">P: Como posso ajudar em Beirute? <\/h3>\t\t\t\t<\/div>\n\t\t\t\t<\/div>\n\t\t\t\t<div class=\"elementor-element elementor-element-d1aa841 elementor-widget elementor-widget-spacer\" data-id=\"d1aa841\" data-element_type=\"widget\" data-e-type=\"widget\" data-widget_type=\"spacer.default\">\n\t\t\t\t<div class=\"elementor-widget-container\">\n\t\t\t\t\t\t\t<div class=\"elementor-spacer\">\n\t\t\t<div class=\"elementor-spacer-inner\"><\/div>\n\t\t<\/div>\n\t\t\t\t\t\t<\/div>\n\t\t\t\t<\/div>\n\t\t\t\t<div class=\"elementor-element elementor-element-15d805a elementor-widget elementor-widget-text-editor\" data-id=\"15d805a\" data-element_type=\"widget\" data-e-type=\"widget\" data-widget_type=\"text-editor.default\">\n\t\t\t\t<div class=\"elementor-widget-container\">\n\t\t\t\t\t\t\t\t\t<p style=\"text-align: left;\"><em>GUNTHER<\/em>: As necessidades s\u00e3o enormes. <strong>Se quiser ajudar a ADRA, tal como n\u00f3s ajudamos as pessoas em Beirute, a forma mais f\u00e1cil \u00e9 fazer um donativo.<\/strong> Chegou o momento de partilharmos o conforto que estamos a sentir noutros locais para ajudar as pessoas no L\u00edbano.<\/p>\t\t\t\t\t\t\t\t<\/div>\n\t\t\t\t<\/div>\n\t\t\t\t\t<\/div>\n\t\t<\/div>\n\t\t\t\t<div class=\"elementor-column elementor-col-33 elementor-top-column elementor-element elementor-element-7fa9f389\" data-id=\"7fa9f389\" data-element_type=\"column\" data-e-type=\"column\">\n\t\t\t<div class=\"elementor-widget-wrap\">\n\t\t\t\t\t\t\t<\/div>\n\t\t<\/div>\n\t\t\t\t\t<\/div>\n\t\t<\/section>\n\t\t\t\t<\/div>","protected":false},"excerpt":{"rendered":"<p>On Monday, August 10, Gunther Wallauer, director of ADRA Middle East and North Africa (MENA), joined Rick McEdward, president at the Middle East and North Africa Union of Seventh-day Adventists and board chair of ADRA MENA, for an interview with Sam Neves of Adventist News Network. They discussed the Beirut explosion, including their personal experiences [&hellip;]<\/p>\n","protected":false},"author":1,"featured_media":19254,"comment_status":"open","ping_status":"open","sticky":false,"template":"","format":"standard","meta":{"_acf_changed":false,"_eb_attr":"","footnotes":""},"categories":[590],"tags":[],"class_list":["post-19262","post","type-post","status-publish","format-standard","has-post-thumbnail","hentry","category-emergency"],"acf":[],"_links":{"self":[{"href":"https:\/\/adra.org\/pt\/wp-json\/wp\/v2\/posts\/19262","targetHints":{"allow":["GET"]}}],"collection":[{"href":"https:\/\/adra.org\/pt\/wp-json\/wp\/v2\/posts"}],"about":[{"href":"https:\/\/adra.org\/pt\/wp-json\/wp\/v2\/types\/post"}],"author":[{"embeddable":true,"href":"https:\/\/adra.org\/pt\/wp-json\/wp\/v2\/users\/1"}],"replies":[{"embeddable":true,"href":"https:\/\/adra.org\/pt\/wp-json\/wp\/v2\/comments?post=19262"}],"version-history":[{"count":18,"href":"https:\/\/adra.org\/pt\/wp-json\/wp\/v2\/posts\/19262\/revisions"}],"predecessor-version":[{"id":19296,"href":"https:\/\/adra.org\/pt\/wp-json\/wp\/v2\/posts\/19262\/revisions\/19296"}],"wp:featuredmedia":[{"embeddable":true,"href":"https:\/\/adra.org\/pt\/wp-json\/wp\/v2\/media\/19254"}],"wp:attachment":[{"href":"https:\/\/adra.org\/pt\/wp-json\/wp\/v2\/media?parent=19262"}],"wp:term":[{"taxonomy":"category","embeddable":true,"href":"https:\/\/adra.org\/pt\/wp-json\/wp\/v2\/categories?post=19262"},{"taxonomy":"post_tag","embeddable":true,"href":"https:\/\/adra.org\/pt\/wp-json\/wp\/v2\/tags?post=19262"}],"curies":[{"name":"wp","href":"https:\/\/api.w.org\/{rel}","templated":true}]}}