{"id":19088,"date":"2020-08-06T14:03:44","date_gmt":"2020-08-06T14:03:44","guid":{"rendered":"https:\/\/adra.org\/?p=19088"},"modified":"2026-03-30T18:27:37","modified_gmt":"2026-03-30T18:27:37","slug":"kenya-help-keep-jobs-through-covid-19","status":"publish","type":"post","link":"https:\/\/adra.org\/pt\/kenya-help-keep-jobs-through-covid-19","title":{"rendered":"Qu\u00e9nia: ADRA ajuda a manter empregos atrav\u00e9s da COVID-19"},"content":{"rendered":"<figure class=\"wp-block-image size-full\"><img fetchpriority=\"high\" decoding=\"async\" width=\"701\" height=\"341\" src=\"https:\/\/adra.org\/wp-content\/uploads\/2023\/07\/20-008-Samuel-Blog-Image-b.jpg\" alt=\"\" class=\"wp-image-28269\" srcset=\"https:\/\/adra.org\/wp-content\/uploads\/2023\/07\/20-008-Samuel-Blog-Image-b.jpg 701w, https:\/\/adra.org\/wp-content\/uploads\/2023\/07\/20-008-Samuel-Blog-Image-b-300x146.jpg 300w\" sizes=\"(max-width: 701px) 100vw, 701px\" \/><\/figure>\n\n\n<p style=\"text-align: left;\">Samuel Onang'o, deficiente, pai de tr\u00eas filhos, vive com a sua fam\u00edlia em Kibera, no Qu\u00e9nia.<\/p>\n<p style=\"text-align: left;\">J\u00e1 passaram mais de tr\u00eas meses e Samuel teve de aprender a sobreviver sozinho na sua casa de uma divis\u00e3o e com paredes de lata. \u00c0 medida que o coronav\u00edrus continua a espalhar-se pelo pa\u00eds, os confinamentos e o encerramento de escolas e empresas t\u00eam causado perturba\u00e7\u00f5es incomensur\u00e1veis. As pessoas com defici\u00eancia j\u00e1 viviam num mundo de isolamento, mas os efeitos da pandemia agravaram ainda mais o seu isolamento.<\/p>\n<p style=\"text-align: left;\">Samuel, que \u00e9 sapateiro, foi especialmente afetado pelo isolamento for\u00e7ado e pelo encerramento de empresas. A perda maci\u00e7a de empregos para as pessoas que vivem em Kibera provocou uma mudan\u00e7a na economia e agora as fam\u00edlias preferem gastar o pouco dinheiro que t\u00eam em alimentos e outros bens essenciais.<\/p>\n<blockquote>\n<p>\u201cAntes da pandemia, eu ganhava at\u00e9 $10 por dia. Isto era suficiente para a manuten\u00e7\u00e3o da minha fam\u00edlia e para as propinas dos meus filhos. Agora, num dia bom, mal ganho $2. Ontem, ganhei apenas 10 c\u00eantimos\u201d, conta Samuel.<\/p>\n<\/blockquote>\n<p style=\"text-align: left;\">Para ajudar a travar a propaga\u00e7\u00e3o da COVID-19, o governo obrigou todos os propriet\u00e1rios de pequenas empresas a instalarem esta\u00e7\u00f5es de lavagem de m\u00e3os nas suas instala\u00e7\u00f5es. Isto representou outro desafio para Samuel.<\/p>\n<p style=\"text-align: left;\">\u201cDevido \u00e0 escassez de \u00e1gua que h\u00e1 muito tempo se regista aqui em Kibera, temos de comprar \u00e1gua. Por vezes, nem sequer tenho \u00e1gua suficiente para o meu uso pessoal, mas se n\u00e3o tiver \u00e1gua para a minha esta\u00e7\u00e3o de lavagem das m\u00e3os no trabalho, posso ser preso\u201d, explica Samuel.<\/p>\n<p style=\"text-align: left;\">Cinco gal\u00f5es de \u00e1gua custam 20 c\u00eantimos na bomba de \u00e1gua, mas devido \u00e0 sua cadeira de rodas, Samuel n\u00e3o consegue chegar \u00e0 bomba de \u00e1gua nem transportar a \u00e1gua de volta. Uma tarefa que, normalmente, seria efectuada pela mulher ou por um dos filhos sem qualquer problema, tornou-se agora um enorme obst\u00e1culo para Samuel.<\/p>\n<p style=\"text-align: left;\">\u201cIsto significa que, por cada 5 gal\u00f5es de \u00e1gua, tenho de pagar uma taxa de entrega adicional de 20 c\u00eantimos. E, para al\u00e9m disso, ainda tenho de comprar sab\u00e3o para a minha esta\u00e7\u00e3o de lavagem das m\u00e3os.\u201d<\/p>\n<p style=\"text-align: left;\">Felizmente, a ADRA come\u00e7ou a trabalhar na comunidade de Samuel para apoiar as fam\u00edlias afectadas pela pandemia de COVID-19.<\/p>\n<p style=\"text-align: left;\">\u201cIa ter de fechar o meu neg\u00f3cio se a ADRA n\u00e3o viesse em meu aux\u00edlio. Deram-me desinfetante para as m\u00e3os e sab\u00e3o normal e antibacteriano. Vou usar o sab\u00e3o antibacteriano na minha esta\u00e7\u00e3o de lavagem de m\u00e3os no trabalho e o resto vou usar em casa.\u201d Samuel est\u00e1 feliz por poder manter o seu neg\u00f3cio a funcionar.<\/p>","protected":false},"excerpt":{"rendered":"<p>Samuel Onang'o, deficiente, pai de tr\u00eas filhos, vive com a sua fam\u00edlia em Kibera, no Qu\u00e9nia.<\/p>","protected":false},"author":1,"featured_media":19136,"comment_status":"open","ping_status":"open","sticky":false,"template":"","format":"standard","meta":{"_acf_changed":false,"_eb_attr":"","footnotes":""},"categories":[785,615,284,937,336],"tags":[774,1079,437,8,690],"class_list":["post-19088","post","type-post","status-publish","format-standard","has-post-thumbnail","hentry","category-africa","category-blog","category-health","category-kenya","category-wash","tag-covid-19","tag-crisis","tag-disability-inclusion","tag-emergency-response","tag-protection"],"acf":[],"_links":{"self":[{"href":"https:\/\/adra.org\/pt\/wp-json\/wp\/v2\/posts\/19088","targetHints":{"allow":["GET"]}}],"collection":[{"href":"https:\/\/adra.org\/pt\/wp-json\/wp\/v2\/posts"}],"about":[{"href":"https:\/\/adra.org\/pt\/wp-json\/wp\/v2\/types\/post"}],"author":[{"embeddable":true,"href":"https:\/\/adra.org\/pt\/wp-json\/wp\/v2\/users\/1"}],"replies":[{"embeddable":true,"href":"https:\/\/adra.org\/pt\/wp-json\/wp\/v2\/comments?post=19088"}],"version-history":[{"count":17,"href":"https:\/\/adra.org\/pt\/wp-json\/wp\/v2\/posts\/19088\/revisions"}],"predecessor-version":[{"id":46310,"href":"https:\/\/adra.org\/pt\/wp-json\/wp\/v2\/posts\/19088\/revisions\/46310"}],"wp:featuredmedia":[{"embeddable":true,"href":"https:\/\/adra.org\/pt\/wp-json\/wp\/v2\/media\/19136"}],"wp:attachment":[{"href":"https:\/\/adra.org\/pt\/wp-json\/wp\/v2\/media?parent=19088"}],"wp:term":[{"taxonomy":"category","embeddable":true,"href":"https:\/\/adra.org\/pt\/wp-json\/wp\/v2\/categories?post=19088"},{"taxonomy":"post_tag","embeddable":true,"href":"https:\/\/adra.org\/pt\/wp-json\/wp\/v2\/tags?post=19088"}],"curies":[{"name":"wp","href":"https:\/\/api.w.org\/{rel}","templated":true}]}}