{"id":18197,"date":"2020-04-11T00:23:26","date_gmt":"2020-04-11T00:23:26","guid":{"rendered":"https:\/\/adra.org\/?p=18197"},"modified":"2026-03-31T15:36:28","modified_gmt":"2026-03-31T15:36:28","slug":"daily-hope-day-23","status":"publish","type":"post","link":"https:\/\/adra.org\/pt\/daily-hope-day-23","title":{"rendered":"Esperan\u00e7a di\u00e1ria: Dia 23"},"content":{"rendered":"<p>Querida fam\u00edlia ADRA,<\/p>\n\n\n\n<p>Todas as semanas, a fam\u00edlia ADRA re\u00fane-se no Zoom e no Facebook em direto para rezar. Ouvimos os pedidos de ora\u00e7\u00e3o partilhados ao longo da semana e temos a oportunidade de nos ligarmos aos escrit\u00f3rios da ADRA em todo o mundo e saber como est\u00e3o a responder \u00e0 COVID-19.<\/p>\n\n\n\n<p>Esta semana, juntou-se a n\u00f3s Dag Pontvik, diretor nacional da ADRA It\u00e1lia. Ele partilhou a forma como, atrav\u00e9s de esfor\u00e7os coordenados com as filiais da ADRA em toda a It\u00e1lia, conseguiram dar alimentos e recursos necess\u00e1rios a cerca de 2.000 fam\u00edlias necessitadas. A ADRA It\u00e1lia tamb\u00e9m criou uma linha direta para onde as pessoas traumatizadas podem ligar e receber apoio.&nbsp;<\/p>\n\n\n\n<p>O mais importante, sublinhou Pontvik, \u00e9 a forma como a ADRA It\u00e1lia e os italianos de todo o pa\u00eds se uniram para se refor\u00e7arem mutuamente.<\/p>\n\n\n\n<p>\u00c9 poss\u00edvel que tenha visto v\u00eddeos a circular nas redes sociais de italianos a cantar \u00f3pera atrav\u00e9s das suas janelas abertas ou a juntarem-se aos vizinhos para fazer m\u00fasica - cada um com o seu pr\u00f3prio instrumento na sua pr\u00f3pria varanda.<\/p>\n\n\n\n<p>Enquanto o pa\u00eds continua o seu confinamento rigoroso na luta contra a COVID-19, as crian\u00e7as de toda a It\u00e1lia est\u00e3o a espalhar um slogan de tranquilidade: \u201cAndr\u00e0 tutu benne\u201d, ou seja, tudo vai correr bem. Estas faixas s\u00e3o colocadas \u00e0 porta das casas por todo o lado, juntamente com um desenho ou pintura de um arco-\u00edris.&nbsp;<\/p>\n\n\n\n<p>Pontvik partilhou uma fotografia de uma faixa colocada por uma menina que vive em frente \u00e0 sua casa.&nbsp;<\/p>\n\n\n\n<p>\u201cIsto \u00e9 em frente \u00e0 minha casa - uma menina fez este desenho\u201d, disse Pontvik. \u201cEncontramos este arco-\u00edris e sentimos a certeza de que tudo vai correr bem. Mas tamb\u00e9m nos deparamos com situa\u00e7\u00f5es em que ouvimos hist\u00f3rias de pessoas que perderam a vida ou n\u00e3o conseguiram sobreviver. No meio de tudo isto, o que realmente nos d\u00e1 esperan\u00e7a \u00e9 esse arco-\u00edris.\u201d<\/p>\n\n\n\n<p>Estes arco-\u00edris, mensagens inocentes de esperan\u00e7a espalhadas pelas crian\u00e7as, fazem-nos lembrar a hist\u00f3ria b\u00edblica da quarentena de No\u00e9. Enquanto n\u00f3s estamos em quarentena h\u00e1 semanas, a fam\u00edlia de No\u00e9 esteve \u201cem quarentena\u201d na arca durante quase um ano inteiro.<\/p>\n\n\n\n<p>\u201cRecordamos a hist\u00f3ria da quarentena que No\u00e9 atravessou no seu grande barco com todos os animais\u201d, reflecte Pontvik. \u201cH\u00e1 uma promessa no final. Temos a garantia de Algu\u00e9m maior do que n\u00f3s.\u201d&nbsp;<\/p>\n\n\n\n<p>Ao pensarmos na criatividade e no encorajamento do povo italiano, lembramo-nos daquele primeiro arco-\u00edris de h\u00e1 tanto tempo, quando Deus nos prometeu que tudo iria correr bem.<\/p>\n\n\n\n<p>Hoje, dedique algum tempo a ler e a meditar em G\u00e9nesis 9,8-17.<\/p>\n\n\n\n<ol class=\"wp-block-list\">\n<li>O que \u00e9 que esta passagem nos diz sobre as promessas de Deus?\u00a0<\/li>\n\n\n\n<li>Como \u00e9 que podemos encontrar esperan\u00e7a para a nossa situa\u00e7\u00e3o atual na promessa de Deus feita h\u00e1 milhares de anos?\u00a0<\/li>\n\n\n\n<li>Desenhe a sua pr\u00f3pria faixa de arco-\u00edris com uma frase encorajadora e coloque-a na sua porta. Lembre aos seus vizinhos que Deus est\u00e1 no controlo e que tudo vai correr bem.\u00a0<\/li>\n<\/ol>\n\n\n\n<p><em>Junte-se a n\u00f3s para a ora\u00e7\u00e3o semanal todas as segundas-feiras \u00e0s 12 horas. <a href=\"https:\/\/adra.org\/pt\/adra-provides-hope-during-coronavirus\/#BuildCommunity\">Clique aqui<\/a> para saber mais. <\/em><\/p>\n\n\n\n<p><\/p>","protected":false},"excerpt":{"rendered":"<p>Todas as semanas, a fam\u00edlia ADRA re\u00fane-se no Zoom e no Facebook em direto para rezar. Ouvimos os pedidos de ora\u00e7\u00e3o partilhados ao longo da semana e temos a oportunidade de nos ligarmos aos escrit\u00f3rios da ADRA em todo o mundo e saber como est\u00e3o a responder \u00e0 COVID-19.<\/p>","protected":false},"author":1,"featured_media":18198,"comment_status":"open","ping_status":"open","sticky":false,"template":"","format":"standard","meta":{"_acf_changed":false,"_eb_attr":"","footnotes":""},"categories":[799,935,1],"tags":[774,1079,600],"class_list":["post-18197","post","type-post","status-publish","format-standard","has-post-thumbnail","hentry","category-europe","category-italy","category-uncategorized","tag-covid-19","tag-crisis","tag-daily-hope"],"acf":[],"_links":{"self":[{"href":"https:\/\/adra.org\/pt\/wp-json\/wp\/v2\/posts\/18197","targetHints":{"allow":["GET"]}}],"collection":[{"href":"https:\/\/adra.org\/pt\/wp-json\/wp\/v2\/posts"}],"about":[{"href":"https:\/\/adra.org\/pt\/wp-json\/wp\/v2\/types\/post"}],"author":[{"embeddable":true,"href":"https:\/\/adra.org\/pt\/wp-json\/wp\/v2\/users\/1"}],"replies":[{"embeddable":true,"href":"https:\/\/adra.org\/pt\/wp-json\/wp\/v2\/comments?post=18197"}],"version-history":[{"count":4,"href":"https:\/\/adra.org\/pt\/wp-json\/wp\/v2\/posts\/18197\/revisions"}],"predecessor-version":[{"id":46448,"href":"https:\/\/adra.org\/pt\/wp-json\/wp\/v2\/posts\/18197\/revisions\/46448"}],"wp:featuredmedia":[{"embeddable":true,"href":"https:\/\/adra.org\/pt\/wp-json\/wp\/v2\/media\/18198"}],"wp:attachment":[{"href":"https:\/\/adra.org\/pt\/wp-json\/wp\/v2\/media?parent=18197"}],"wp:term":[{"taxonomy":"category","embeddable":true,"href":"https:\/\/adra.org\/pt\/wp-json\/wp\/v2\/categories?post=18197"},{"taxonomy":"post_tag","embeddable":true,"href":"https:\/\/adra.org\/pt\/wp-json\/wp\/v2\/tags?post=18197"}],"curies":[{"name":"wp","href":"https:\/\/api.w.org\/{rel}","templated":true}]}}