{"id":1742,"date":"2015-04-14T18:00:51","date_gmt":"2015-04-14T18:00:51","guid":{"rendered":"https:\/\/adra.org\/?p=1742"},"modified":"2026-04-07T20:36:10","modified_gmt":"2026-04-07T20:36:10","slug":"support-for-victims-of-boko-haram-insurgency","status":"publish","type":"post","link":"https:\/\/adra.org\/pt\/support-for-victims-of-boko-haram-insurgency","title":{"rendered":"Apoio \u00e0s v\u00edtimas da insurrei\u00e7\u00e3o do Boko Haram"},"content":{"rendered":"<h2>A ADRA continua a apoiar as v\u00edtimas da insurrei\u00e7\u00e3o do Boko Haram<\/h2>\n<p>LAGOS, NIG\u00c9RIA - H\u00e1 um ano, o rapto de mais de 200 raparigas pelo Boko Haram na Nig\u00e9ria chamou a aten\u00e7\u00e3o do mundo e provocou a campanha viral #BringBackOurGirls.<\/p>\n<p>Na segunda-feira, 13 de abril, a UNICEF anunciou que o Boko Haram deixou, at\u00e9 \u00e0 data, um total de 800.000 crian\u00e7as e respectivas fam\u00edlias sem abrigo no Norte da Nig\u00e9ria.<\/p>\n<p>\u201cA ADRA est\u00e1 na linha de frente desta crise\u201d, disse Marie-Jo Guth, Gerente de Programa da ADRA para Emerg\u00eancias. \u201cOs nossos colegas da ADRA Nig\u00e9ria est\u00e3o a fazer um trabalho incr\u00edvel, levando alimentos que salvam vidas a fam\u00edlias que sofreram os abusos mais brutais do Boko Haram.\u201d<\/p>\n<p>A ADRA est\u00e1 a distribuir alimentos a cerca de 1.500 deslocados internos, a prestar apoio psicossocial a 100 crian\u00e7as deslocadas, a prestar assist\u00eancia para ajudar a mitigar a doen\u00e7a da diarreia em 200 crian\u00e7as com menos de cinco anos e a dar orienta\u00e7\u00e3o pr\u00e9-natal a 30 mulheres gr\u00e1vidas no campo de Kwana Waya.<\/p>\n<p>O Boko Haram destruiu completamente aldeias inteiras, fazendo com que milh\u00f5es de pessoas abandonassem as suas casas em busca de seguran\u00e7a. A Ag\u00eancia Nacional de Gest\u00e3o de Emerg\u00eancias informou em mar\u00e7o que existem 1,2 milh\u00f5es de pessoas deslocadas internamente na Nig\u00e9ria. Os ataques tamb\u00e9m levaram 203 000 nigerianos e migrantes retidos a fugir para pa\u00edses vizinhos. No Estado de Adamawa, na Nig\u00e9ria, onde a ADRA est\u00e1 a trabalhar, h\u00e1 cerca de 218.000 deslocados internos.<\/p>\n<p>O nosso trabalho atual no estado de Adamawa tem sido dif\u00edcil devido ao acesso limitado \u00e0s estradas. O pessoal da ADRA tem-se esfor\u00e7ado muito, transportando-se a si pr\u00f3prio e aos materiais por via a\u00e9rea e adquirindo ve\u00edculos localmente.<\/p>\n<p>\u201cA nossa equipa est\u00e1 a desenvolver esfor\u00e7os incr\u00edveis e a demonstrar um grande sentido de dedica\u00e7\u00e3o \u00e0 sua miss\u00e3o humanit\u00e1ria\u201d, afirmou Guth.<\/p>\n<p><strong>Sobre a ADRA<\/strong><br \/>\nA Ag\u00eancia Adventista de Desenvolvimento e Assist\u00eancia (ADRA) Internacional \u00e9 o bra\u00e7o humanit\u00e1rio da Igreja Adventista do S\u00e9timo Dia. O seu trabalho fortalece as comunidades e muda vidas em todo o mundo, proporcionando desenvolvimento comunit\u00e1rio sustent\u00e1vel e ajuda em caso de cat\u00e1strofe. Para mais informa\u00e7\u00f5es, visite ADRA.org.<\/p>","protected":false},"excerpt":{"rendered":"<p>H\u00e1 um ano, o rapto de mais de 200 raparigas pelo Boko Haram na Nig\u00e9ria captou a aten\u00e7\u00e3o do mundo e provocou a campanha viral #BringBackOurGirls.<\/p>","protected":false},"author":1,"featured_media":1752,"comment_status":"open","ping_status":"open","sticky":false,"template":"","format":"standard","meta":{"_acf_changed":false,"_eb_attr":"","footnotes":""},"categories":[785,957,11],"tags":[1079,6,668,1085,709],"class_list":["post-1742","post","type-post","status-publish","format-standard","has-post-thumbnail","hentry","category-africa","category-nigeria","category-press-release","tag-crisis","tag-disaster-relief","tag-human-trafficking","tag-internally-displaced-persons-idps","tag-mental-health-psychosocial-support-mhpss"],"acf":[],"_links":{"self":[{"href":"https:\/\/adra.org\/pt\/wp-json\/wp\/v2\/posts\/1742","targetHints":{"allow":["GET"]}}],"collection":[{"href":"https:\/\/adra.org\/pt\/wp-json\/wp\/v2\/posts"}],"about":[{"href":"https:\/\/adra.org\/pt\/wp-json\/wp\/v2\/types\/post"}],"author":[{"embeddable":true,"href":"https:\/\/adra.org\/pt\/wp-json\/wp\/v2\/users\/1"}],"replies":[{"embeddable":true,"href":"https:\/\/adra.org\/pt\/wp-json\/wp\/v2\/comments?post=1742"}],"version-history":[{"count":3,"href":"https:\/\/adra.org\/pt\/wp-json\/wp\/v2\/posts\/1742\/revisions"}],"predecessor-version":[{"id":47303,"href":"https:\/\/adra.org\/pt\/wp-json\/wp\/v2\/posts\/1742\/revisions\/47303"}],"wp:featuredmedia":[{"embeddable":true,"href":"https:\/\/adra.org\/pt\/wp-json\/wp\/v2\/media\/1752"}],"wp:attachment":[{"href":"https:\/\/adra.org\/pt\/wp-json\/wp\/v2\/media?parent=1742"}],"wp:term":[{"taxonomy":"category","embeddable":true,"href":"https:\/\/adra.org\/pt\/wp-json\/wp\/v2\/categories?post=1742"},{"taxonomy":"post_tag","embeddable":true,"href":"https:\/\/adra.org\/pt\/wp-json\/wp\/v2\/tags?post=1742"}],"curies":[{"name":"wp","href":"https:\/\/api.w.org\/{rel}","templated":true}]}}