{"id":1163,"date":"2012-04-25T18:46:33","date_gmt":"2012-04-25T18:46:33","guid":{"rendered":"http:\/\/sparkexperience.com\/projects\/adra\/?p=1163"},"modified":"2026-04-22T20:11:01","modified_gmt":"2026-04-22T20:11:01","slug":"world-malaria-day-april-25-2012","status":"publish","type":"post","link":"https:\/\/adra.org\/pt\/world-malaria-day-april-25-2012","title":{"rendered":"Dia Mundial da Mal\u00e1ria 25 de abril de 2012"},"content":{"rendered":"<h2>Dia Mundial da Mal\u00e1ria: A ADRA est\u00e1 a fazer a diferen\u00e7a<\/h2>\n<p>SILVER SPRING, Maryland - O dia 25 de abril marca o Dia Mundial da Mal\u00e1ria, um dia reservado para comemorar os esfor\u00e7os mundiais para controlar esta doen\u00e7a evit\u00e1vel mas mortal. A Ag\u00eancia Adventista de Desenvolvimento e Assist\u00eancia (ADRA) continua o seu trabalho para reduzir o n\u00famero de pessoas infectadas e mortas pela mal\u00e1ria todos os anos em todo o mundo.<\/p>\n<p>O tema deste ano do Dia Mundial da Mal\u00e1ria, \u201cManter os Ganhos, Salvar Vidas: Investir no paludismo\u201d, transmite a no\u00e7\u00e3o de que os investimentos nos esfor\u00e7os de controlo do paludismo continuam a ser vitais para que o paludismo seja erradicado com \u00eaxito.<\/p>\n<p>&#8220;Since 2004, Malaria deaths have declined by nearly a third,&#8221; said United Nations Secretary-General Ban Ki-moon. &#8220;Yet malaria remains a leading killer and continues to suck the lifeblood of economies around the world. At this critical juncture we must intensify our efforts to defeat this disease,&#8221; Ki-moon added.<\/p>\n<p>Nos esfor\u00e7os para eliminar as mortes relacionadas com a mal\u00e1ria, a ADRA desenvolve projectos com o objetivo de mobilizar comunidades inteiras. Estes projectos oferecem cursos de forma\u00e7\u00e3o aos l\u00edderes comunit\u00e1rios sobre m\u00e9todos e t\u00e9cnicas para conseguir um ambiente livre de mal\u00e1ria. Os l\u00edderes partilham depois as t\u00e9cnicas que salvam vidas com outras pessoas da sua comunidade, dotando-as de conhecimentos sobre como se protegerem a si pr\u00f3prias e aos seus filhos de contra\u00edrem a doen\u00e7a.<\/p>\n<p>&#8220;ADRA remains dedicated in our efforts towards reducing malaria-related deaths, and because of our commitment to this cause, we believe this goal can be achieved,&#8221; said Sonya Funna Evelyn, Senior Technical Advisor for Health at ADRA International. \u00a0&#8220;Through strategic partnerships, and a focus on providing capacity-building support, medication, and bed nets, ADRA is able to address the challenges of malaria, and ultimately work towards its eradication.&#8221;<\/p>\n<p>According to the World Health Organization (WHO), infected mosquitoes are known to predominantly bite between dusk and dawn.\u00a0 ADRA distributes mosquito nets that have proven to be a simple, yet highly effective preventable measure easily employed by beneficiaries. The nets act as an effective barrier between mosquitoes carrying the disease and the human host reducing the level of exposure to possible infection.<\/p>\n<p>De acordo com a OMS, as estat\u00edsticas indicam que, desde 2000, as taxas de mortalidade por mal\u00e1ria diminu\u00edram mais de 25% a n\u00edvel mundial e 33% em \u00c1frica. Embora se tenham registado progressos not\u00e1veis na elimina\u00e7\u00e3o da mal\u00e1ria, esta continua a ser uma doen\u00e7a perigosa, que tirou a vida a cerca de 650.000 pessoas em 2010. Al\u00e9m disso, a maioria das mortes ocorre entre as crian\u00e7as que vivem em \u00c1frica, onde a doen\u00e7a tira a vida a uma crian\u00e7a em cada 60 segundos.<\/p>\n<p>\u201cOs grandes avan\u00e7os dos \u00faltimos anos mostram que esta batalha pode ser ganha. \u00c9 altura de terminar o trabalho. O \u00eaxito est\u00e1 demasiado pr\u00f3ximo e o custo do fracasso \u00e9 demasiado elevado\u201d, afirmou Ki-moon.<\/p>\n<p>O dia 25 de abril foi originalmente declarado Dia Africano da Mal\u00e1ria em 2000, mas em 2008, o Dia Mundial da Mal\u00e1ria foi tamb\u00e9m lan\u00e7ado a 25 de abril para comemorar o trabalho realizado em todo o mundo para controlar a doen\u00e7a mortal.<\/p>\n<p>Para saber mais sobre o trabalho da ADRA que muda vidas, contacte a ADRA atrav\u00e9s do n\u00famero 1.800.424.ADRA (2372) ou fa\u00e7a uma doa\u00e7\u00e3o online em <a href=\"http:\/\/www.arda.org\">www.adra.org<\/a><\/p>\n<p>Seguir a ADRA em <a href=\"https:\/\/twitter.com\/ADRAIntl\">Twitter<\/a> e <a href=\"http:\/\/www.facebook.com\/joinadra\">Facebook<\/a> para obter as informa\u00e7\u00f5es mais recentes \u00e0 medida que estas v\u00e3o surgindo.<\/p>\n<p>A ADRA \u00e9 uma organiza\u00e7\u00e3o n\u00e3o governamental global que proporciona desenvolvimento comunit\u00e1rio sustent\u00e1vel e ajuda em caso de cat\u00e1strofe, independentemente de associa\u00e7\u00e3o pol\u00edtica ou religiosa, idade, sexo, ra\u00e7a ou etnia.<\/p>\n<p>Para mais informa\u00e7\u00f5es sobre a ADRA, visite <a href=\"http:\/\/www.arda.org\">www.adra.org<\/a><\/p>","protected":false},"excerpt":{"rendered":"<p>April 25 marks World Malaria Day, a day set aside to commemorate worldwide efforts to control this preventable yet deadly disease.<\/p>","protected":false},"author":1,"featured_media":21998,"comment_status":"open","ping_status":"open","sticky":false,"template":"","format":"standard","meta":{"_acf_changed":false,"_eb_attr":"","footnotes":""},"categories":[786,284,11],"tags":[1023,1138,690,550],"class_list":["post-1163","post","type-post","status-publish","format-standard","has-post-thumbnail","hentry","category-global","category-health","category-press-release","tag-non-food-items-nfis","tag-partner","tag-protection","tag-world-health-organisation-who"],"acf":[],"_links":{"self":[{"href":"https:\/\/adra.org\/pt\/wp-json\/wp\/v2\/posts\/1163","targetHints":{"allow":["GET"]}}],"collection":[{"href":"https:\/\/adra.org\/pt\/wp-json\/wp\/v2\/posts"}],"about":[{"href":"https:\/\/adra.org\/pt\/wp-json\/wp\/v2\/types\/post"}],"author":[{"embeddable":true,"href":"https:\/\/adra.org\/pt\/wp-json\/wp\/v2\/users\/1"}],"replies":[{"embeddable":true,"href":"https:\/\/adra.org\/pt\/wp-json\/wp\/v2\/comments?post=1163"}],"version-history":[{"count":4,"href":"https:\/\/adra.org\/pt\/wp-json\/wp\/v2\/posts\/1163\/revisions"}],"predecessor-version":[{"id":48750,"href":"https:\/\/adra.org\/pt\/wp-json\/wp\/v2\/posts\/1163\/revisions\/48750"}],"wp:featuredmedia":[{"embeddable":true,"href":"https:\/\/adra.org\/pt\/wp-json\/wp\/v2\/media\/21998"}],"wp:attachment":[{"href":"https:\/\/adra.org\/pt\/wp-json\/wp\/v2\/media?parent=1163"}],"wp:term":[{"taxonomy":"category","embeddable":true,"href":"https:\/\/adra.org\/pt\/wp-json\/wp\/v2\/categories?post=1163"},{"taxonomy":"post_tag","embeddable":true,"href":"https:\/\/adra.org\/pt\/wp-json\/wp\/v2\/tags?post=1163"}],"curies":[{"name":"wp","href":"https:\/\/api.w.org\/{rel}","templated":true}]}}