{"id":1155,"date":"2011-04-22T18:36:12","date_gmt":"2011-04-22T18:36:12","guid":{"rendered":"http:\/\/sparkexperience.com\/projects\/adra\/?p=1155"},"modified":"2026-04-16T08:21:38","modified_gmt":"2026-04-16T08:21:38","slug":"earth-day-april-22-2011","status":"publish","type":"post","link":"https:\/\/adra.org\/pt\/earth-day-april-22-2011","title":{"rendered":"Dia da Terra 22 de abril de 2011"},"content":{"rendered":"<h2>Dia da Terra:  A ADRA promove a agricultura verde<\/h2>\n<p>SILVER SPRING, Maryland - No dia 22 de abril, a Ag\u00eancia Adventista de Desenvolvimento e Recursos Assistenciais (ADRA) ir\u00e1 comemorar o movimento ambientalista mundial, o Dia da Terra.  Este ano, espera-se que mais de mil milh\u00f5es de participantes participem no 41\u00ba anivers\u00e1rio da campanha em mais de 192 pa\u00edses. O tema deste ano do Dia da Terra \u00e9 \u201cUm Bilh\u00e3o de Atos Verdes\u201d, incentivando os participantes a gerar um bilh\u00e3o de atos de servi\u00e7o e defesa do meio ambiente.<\/p>\n<p>A ADRA \u00e9 uma ag\u00eancia que compreende a import\u00e2ncia de garantir um futuro saud\u00e1vel para a gera\u00e7\u00e3o atual e para as gera\u00e7\u00f5es vindouras.  Este princ\u00edpio \u00e9 demonstrado atrav\u00e9s de uma s\u00e9rie de projectos amigos do ambiente que a ADRA implementa em todo o mundo.  Atrav\u00e9s da cria\u00e7\u00e3o de escolas de campo para agricultores (FFS), a ADRA oferece forma\u00e7\u00e3o aos agricultores numa vasta gama de pr\u00e1ticas agr\u00edcolas, familiarizando-os com as mais recentes tecnologias.<\/p>\n<p>Na regi\u00e3o rural nicaraguense de Nueva Segovia, a ADRA tem estado a promover iniciativas agr\u00edcolas \u201cverdes\u201d para agricultores locais em 150 comunidades.  Estas aulas concebidas pela ADRA ensinam as melhores pr\u00e1ticas em agricultura e nutri\u00e7\u00e3o, promovendo t\u00e9cnicas que reduzir\u00e3o drasticamente a utiliza\u00e7\u00e3o de irriga\u00e7\u00e3o por gotejamento e optimizar\u00e3o a utiliza\u00e7\u00e3o de menos \u00e1gua.<\/p>\n<p>\u201cEsta forma de agricultura \u00e9 mais compat\u00edvel e est\u00e1 em harmonia com o ambiente\u201d, explicou um agricultor de produ\u00e7\u00e3o. Atrav\u00e9s destes cursos, os conhecimentos agr\u00edcolas da ADRA n\u00e3o s\u00f3 melhoraram o n\u00edvel de vida da comunidade, como tamb\u00e9m promoveram a prosperidade e criaram empregos para as fam\u00edlias.<\/p>\n<p>H\u00e1 anos que a ADRA realiza ac\u00e7\u00f5es de forma\u00e7\u00e3o em gest\u00e3o do solo, com o objetivo de conservar as suas carater\u00edsticas f\u00edsicas, qu\u00edmicas e microbiol\u00f3gicas.  Atrav\u00e9s desta forma\u00e7\u00e3o, os agricultores adquirem conhecimentos sobre a forma de manter a produtividade \u00f3ptima do solo, aumentando assim de forma constante as suas colheitas.<\/p>\n<p>Para al\u00e9m da forma\u00e7\u00e3o em gest\u00e3o de solos da ADRA, existe a iniciativa de refloresta\u00e7\u00e3o.  Este programa visa \u00e1reas negativamente afectadas pela eros\u00e3o e desertifica\u00e7\u00e3o do solo e trabalha no sentido de promover a reabilita\u00e7\u00e3o natural dos solos danificados. Como parte desta iniciativa, a ADRA estabeleceu com sucesso viveiros de \u00e1rvores que utilizam tabuleiros para a produ\u00e7\u00e3o de mudas.  Este m\u00e9todo tem tido grande sucesso na produ\u00e7\u00e3o de mudas de melhor qualidade, crescimento de mudas, sobreviv\u00eancia de plantas e um aumento geral de \u00e1rvores plantadas.<\/p>\n<p>Atrav\u00e9s de programas de forma\u00e7\u00e3o e implementa\u00e7\u00e3o, a ADRA continua empenhada em defender a import\u00e2ncia de um mundo saud\u00e1vel.<\/p>","protected":false},"excerpt":{"rendered":"<p>On April 22, ADRA will be commemorating the worldwide environmental movement, Earth Day.<\/p>","protected":false},"author":1,"featured_media":27874,"comment_status":"open","ping_status":"open","sticky":false,"template":"","format":"standard","meta":{"_acf_changed":false,"_eb_attr":"","footnotes":""},"categories":[42,1052,589,614,955,11],"tags":[677,679,1134,1147],"class_list":["post-1155","post","type-post","status-publish","format-standard","has-post-thumbnail","hentry","category-agriculture","category-inter-america","category-livelihoods","category-news","category-nicaragua","category-press-release","tag-earth-day","tag-environment","tag-farmer-field-schools-ffs","tag-farming"],"acf":[],"_links":{"self":[{"href":"https:\/\/adra.org\/pt\/wp-json\/wp\/v2\/posts\/1155","targetHints":{"allow":["GET"]}}],"collection":[{"href":"https:\/\/adra.org\/pt\/wp-json\/wp\/v2\/posts"}],"about":[{"href":"https:\/\/adra.org\/pt\/wp-json\/wp\/v2\/types\/post"}],"author":[{"embeddable":true,"href":"https:\/\/adra.org\/pt\/wp-json\/wp\/v2\/users\/1"}],"replies":[{"embeddable":true,"href":"https:\/\/adra.org\/pt\/wp-json\/wp\/v2\/comments?post=1155"}],"version-history":[{"count":5,"href":"https:\/\/adra.org\/pt\/wp-json\/wp\/v2\/posts\/1155\/revisions"}],"predecessor-version":[{"id":48559,"href":"https:\/\/adra.org\/pt\/wp-json\/wp\/v2\/posts\/1155\/revisions\/48559"}],"wp:featuredmedia":[{"embeddable":true,"href":"https:\/\/adra.org\/pt\/wp-json\/wp\/v2\/media\/27874"}],"wp:attachment":[{"href":"https:\/\/adra.org\/pt\/wp-json\/wp\/v2\/media?parent=1155"}],"wp:term":[{"taxonomy":"category","embeddable":true,"href":"https:\/\/adra.org\/pt\/wp-json\/wp\/v2\/categories?post=1155"},{"taxonomy":"post_tag","embeddable":true,"href":"https:\/\/adra.org\/pt\/wp-json\/wp\/v2\/tags?post=1155"}],"curies":[{"name":"wp","href":"https:\/\/api.w.org\/{rel}","templated":true}]}}