{"id":1137,"date":"2011-04-06T18:07:58","date_gmt":"2011-04-06T18:07:58","guid":{"rendered":"http:\/\/sparkexperience.com\/projects\/adra\/?p=1137"},"modified":"2026-04-16T07:52:13","modified_gmt":"2026-04-16T07:52:13","slug":"recent-changes-at-adra-international","status":"publish","type":"post","link":"https:\/\/adra.org\/pt\/recent-changes-at-adra-international","title":{"rendered":"Mudan\u00e7as recentes na ADRA Internacional"},"content":{"rendered":"<h2>A Dire\u00e7\u00e3o da ADRA Internacional rev\u00ea as mudan\u00e7as recentes<\/h2>\n<p>SILVER SPRING, Maryland - Na reuni\u00e3o de primavera regularmente agendada, o Conselho de Administra\u00e7\u00e3o Internacional da Ag\u00eancia Adventista de Desenvolvimento e Assist\u00eancia (ADRA) analisou, a 6 de abril, a recente redu\u00e7\u00e3o de funcion\u00e1rios (Reduction in Force) e o realinhamento de posi\u00e7\u00f5es que teve lugar a 22 de fevereiro no escrit\u00f3rio internacional da ag\u00eancia.<\/p>\n<p>Depois de muita ora\u00e7\u00e3o e delibera\u00e7\u00e3o sobre o futuro da ADRA e do seu minist\u00e9rio, o conselho de administra\u00e7\u00e3o votou a favor do relat\u00f3rio do Presidente da ADRA, Rudi Maier, sobre as recentes mudan\u00e7as e continuar\u00e1 a avan\u00e7ar e a trabalhar com a dire\u00e7\u00e3o no desenvolvimento da miss\u00e3o estrat\u00e9gica da ADRA.<\/p>\n<p>Num esfor\u00e7o para responder \u00e0s quest\u00f5es levantadas por muitos dos constituintes da ADRA, o conselho de administra\u00e7\u00e3o discutiu os recentes despedimentos e realinhamento do pessoal.<\/p>\n<p>\u201cO Conselho de Administra\u00e7\u00e3o valoriza os funcion\u00e1rios dedicados que trabalham para fazer avan\u00e7ar a miss\u00e3o da ADRA\u201d, disse o Presidente do Conselho de Administra\u00e7\u00e3o, Geoffrey Mbwana.<\/p>\n<p>O presidente do Conselho de Administra\u00e7\u00e3o acrescentou que a administra\u00e7\u00e3o e o Conselho de Administra\u00e7\u00e3o n\u00e3o prev\u00eaem quaisquer outras redu\u00e7\u00f5es de pessoal num futuro pr\u00f3ximo.<\/p>\n<p>\u201cO conselho de administra\u00e7\u00e3o leva a s\u00e9rio a sua responsabilidade de garantir que a Ag\u00eancia funciona com a m\u00e1xima transpar\u00eancia e integridade em todos os assuntos\u201d, disse Mbwana, \u201c\u00c0 medida que a ADRA avan\u00e7a, queremos fornecer ao pessoal todos os recursos necess\u00e1rios para ajudar a satisfazer as necessidades dos milh\u00f5es de mulheres, crian\u00e7as e homens vulner\u00e1veis em todo o mundo que servimos\u201d.\u201d<\/p>\n<p>Apesar das recentes mudan\u00e7as na lideran\u00e7a, os muitos programas de desenvolvimento e ajuda humanit\u00e1ria da ADRA n\u00e3o ser\u00e3o afectados, acrescentou Mbwana.<\/p>","protected":false},"excerpt":{"rendered":"<p>ADRA&#8217;s Board of Directors reviewed the recent reduction in employees (Reduction in Force) and positional realignment.<\/p>","protected":false},"author":1,"featured_media":27874,"comment_status":"open","ping_status":"open","sticky":false,"template":"","format":"standard","meta":{"_acf_changed":false,"_eb_attr":"","footnotes":""},"categories":[614,783,11,792],"tags":[1132,837,1201],"class_list":["post-1137","post","type-post","status-publish","format-standard","has-post-thumbnail","hentry","category-news","category-north-america","category-press-release","category-united-states","tag-adra-board","tag-adra-president","tag-rudi-maier"],"acf":[],"_links":{"self":[{"href":"https:\/\/adra.org\/pt\/wp-json\/wp\/v2\/posts\/1137","targetHints":{"allow":["GET"]}}],"collection":[{"href":"https:\/\/adra.org\/pt\/wp-json\/wp\/v2\/posts"}],"about":[{"href":"https:\/\/adra.org\/pt\/wp-json\/wp\/v2\/types\/post"}],"author":[{"embeddable":true,"href":"https:\/\/adra.org\/pt\/wp-json\/wp\/v2\/users\/1"}],"replies":[{"embeddable":true,"href":"https:\/\/adra.org\/pt\/wp-json\/wp\/v2\/comments?post=1137"}],"version-history":[{"count":4,"href":"https:\/\/adra.org\/pt\/wp-json\/wp\/v2\/posts\/1137\/revisions"}],"predecessor-version":[{"id":48545,"href":"https:\/\/adra.org\/pt\/wp-json\/wp\/v2\/posts\/1137\/revisions\/48545"}],"wp:featuredmedia":[{"embeddable":true,"href":"https:\/\/adra.org\/pt\/wp-json\/wp\/v2\/media\/27874"}],"wp:attachment":[{"href":"https:\/\/adra.org\/pt\/wp-json\/wp\/v2\/media?parent=1137"}],"wp:term":[{"taxonomy":"category","embeddable":true,"href":"https:\/\/adra.org\/pt\/wp-json\/wp\/v2\/categories?post=1137"},{"taxonomy":"post_tag","embeddable":true,"href":"https:\/\/adra.org\/pt\/wp-json\/wp\/v2\/tags?post=1137"}],"curies":[{"name":"wp","href":"https:\/\/api.w.org\/{rel}","templated":true}]}}