{"id":1122,"date":"2012-03-20T17:49:10","date_gmt":"2012-03-20T17:49:10","guid":{"rendered":"http:\/\/sparkexperience.com\/projects\/adra\/?p=1122"},"modified":"2026-04-15T21:02:00","modified_gmt":"2026-04-15T21:02:00","slug":"world-water-day-march-22-2013","status":"publish","type":"post","link":"https:\/\/adra.org\/pt\/world-water-day-march-22-2013","title":{"rendered":"Dia Mundial da \u00c1gua, 22 de mar\u00e7o de 2013"},"content":{"rendered":"<h2>Dia Mundial da \u00c1gua: A ADRA transforma as comunidades com o poder da \u00e1gua<\/h2>\n<p>SILVER SPRING, Maryland - No dia 22 de mar\u00e7o, a Ag\u00eancia Adventista de Desenvolvimento e Assist\u00eancia (ADRA) junta-se ao mundo na comemora\u00e7\u00e3o do Dia Mundial da \u00c1gua e continua a implementar projectos que disponibilizam \u00e1gua pot\u00e1vel em comunidades desfavorecidas de todo o mundo. A ADRA reconhece o papel salvador da \u00e1gua pot\u00e1vel e a sua necessidade para manter e restaurar comunidades saud\u00e1veis.<\/p>\n<p>Os projectos de \u00e1gua e saneamento da ADRA s\u00e3o concebidos para proporcionar \u00e0s fam\u00edlias um melhor acesso a \u00e1gua limpa e pot\u00e1vel. Ao instalar e reabilitar fontes de \u00e1gua novas e existentes, a ADRA trabalha para aumentar a consciencializa\u00e7\u00e3o e melhorar os sistemas de saneamento e irriga\u00e7\u00e3o, ensinando os benefici\u00e1rios a proteger as suas fontes de \u00e1gua da contamina\u00e7\u00e3o. Al\u00e9m disso, a ADRA trabalha para tornar a \u00e1gua prontamente dispon\u00edvel em situa\u00e7\u00f5es de emerg\u00eancia, quando a \u00e1gua pot\u00e1vel \u00e9 escassa.<\/p>\n<p>No Camboja, depois de terem eclodido combates mortais por causa de um templo disputado na prov\u00edncia de Preah Vihear, no norte do pa\u00eds, as fam\u00edlias, temendo pelas suas vidas, come\u00e7aram a fugir das suas casas para campos de pessoas deslocadas internamente. As avalia\u00e7\u00f5es das necessidades indicaram uma elevada procura de fontes de \u00e1gua nos campos. A ADRA respondeu \u00e0 necessidade urgente de \u00e1gua perfurando po\u00e7os para dar acesso \u00e0 \u00e1gua a cerca de 2.500 fam\u00edlias. O primeiro po\u00e7o completo perfurado pela ADRA forneceu at\u00e9 2.110 gal\u00f5es (aproximadamente 8.000 litros) de \u00e1gua por hora.<\/p>\n<p>No Zimbabu\u00e9, a ADRA tem vindo a abrir furos de \u00e1gua em escolas e comunidades, levando \u00e1gua a milhares de pessoas, o que mudou as suas vidas.<\/p>\n<p>\u201cA perfura\u00e7\u00e3o \u00e9 muito relevante porque significa que as pessoas n\u00e3o t\u00eam de percorrer longas dist\u00e2ncias para aceder a \u00e1gua pot\u00e1vel. Antes, enquanto estavam na escola, as crian\u00e7as preocupavam-se em ir buscar \u00e1gua para as suas fam\u00edlias. Agora que a \u00e1gua est\u00e1 dispon\u00edvel na escola, j\u00e1 n\u00e3o abandonam as aulas\u201d, partilhou o Diretor Nacional da ADRA Zimbabu\u00e9, Zivai Nengomasha.<\/p>\n<p>A ADRA constatou que a abertura de furos impulsionou iniciativas adicionais por parte dos membros da comunidade e das escolas nas \u00e1reas beneficiadas. Algumas escolas come\u00e7aram a oferecer novas aulas, como a de agricultura, devido ao novo abastecimento de \u00e1gua. Est\u00e3o a ser cultivadas hortas em pequena escala, que s\u00e3o sustentadas com sucesso, um exemplo de uma das vantagens adicionais que a \u00e1gua traz.<\/p>\n<p>Em Waterfalls, um sub\u00farbio a sul da capital do Zimbabu\u00e9, Harare, o lar de crian\u00e7as Newstart n\u00e3o tinha uma fonte de \u00e1gua fi\u00e1vel e dependia quase inteiramente da \u00e1gua de furos pouco fi\u00e1veis. Este orfanato alberga cerca de 70 crian\u00e7as, algumas das quais s\u00e3o seropositivas. Antes da chegada da ADRA ao seu bairro, o orfanato ia buscar \u00e1gua a um furo de fraca produ\u00e7\u00e3o. Ap\u00f3s a conclus\u00e3o da perfura\u00e7\u00e3o, a ADRA conseguiu fornecer ao lar de crian\u00e7as Newstart um furo de alto rendimento constante, fornecendo 20 litros de \u00e1gua a cada dois minutos.<\/p>\n<p>\u201cQuando se fazem furos de \u00e1gua, s\u00f3 se tem de rezar e esperar que se consiga \u00e1gua\u201d, explicou Nengomasha. \u201cAgora t\u00eam \u00e1gua suficiente para se lavarem e cozinharem, e podem finalmente usar a sua terra para cultivar legumes para comer. \u00c9 um milagre para aquele orfanato\u201d.\u201d<\/p>\n<p>A Assembleia Geral das Na\u00e7\u00f5es Unidas designou o dia 22 de mar\u00e7o como o Dia Mundial da \u00c1gua, que teve in\u00edcio em 22 de mar\u00e7o de 1993. Todos os anos, o Dia Mundial da \u00c1gua destaca um aspeto particular da \u00e1gua doce, <strong>e defende a gest\u00e3o sustent\u00e1vel dos recursos de \u00e1gua doce<\/strong>. O tema do Dia Mundial da \u00c1gua deste ano \u00e9 \u201c\u00c1gua e Seguran\u00e7a Alimentar\u201d.\u201d<\/p>","protected":false},"excerpt":{"rendered":"<p>On the 22nd of March, the Adventist Development and Relief Agency (ADRA) joins the world in commemorating World Water Day, and continues to implement projects that make clean water available throughout disadvantaged communities around the world<\/p>","protected":false},"author":1,"featured_media":39433,"comment_status":"open","ping_status":"open","sticky":false,"template":"","format":"standard","meta":{"_acf_changed":false,"_eb_attr":"","footnotes":""},"categories":[785,42,803,11],"tags":[1175,673],"class_list":["post-1122","post","type-post","status-publish","format-standard","has-post-thumbnail","hentry","category-africa","category-agriculture","category-cambodia","category-press-release","tag-clean-water","tag-world-water-day"],"acf":[],"_links":{"self":[{"href":"https:\/\/adra.org\/pt\/wp-json\/wp\/v2\/posts\/1122","targetHints":{"allow":["GET"]}}],"collection":[{"href":"https:\/\/adra.org\/pt\/wp-json\/wp\/v2\/posts"}],"about":[{"href":"https:\/\/adra.org\/pt\/wp-json\/wp\/v2\/types\/post"}],"author":[{"embeddable":true,"href":"https:\/\/adra.org\/pt\/wp-json\/wp\/v2\/users\/1"}],"replies":[{"embeddable":true,"href":"https:\/\/adra.org\/pt\/wp-json\/wp\/v2\/comments?post=1122"}],"version-history":[{"count":4,"href":"https:\/\/adra.org\/pt\/wp-json\/wp\/v2\/posts\/1122\/revisions"}],"predecessor-version":[{"id":48432,"href":"https:\/\/adra.org\/pt\/wp-json\/wp\/v2\/posts\/1122\/revisions\/48432"}],"wp:featuredmedia":[{"embeddable":true,"href":"https:\/\/adra.org\/pt\/wp-json\/wp\/v2\/media\/39433"}],"wp:attachment":[{"href":"https:\/\/adra.org\/pt\/wp-json\/wp\/v2\/media?parent=1122"}],"wp:term":[{"taxonomy":"category","embeddable":true,"href":"https:\/\/adra.org\/pt\/wp-json\/wp\/v2\/categories?post=1122"},{"taxonomy":"post_tag","embeddable":true,"href":"https:\/\/adra.org\/pt\/wp-json\/wp\/v2\/tags?post=1122"}],"curies":[{"name":"wp","href":"https:\/\/api.w.org\/{rel}","templated":true}]}}