{"id":9499,"date":"2019-06-17T12:23:24","date_gmt":"2019-06-17T12:23:24","guid":{"rendered":"https:\/\/adra.org\/?p=9499"},"modified":"2026-04-22T14:33:46","modified_gmt":"2026-04-22T14:33:46","slug":"adras-statement-for-world-refugee-day","status":"publish","type":"post","link":"https:\/\/adra.org\/fr\/adras-statement-for-world-refugee-day","title":{"rendered":"D\u00e9claration d'ADRA \u00e0 l'occasion de la Journ\u00e9e mondiale des r\u00e9fugi\u00e9s"},"content":{"rendered":"<p><em><strong>En l'honneur de la Journ\u00e9e mondiale des r\u00e9fugi\u00e9s, ADRA s'unit \u00e0 d'autres grandes agences humanitaires confessionnelles et au HCR pour honorer le Pacte mondial sur les r\u00e9fugi\u00e9s, r\u00e9affirmant ainsi notre engagement et notre soutien en faveur des r\u00e9fugi\u00e9s et des personnes d\u00e9plac\u00e9es. Voir la d\u00e9claration compl\u00e8te du HCR <\/strong><a href=\"https:\/\/www.unhcr.org\/5d0a2c444\"><strong>ici<\/strong><\/a><strong>. Pour la d\u00e9claration compl\u00e8te d'ADRA concernant la Journ\u00e9e mondiale du r\u00e9fugi\u00e9, voir ci-dessous.<\/strong><\/em><\/p>\n\n\n\n<p>SILVER SPRING, MD (17 juin 2019) - Le 20 juin est la Journ\u00e9e mondiale des r\u00e9fugi\u00e9s, lorsque l'Agence adventiste de d\u00e9veloppement et de secours (ADRA) se joint aux Nations unies et au monde entier pour comm\u00e9morer la force, le courage et la pers\u00e9v\u00e9rance de millions de r\u00e9fugi\u00e9s, et montrer son soutien aux familles forc\u00e9es de quitter leur foyer en raison de la pers\u00e9cution ou d'un conflit.&nbsp;<\/p>\n\n\n\n<p>ADRA reste engag\u00e9e dans le soutien et la protection des r\u00e9fugi\u00e9s et autres enfants, femmes et hommes d\u00e9plac\u00e9s, en fournissant de la nourriture, des abris, de l'eau potable, des produits d'hygi\u00e8ne, un soutien psychosocial et d'autres services \u00e0 des milliers de r\u00e9fugi\u00e9s, de personnes d\u00e9plac\u00e9es et d'apatrides dans une quarantaine de pays.&nbsp;<\/p>\n\n\n\n<p>ADRA estime que les r\u00e9fugi\u00e9s ont le droit de vivre leur vie sans avoir \u00e0 subir la honte de l'ostracisme ou \u00e0 vivre sous le joug de la pers\u00e9cution et de la guerre. C'est pourquoi ADRA continue \u00e0 faire ce qu'elle fait le mieux : servir tous ceux qui sont dans le besoin.&nbsp;<\/p>\n\n\n\n<p>Afin d'avoir un impact plus important, ADRA ne se contente pas d'\u00eatre les mains et les pieds de J\u00e9sus, mais cherche \u00e0 \u00eatre la voix de ceux qui ont \u00e9t\u00e9 d\u00e9plac\u00e9s de leurs maisons, n\u00e9glig\u00e9s, rejet\u00e9s et m\u00eame mis \u00e0 l'\u00e9cart.&nbsp;<\/p>\n\n\n\n<p>En collaboration avec les 131 bureaux de son r\u00e9seau et l'\u00c9glise adventiste, ADRA concentre ses efforts sur l'importance de l'\u00e9ducation des jeunes, en particulier des enfants et des jeunes r\u00e9fugi\u00e9s.&nbsp;<\/p>\n\n\n\n<p><strong>QUATRE MILLIONS<\/strong>. C'est le nombre d'enfants et de jeunes r\u00e9fugi\u00e9s qui ne sont pas scolaris\u00e9s, selon l'Institut de statistique de l'UNESCO. De plus, les enfants r\u00e9fugi\u00e9s sont CINQ FOIS plus susceptibles de ne pas \u00eatre scolaris\u00e9s que les enfants non-r\u00e9fugi\u00e9s.&nbsp;<\/p>\n\n\n\n<p>Ces chiffres stup\u00e9fiants sont autant de raisons pour lesquelles l'\u00e9ducation des enfants r\u00e9fugi\u00e9s et d\u00e9plac\u00e9s est de la plus haute importance et requiert toute notre attention.&nbsp;<\/p>\n\n\n\n<p>Le rapport indique en outre que si les conflits, les d\u00e9placements et l'effondrement \u00e9conomique se poursuivent, ces enfants et ces jeunes seront priv\u00e9s d'\u00e9ducation, ce qui compromettra leurs chances de r\u00e9ussite dans l'avenir. Imaginez que cet enfant ou ce jeune ait la possibilit\u00e9 de lire, de raisonner, de r\u00e9fl\u00e9chir et de r\u00e9aliser son plein potentiel ; combien de communaut\u00e9s seraient positivement affect\u00e9es par leur service parce qu'ils sont all\u00e9s \u00e0 l'\u00e9cole ?<\/p>\n\n\n\n<p>La scolarisation aide \u00e9galement les enfants r\u00e9fugi\u00e9s \u00e0 s'int\u00e9grer dans leur communaut\u00e9 d'accueil, ce qui leur permet d'apprendre la langue, de se faire de nouveaux amis et, \u00e0 l'avenir, d'acqu\u00e9rir les qualifications et les comp\u00e9tences n\u00e9cessaires pour \u00eatre autonomes, gagner en confiance, en estime de soi et en dignit\u00e9, et contribuer \u00e0 leur communaut\u00e9 locale et \u00e0 leur pays d'accueil.&nbsp;<\/p>\n\n\n\n<p>C'est pourquoi il est plus important que jamais que nous donnions l'exemple fond\u00e9 sur Matthieu 25 pour servir les autres, qu'ils soient r\u00e9fugi\u00e9s ou qu'ils aient des diff\u00e9rences de classe, de sexe, d'ethnicit\u00e9 ou de handicap. ADRA prend position pour \u00eatre la voix de J\u00e9sus pour le changement afin que tous puissent vivre comme Dieu l'a voulu.&nbsp;<\/p>\n\n\n\n<p>ADRA promet de s'exprimer au nom des enfants qui n'ont pas acc\u00e8s \u00e0 l'\u00e9ducation et de rallier le soutien des enfants d\u00e9plac\u00e9s et de tous les enfants du monde pour qu'ils aient acc\u00e8s \u00e0 l'\u00e9ducation et qu'on leur donne les moyens d'aller \u00e0 l'\u00e9cole. Les g\u00e9n\u00e9rations futures de notre monde ne devraient jamais se voir refuser la possibilit\u00e9 de r\u00e9aliser leur potentiel et de viser l'excellence en mati\u00e8re d'\u00e9ducation. P\u00e9riode d'essai.&nbsp;<\/p>\n\n\n\n<p>Gr\u00e2ce \u00e0 l'\u00e9ducation, les enfants et les jeunes r\u00e9fugi\u00e9s peuvent sortir du cycle de la pauvret\u00e9, vivre dans un monde o\u00f9 les taux de mortalit\u00e9 infantile et de malnutrition seraient consid\u00e9rablement r\u00e9duits, et les pays sans conflit disposeraient d'\u00e9coles dot\u00e9es d'enseignants form\u00e9s dans un environnement d'apprentissage s\u00fbr. En fait, une population \u00e9duqu\u00e9e peut avoir un impact significatif sur la r\u00e9duction du risque de conflit et contribue positivement \u00e0 une soci\u00e9t\u00e9 prosp\u00e8re.&nbsp;<\/p>\n\n\n\n<p>Nous souhaitons \u00eatre le changement dont le monde a besoin, mais pour atteindre l'objectif final, il faudra plus que nous.&nbsp;<\/p>\n\n\n\n<p><strong>UN MILLION<\/strong>. C'est le nombre de signatures dont ADRA a besoin de toute urgence pour faire comprendre aux dirigeants mondiaux que l'\u00e9ducation pour tous - sans exception - est importante et qu'il faut agir pour que CHAQUE ENFANT, PARTOUT, SOIT \u00c0 L'\u00c9COLE. Signez la p\u00e9tition \u00e0 l'adresse suivante&nbsp;<a href=\"https:\/\/adra.org\/fr\/InSchool\/\">ADRA.org\/InSchool<\/a>.&nbsp;<\/p>\n\n\n\n<p>En signant la p\u00e9tition, vous envoyez un message sans \u00e9quivoque : les enfants r\u00e9fugi\u00e9s et tous les enfants sont importants, et ils m\u00e9ritent un avenir radieux qui n'est accessible que gr\u00e2ce au pouvoir de l'\u00e9ducation, qui change la vie. &nbsp;<\/p>\n\n\n\n<p>ADRA cherche \u00e0 obtenir un million de signatures d'ici juin 2020. La p\u00e9tition sera ensuite pr\u00e9sent\u00e9e \u00e0 l'UNICEF et \u00e0 d'autres dirigeants mondiaux dans le cadre d'un appel \u00e0 l'action visant \u00e0 garantir que CHAQUE ENFANT, PARTOUT, SOIT \u00c0 L'\u00c9COLE.&nbsp;<\/p>\n\n\n\n<p><strong><em>Merci d'\u00eatre la voix de nos enfants et de nos jeunes, et d'avoir un impact durable sur les g\u00e9n\u00e9rations futures.<\/em><\/strong><\/p>\n\n\n\n<p><strong>A PROPOS DE L'ADRA<\/strong><\/p>\n\n\n\n<p><em>L'Agence adventiste de d\u00e9veloppement et de secours est le bras humanitaire de l'\u00c9glise adventiste du septi\u00e8me jour. Son travail permet de renforcer les communaut\u00e9s et de changer des vies dans le monde entier en fournissant un d\u00e9veloppement communautaire durable et des secours en cas de catastrophe. Pour plus d'informations, visitez le site<\/em>&nbsp;<a href=\"https:\/\/www.ADRA.org\">ADRA.org<\/a>.<\/p>","protected":false},"excerpt":{"rendered":"<p> Le 20 juin est la Journ\u00e9e mondiale des r\u00e9fugi\u00e9s. L'Agence adventiste de d\u00e9veloppement et de secours (ADRA) se joint aux Nations unies et au monde entier pour comm\u00e9morer la force, le courage et la pers\u00e9v\u00e9rance de millions de r\u00e9fugi\u00e9s et apporter son soutien aux familles contraintes de quitter leur foyer en raison de la pers\u00e9cution ou d'un conflit.<\/p>","protected":false},"author":1,"featured_media":9402,"comment_status":"open","ping_status":"open","sticky":false,"template":"","format":"standard","meta":{"_acf_changed":false,"_eb_attr":"","footnotes":""},"categories":[11,617],"tags":[741,1136,355,74,419],"class_list":["post-9499","post","type-post","status-publish","format-standard","has-post-thumbnail","hentry","category-press-release","category-statement","tag-adventist-church","tag-every-child-everywhere-in-school","tag-refugees","tag-unesco","tag-world-refugee-day"],"acf":[],"_links":{"self":[{"href":"https:\/\/adra.org\/fr\/wp-json\/wp\/v2\/posts\/9499","targetHints":{"allow":["GET"]}}],"collection":[{"href":"https:\/\/adra.org\/fr\/wp-json\/wp\/v2\/posts"}],"about":[{"href":"https:\/\/adra.org\/fr\/wp-json\/wp\/v2\/types\/post"}],"author":[{"embeddable":true,"href":"https:\/\/adra.org\/fr\/wp-json\/wp\/v2\/users\/1"}],"replies":[{"embeddable":true,"href":"https:\/\/adra.org\/fr\/wp-json\/wp\/v2\/comments?post=9499"}],"version-history":[{"count":4,"href":"https:\/\/adra.org\/fr\/wp-json\/wp\/v2\/posts\/9499\/revisions"}],"predecessor-version":[{"id":48722,"href":"https:\/\/adra.org\/fr\/wp-json\/wp\/v2\/posts\/9499\/revisions\/48722"}],"wp:featuredmedia":[{"embeddable":true,"href":"https:\/\/adra.org\/fr\/wp-json\/wp\/v2\/media\/9402"}],"wp:attachment":[{"href":"https:\/\/adra.org\/fr\/wp-json\/wp\/v2\/media?parent=9499"}],"wp:term":[{"taxonomy":"category","embeddable":true,"href":"https:\/\/adra.org\/fr\/wp-json\/wp\/v2\/categories?post=9499"},{"taxonomy":"post_tag","embeddable":true,"href":"https:\/\/adra.org\/fr\/wp-json\/wp\/v2\/tags?post=9499"}],"curies":[{"name":"wp","href":"https:\/\/api.w.org\/{rel}","templated":true}]}}