{"id":9481,"date":"2019-06-11T11:10:16","date_gmt":"2019-06-11T11:10:16","guid":{"rendered":"https:\/\/adra.org\/?p=9481"},"modified":"2026-04-22T14:35:16","modified_gmt":"2026-04-22T14:35:16","slug":"refugeesvideo-qr","status":"publish","type":"post","link":"https:\/\/adra.org\/fr\/refugeesvideo-qr","title":{"rendered":"Ouganda : L'histoire de Rachel"},"content":{"rendered":"<figure class=\"wp-block-embed is-type-video is-provider-youtube wp-block-embed-youtube wp-embed-aspect-16-9 wp-has-aspect-ratio\"><div class=\"wp-block-embed__wrapper\">\n<iframe title=\"L&#039;histoire de Rachel\" width=\"800\" height=\"450\" src=\"https:\/\/www.youtube.com\/embed\/ahX7i4wRRXs?feature=oembed&#038;enablejsapi=1&#038;origin=https:\/\/adra.org\" frameborder=\"0\" allow=\"accelerometer; autoplay; clipboard-write; encrypted-media; gyroscope; picture-in-picture; web-share\" referrerpolicy=\"strict-origin-when-cross-origin\" allowfullscreen><\/iframe>\n<\/div><\/figure>\n\n\n\n<p>La violence a priv\u00e9 Rachel d'un avenir radieux. \u00c0 19 ans \u00e0 peine, elle a perdu sa famille, sa maison et tout ce qu'elle poss\u00e9dait.<\/p>\n\n\n\n<p>Rachel partage une maison d'une chambre avec sa famille de six personnes en Ouganda. Mais ce n'est pas leur maison - leur maison se trouve de l'autre c\u00f4t\u00e9 de la fronti\u00e8re, en R\u00e9publique d\u00e9mocratique du Congo.<\/p>\n\n\n\n<p>Il y a un an, des rebelles ont violemment viol\u00e9 sa m\u00e8re et l'ont ran\u00e7onn\u00e9e. En essayant de la d\u00e9fendre, le p\u00e8re de Rachel a \u00e9t\u00e9 s\u00e9v\u00e8rement battu.<\/p>\n\n\n\n<p>\u201cIls ont br\u00fbl\u00e9 nos r\u00e9coltes et tu\u00e9 nos vaches, si bien que nous n'avions plus rien pour subvenir \u00e0 nos besoins\u201d, explique Rachel.<\/p>\n\n\n\n<p>Son p\u00e8re ne pouvant plus travailler, Rachel a travaill\u00e9 encore plus dur pour subvenir aux besoins de sa famille et retrouver sa m\u00e8re. Mais ils craignaient le pire : sa m\u00e8re \u00e9tait probablement d\u00e9j\u00e0 morte.<\/p>\n\n\n\n<p>\u201cLes rebelles sont revenus et ont tu\u00e9 mon oncle, trois de mes tantes et mes deux grands-parents. Mes fr\u00e8res et s\u0153urs et moi-m\u00eame avions emmen\u00e9 mon p\u00e8re \u00e0 l'h\u00f4pital, nous \u00e9tions donc en s\u00e9curit\u00e9\u201d, poursuit Rachel.<\/p>\n\n\n\n<p><strong><u>\u201cSi nous rentrions chez nous, nous serions tu\u00e9s.\u201d<\/u><\/strong><\/p>\n\n\n\n<p>Rachel et sa famille savent qu'ils doivent partir imm\u00e9diatement, et ils partent \u00e0 pied vers l'inconnu.<\/p>\n\n\n\n<p>Apr\u00e8s avoir franchi la fronti\u00e8re, Rachel et sa famille ont \u00e9t\u00e9 emmen\u00e9es dans l'un des camps de r\u00e9fugi\u00e9s les plus vastes et les plus surpeupl\u00e9s d'Ouganda.<\/p>\n\n\n\n<p>Apr\u00e8s quelques jours dans l'enceinte des nouveaux arrivants, Rachel, son p\u00e8re et ses fr\u00e8res et s\u0153urs ont re\u00e7u une lourde b\u00e2che et un petit terrain sur le flanc d'une colline.<\/p>\n\n\n\n<p>C'\u00e9tait leur nouvelle maison.<\/p>\n\n\n\n<p><strong>Aussi d\u00e9chirant que soit le pass\u00e9 de Rachel, il est encore pire aujourd'hui. Elle pourrait ne pas survivre aux mois \u00e0 venir.&nbsp;<\/strong><\/p>\n\n\n\n<p>Rachel s'est imm\u00e9diatement mise au travail en plantant des graines pour faire pousser une petite r\u00e9colte qu'elle vend sur les march\u00e9s de la colonie. Avec ce maigre revenu, elle ach\u00e8te le riz et les haricots qui permettent \u00e0 sa famille de survivre.<\/p>\n\n\n\n<p>C'est au cours d'une de ces visites au march\u00e9 que s'est produit un miracle doux-amer.<\/p>\n\n\n\n<p>\u201cJ'ai vu un visage que j'ai reconnu et j'ai dit \u00e0 mon p\u00e8re : \u2018Ne ressemble-t-elle pas \u00e0 maman ?\u2019 Il m'a dit que \u00e7a ne pouvait pas \u00eatre elle parce qu'elle \u00e9tait morte. Je me suis approch\u00e9e de la dame pour la voir de plus pr\u00e8s, et c'\u00e9tait ma m\u00e8re. Mais elle ne m'a pas reconnue.\u201d<\/p>\n\n\n\n<p>La m\u00e8re de Rachel vit \u00e0 nouveau avec eux, mais, traumatis\u00e9e, elle ne parle pas \u00e0 sa famille et ne la reconna\u00eet pas.<\/p>\n\n\n\n<p>Avec une autre bouche \u00e0 nourrir, Rachel doit travailler encore plus dur pour nourrir sa famille.<\/p>\n\n\n\n<p><strong>\u201cAucun de mes parents ne peut faire grand-chose pour la famille, alors tout retombe sur mes \u00e9paules.\u201d<\/strong><\/p>\n\n\n\n<p><strong>&nbsp;<\/strong>\u201cJe crois toujours en Dieu\u201d, dit Rachel en souriant. \u201cUn jour, il me rendra mes parents, j'en suis convaincue. J'esp\u00e8re pouvoir quitter le camp un jour. Je veux aller \u00e0 l'universit\u00e9.\u201d<\/p>\n\n\n\n<p>Comme lors de la sortie d'\u00c9gypte des Isra\u00e9lites, la foi donne \u00e0 Rachel la force de continuer malgr\u00e9 les souffrances pr\u00e9sentes et un avenir inconnu.<\/p>","protected":false},"excerpt":{"rendered":"<p>La violence a priv\u00e9 Rachel d'un avenir radieux. \u00c0 19 ans \u00e0 peine, elle a perdu sa famille, sa maison et tout ce qu'elle poss\u00e9dait.<\/p>","protected":false},"author":1,"featured_media":9364,"comment_status":"open","ping_status":"open","sticky":false,"template":"","format":"standard","meta":{"_acf_changed":false,"_eb_attr":"","footnotes":""},"categories":[785,615,807,590,825],"tags":[355],"class_list":["post-9481","post","type-post","status-publish","format-standard","has-post-thumbnail","hentry","category-africa","category-blog","category-dr-congo","category-emergency","category-uganda","tag-refugees"],"acf":[],"_links":{"self":[{"href":"https:\/\/adra.org\/fr\/wp-json\/wp\/v2\/posts\/9481","targetHints":{"allow":["GET"]}}],"collection":[{"href":"https:\/\/adra.org\/fr\/wp-json\/wp\/v2\/posts"}],"about":[{"href":"https:\/\/adra.org\/fr\/wp-json\/wp\/v2\/types\/post"}],"author":[{"embeddable":true,"href":"https:\/\/adra.org\/fr\/wp-json\/wp\/v2\/users\/1"}],"replies":[{"embeddable":true,"href":"https:\/\/adra.org\/fr\/wp-json\/wp\/v2\/comments?post=9481"}],"version-history":[{"count":13,"href":"https:\/\/adra.org\/fr\/wp-json\/wp\/v2\/posts\/9481\/revisions"}],"predecessor-version":[{"id":48724,"href":"https:\/\/adra.org\/fr\/wp-json\/wp\/v2\/posts\/9481\/revisions\/48724"}],"wp:featuredmedia":[{"embeddable":true,"href":"https:\/\/adra.org\/fr\/wp-json\/wp\/v2\/media\/9364"}],"wp:attachment":[{"href":"https:\/\/adra.org\/fr\/wp-json\/wp\/v2\/media?parent=9481"}],"wp:term":[{"taxonomy":"category","embeddable":true,"href":"https:\/\/adra.org\/fr\/wp-json\/wp\/v2\/categories?post=9481"},{"taxonomy":"post_tag","embeddable":true,"href":"https:\/\/adra.org\/fr\/wp-json\/wp\/v2\/tags?post=9481"}],"curies":[{"name":"wp","href":"https:\/\/api.w.org\/{rel}","templated":true}]}}