{"id":9307,"date":"2021-08-02T07:00:00","date_gmt":"2021-08-02T07:00:00","guid":{"rendered":"https:\/\/adra.org\/?post_type=stories&#038;p=9307"},"modified":"2026-03-24T14:09:14","modified_gmt":"2026-03-24T14:09:14","slug":"madagascar-damys-story-hunger-crisis","status":"publish","type":"post","link":"https:\/\/adra.org\/fr\/madagascar-damys-story-hunger-crisis","title":{"rendered":"Madagascar : L'histoire de Damy sur la crise de la faim"},"content":{"rendered":"<figure class=\"wp-block-image size-large\"><img fetchpriority=\"high\" decoding=\"async\" width=\"1024\" height=\"825\" src=\"https:\/\/adra.org\/wp-content\/uploads\/2021\/08\/Malnutrition-16-Deep-Etch-Edited-1-1-1024x825.jpg\" alt=\"\" class=\"wp-image-21431\" srcset=\"https:\/\/adra.org\/wp-content\/uploads\/2021\/08\/Malnutrition-16-Deep-Etch-Edited-1-1-1024x825.jpg 1024w, https:\/\/adra.org\/wp-content\/uploads\/2021\/08\/Malnutrition-16-Deep-Etch-Edited-1-1-300x242.jpg 300w, https:\/\/adra.org\/wp-content\/uploads\/2021\/08\/Malnutrition-16-Deep-Etch-Edited-1-1-768x618.jpg 768w, https:\/\/adra.org\/wp-content\/uploads\/2021\/08\/Malnutrition-16-Deep-Etch-Edited-1-1-1536x1237.jpg 1536w, https:\/\/adra.org\/wp-content\/uploads\/2021\/08\/Malnutrition-16-Deep-Etch-Edited-1-1-2048x1649.jpg 2048w\" sizes=\"(max-width: 1024px) 100vw, 1024px\" \/><\/figure>\n\n\n\n<h2 class=\"wp-block-heading\">3 \u00e9l\u00e9ments qui font de la crise de la faim \u00e0 Madagascar une situation unique<\/h2>\n\n\n\n<ul class=\"wp-block-list\">\n<li>Les experts rapportent<strong> il s'agit de la premi\u00e8re crise alimentaire de l'histoire moderne caus\u00e9e par le changement climatique.<\/strong><\/li>\n\n\n\n<li>Apr\u00e8s quatre ann\u00e9es de s\u00e9cheresse cons\u00e9cutives, <strong>les conditions actuelles sont les pires que le pays ait connues depuis 40 ans<\/strong>. Dans le sud de Madagascar, des milliers de familles ont d\u00e9j\u00e0 atteint des conditions catastrophiques, voire de famine, et se nourrissent de fruits de cactus crus, de feuilles sauvages et de criquets.<\/li>\n\n\n\n<li><strong>La malnutrition s\u00e9v\u00e8re chez les enfants de moins de 5 ans a doubl\u00e9 au premier semestre 2021<\/strong> et se situe maintenant \u00e0 un niveau choquant de 16,5%.<\/li>\n<\/ul>\n\n\n\n<div class=\"wp-block-buttons is-horizontal is-content-justification-center is-layout-flex wp-container-core-buttons-is-layout-03627597 wp-block-buttons-is-layout-flex\"><\/div>\n\n\n\n<h2 class=\"wp-block-heading\">Toutes les histoires ne sont pas faciles \u00e0 \u00e9crire et \u00e0 partager.<\/h2>\n\n\n\n<p>Nous voulons vous raconter l'histoire de Damy, deux ans, et de sa famille \u00e0 Madagascar. Nous savons que des histoires comme la sienne ne sont pas toujours faciles \u00e0 lire, et nous serons honn\u00eates, elles peuvent \u00eatre difficiles \u00e0 \u00e9crire pour nous.<\/p>\n\n\n\n<p>ADRA n'entre et ne sort pas rapidement de la vie de ceux que nous servons. Notre personnel local a des ann\u00e9es d'exp\u00e9rience dans ces communaut\u00e9s et pour beaucoup d'entre eux, c'est proche de chez eux. Lorsque nous sommes accueillis dans les communaut\u00e9s et les foyers, nous passons du temps \u00e0 \u00e9couter et \u00e0 apprendre \u00e0 conna\u00eetre les gens. Lorsque nous les quittons, nous ne cessons de penser \u00e0 eux et de prier pour eux.<\/p>\n\n\n\n<p>Nous veillons \u00e0 ce que chaque histoire que nous \u00e9crivons soit un vecteur pour les personnes qui souhaitent que leurs exp\u00e9riences soient entendues et qu'elles partagent fid\u00e8lement une r\u00e9alit\u00e9 dans des circonstances qu'elles n'ont pas choisies pour elles-m\u00eames.&nbsp;<\/p>\n\n\n\n<h2 class=\"wp-block-heading\">Rencontrer Damy<\/h2>\n\n\n\n<figure class=\"wp-block-gallery has-nested-images columns-default is-cropped wp-block-gallery-2 is-layout-flex wp-block-gallery-is-layout-flex\">\n<figure class=\"wp-block-image size-large\"><img decoding=\"async\" width=\"1024\" height=\"646\" data-id=\"21429\" src=\"https:\/\/adra.org\/wp-content\/uploads\/2021\/08\/August-appeal-photo-e1627957306712-1024x646.jpg\" alt=\"\" class=\"wp-image-21429\" srcset=\"https:\/\/adra.org\/wp-content\/uploads\/2021\/08\/August-appeal-photo-e1627957306712-1024x646.jpg 1024w, https:\/\/adra.org\/wp-content\/uploads\/2021\/08\/August-appeal-photo-e1627957306712-300x189.jpg 300w, https:\/\/adra.org\/wp-content\/uploads\/2021\/08\/August-appeal-photo-e1627957306712-768x485.jpg 768w, https:\/\/adra.org\/wp-content\/uploads\/2021\/08\/August-appeal-photo-e1627957306712.jpg 1215w\" sizes=\"(max-width: 1024px) 100vw, 1024px\" \/><\/figure>\n<figcaption class=\"blocks-gallery-caption wp-element-caption\">Damy, deux ans, et sa famille vivent \u00e0 Madagascar o\u00f9 une crise alimentaire catastrophique les a laiss\u00e9s, ainsi que des milliers d'autres personnes, sans nourriture.<\/figcaption><\/figure>\n\n\n\n<p>Lorsque vous pensez \u00e0 un enfant de deux ans, vous imaginez probablement un bambin turbulent \u00e0 l'\u00e9nergie in\u00e9puisable. Mais Damy est un enfant de deux ans tr\u00e8s diff\u00e9rent.<\/p>\n\n\n\n<p>Ce petit gar\u00e7on vit dans le sud de Madagascar avec sa m\u00e8re et ses trois fr\u00e8res et s\u0153urs. \u00c0 cause des s\u00e9cheresses successives, cette partie du pays n'a pratiquement plus de nourriture fra\u00eeche, et ils n'auraient pas les moyens de s'en procurer s'il y en avait. Pendant notre visite, les fr\u00e8res et s\u0153urs de Damy mangent des fruits de cactus, une petite fleur verte et rouge que l'on trouve dans les fourr\u00e9s qui entourent leur village, et c'est tout ce qu'ils ont \u00e0 manger la plupart du temps.<\/p>\n\n\n\n<p>En raison de la crise alimentaire qui s\u00e9vit dans la r\u00e9gion o\u00f9 ils vivent, le d\u00e9veloppement de Damy est celui d'un enfant qui a la moiti\u00e9 de son \u00e2ge. Au lieu de courir et de jouer comme les autres bambins, Damy n'a souvent pas l'\u00e9nergie n\u00e9cessaire pour se tenir debout et souffre de douleurs et de fatigue lorsqu'il est debout.<\/p>\n\n\n\n<p>\u201cMon fils est malade\u201d, explique Soamihery. \u201cIl avait l'habitude de manger de la terre et a \u00e9t\u00e9 envoy\u00e9 dans un centre de sant\u00e9 pour malnutrition aigu\u00eb. Avec ma grossesse et mon accouchement, je ne suis plus en mesure de l'emmener\u201d.\u201d<\/p>\n\n\n\n<p>Soamihery, la m\u00e8re de Damy, s'appuie sur le mur de boue de la hutte familiale, ses yeux s'assombrissent sous l'effet de la fatigue chronique et de la faim. En plus de soutenir Damy qui se tient \u00e0 ses c\u00f4t\u00e9s, Soamihery tient son nouveau-n\u00e9, Herico, dans ses bras.<\/p>\n\n\n\n<p>Elle est aujourd'hui m\u00e8re c\u00e9libataire, son mari \u00e9tant parti au nord pour trouver du travail dans les mines de saphir et n'\u00e9tant jamais revenu. Elle est bien consciente des dangers de la malnutrition et des difficult\u00e9s croissantes auxquelles est confront\u00e9e sa petite famille.<\/p>\n\n\n\n<p><strong>\u201cNous n'avons pas de nourriture\u201d, dit Soamihery. \u201cSi nous trouvons de la nourriture aujourd'hui, nous mangeons. Les jours o\u00f9 nous ne trouvons pas de nourriture, nous ne mangeons pas.\u201d<\/strong><\/p>\n\n\n\n<p>L'\u00e9puisement de Soamihery est \u00e9vident. Elle est \u00e9puis\u00e9e d'avoir mis au monde le petit Herico deux semaines auparavant. \u00c9puis\u00e9e par l'allaitement d'un enfant qui a tant besoin et re\u00e7oit si peu. Elle est \u00e9puis\u00e9e par la lutte quotidienne qu'elle m\u00e8ne pour \u00e9lever seule sa famille.<\/p>\n\n\n\n<p>Soamihery d\u00e9pense toute l'\u00e9nergie dont elle dispose pour apporter de la joie dans la vie de ses enfants.<\/p>\n\n\n\n<p>\u201cJe suis heureuse lorsque mes enfants sont pr\u00e8s de moi et que nous sommes tous ensemble\u201d, explique Soamihery. \u201cJ'aime qu'ils rentrent \u00e0 la maison apr\u00e8s avoir jou\u00e9 et que nous riions tous ensemble. Chaque fois qu'ils sortent et jouent, ils sont heureux, et les voir heureux me rend heureuse\u201d.\u201d<\/p>\n\n\n\n<p>Malgr\u00e9 la pr\u00e9sence constante de la faim dans leur vie, la famille trouve toujours des moyens de jouer. La s\u0153ur a\u00een\u00e9e de Damy aime jouer du tambour sur un vieux bidon d'huile v\u00e9g\u00e9tale, tandis que ses amis se tiennent par la main et dansent !<\/p>\n\n\n\n<p>\u201cJe fais ce que je peux pour \u00e9lever mes enfants\u201d, ajoute-t-elle avec un l\u00e9ger sourire. \u201cJe ne peux pas faire grand-chose, mais je fais ce que je peux.\u201d <\/p>\n\n\n\n<p><strong>R\u00e9f\u00e9rences et ressources :<\/strong><\/p>\n\n\n\n<ul class=\"wp-block-list\">\n<li><a href=\"https:\/\/news.un.org\/en\/story\/2021\/06\/1094632\">https:\/\/news.un.org\/en\/story\/2021\/06\/1094632<\/a><\/li>\n\n\n\n<li><a href=\"https:\/\/reliefweb.int\/report\/madagascar\/don-t-look-other-way-madagascar-grip-drought-and-famine\">https:\/\/reliefweb.int\/report\/madagascar\/don-t-look-other-way-madagascar-grip-drought-and-famine<\/a><\/li>\n\n\n\n<li><a href=\"https:\/\/time.com\/6081919\/famine-climate-change-madagascar\/\">https:\/\/time.com\/6081919\/famine-climate-change-madagascar\/<\/a><\/li>\n<\/ul>\n\n\n\n<div style=\"height:104px\" aria-hidden=\"true\" class=\"wp-block-spacer\"><\/div>","protected":false},"excerpt":{"rendered":"<p>Les experts signalent qu'il s'agit de la premi\u00e8re crise alimentaire de l'histoire moderne caus\u00e9e par le changement climatique.<\/p>","protected":false},"author":1,"featured_media":28331,"comment_status":"closed","ping_status":"closed","sticky":false,"template":"","format":"standard","meta":{"_acf_changed":false,"_eb_attr":"","footnotes":""},"categories":[785,615,609,284,819,558],"tags":[1079,873,1137],"class_list":["post-9307","post","type-post","status-publish","format-standard","has-post-thumbnail","hentry","category-africa","category-blog","category-food-assistance","category-health","category-madagascar","category-nutrition","tag-crisis","tag-justice-compassion-love","tag-ways-to-give"],"acf":[],"_links":{"self":[{"href":"https:\/\/adra.org\/fr\/wp-json\/wp\/v2\/posts\/9307","targetHints":{"allow":["GET"]}}],"collection":[{"href":"https:\/\/adra.org\/fr\/wp-json\/wp\/v2\/posts"}],"about":[{"href":"https:\/\/adra.org\/fr\/wp-json\/wp\/v2\/types\/post"}],"author":[{"embeddable":true,"href":"https:\/\/adra.org\/fr\/wp-json\/wp\/v2\/users\/1"}],"replies":[{"embeddable":true,"href":"https:\/\/adra.org\/fr\/wp-json\/wp\/v2\/comments?post=9307"}],"version-history":[{"count":20,"href":"https:\/\/adra.org\/fr\/wp-json\/wp\/v2\/posts\/9307\/revisions"}],"predecessor-version":[{"id":45855,"href":"https:\/\/adra.org\/fr\/wp-json\/wp\/v2\/posts\/9307\/revisions\/45855"}],"wp:featuredmedia":[{"embeddable":true,"href":"https:\/\/adra.org\/fr\/wp-json\/wp\/v2\/media\/28331"}],"wp:attachment":[{"href":"https:\/\/adra.org\/fr\/wp-json\/wp\/v2\/media?parent=9307"}],"wp:term":[{"taxonomy":"category","embeddable":true,"href":"https:\/\/adra.org\/fr\/wp-json\/wp\/v2\/categories?post=9307"},{"taxonomy":"post_tag","embeddable":true,"href":"https:\/\/adra.org\/fr\/wp-json\/wp\/v2\/tags?post=9307"}],"curies":[{"name":"wp","href":"https:\/\/api.w.org\/{rel}","templated":true}]}}