{"id":7184,"date":"2017-06-19T20:58:45","date_gmt":"2017-06-19T20:58:45","guid":{"rendered":"https:\/\/adra.org\/?p=7184"},"modified":"2026-04-01T17:55:05","modified_gmt":"2026-04-01T17:55:05","slug":"adras-2017-world-refugee-day-statement","status":"publish","type":"post","link":"https:\/\/adra.org\/fr\/adras-2017-world-refugee-day-statement","title":{"rendered":"D\u00e9claration d'ADRA \u00e0 l'occasion de la Journ\u00e9e mondiale du r\u00e9fugi\u00e9 2017"},"content":{"rendered":"<p>Depuis des d\u00e9cennies, l'Agence adventiste de d\u00e9veloppement et de secours (ADRA), qui est le bras humanitaire de l'\u00c9glise adventiste du septi\u00e8me jour, d\u00e9fend les droits et le bien-\u00eatre des personnes d\u00e9plac\u00e9es par les conflits et les pers\u00e9cutions - des hommes, des femmes et des enfants de toutes les confessions, ethnies et nationalit\u00e9s qui ont surv\u00e9cu \u00e0 des \u00e9preuves indicibles, \u00e0 la terreur et \u00e0 la perte.<\/p>\n<p>Rien qu'en 2016, plus de 1,5 million de r\u00e9fugi\u00e9s, de personnes d\u00e9plac\u00e9es et d'apatrides dans une quarantaine de pays ont re\u00e7u un abri, de la nourriture, de l'eau potable, des produits d'hygi\u00e8ne, un acc\u00e8s \u00e0 l'\u00e9ducation, un soutien psychosocial et d'autres services par l'interm\u00e9diaire d'ADRA, dans le cadre de notre mission d'amour et d'aide aux plus vuln\u00e9rables au moment o\u00f9 ils en ont le plus besoin.<\/p>\n<p>Alors que nous c\u00e9l\u00e9brons la Journ\u00e9e mondiale des r\u00e9fugi\u00e9s (20 juin) en 2017, plus de 65 millions de personnes continuent d'\u00eatre d\u00e9plac\u00e9es dans le monde, selon l'agence des Nations unies pour les r\u00e9fugi\u00e9s, le Haut Commissariat des Nations unies pour les r\u00e9fugi\u00e9s (HCR). Environ 22,5 millions d'entre elles sont des r\u00e9fugi\u00e9s. Pour ADRA, ces chiffres signifient une chose : nous ne pouvons pas nous permettre de faiblir dans notre r\u00e9ponse pour aider les personnes d\u00e9plac\u00e9es par un conflit, une pers\u00e9cution ou une catastrophe.<\/p>\n<p>En cette p\u00e9riode de besoins immenses, nous f\u00e9licitons les nations qui se sont mobilis\u00e9es pour r\u00e9pondre aux besoins en \u00e9largissant les programmes de r\u00e9installation des r\u00e9fugi\u00e9s et en contribuant financi\u00e8rement aux efforts d\u00e9ploy\u00e9s au niveau mondial en faveur des r\u00e9fugi\u00e9s. Nous encourageons toutes les nations \u00e0 continuer \u00e0 travailler ensemble pour d\u00e9fendre les droits et la dignit\u00e9 des r\u00e9fugi\u00e9s dans le monde. Nous lan\u00e7ons cet appel \u00e0 un moment o\u00f9 les r\u00e9fugi\u00e9s et les autres immigrants du monde entier sont de plus en plus la cible de discours haineux et d'actes de cruaut\u00e9 ignobles en raison de leur religion, de leur appartenance ethnique ou de leur nationalit\u00e9.<\/p>\n<p>Aujourd'hui, ADRA r\u00e9affirme son engagement \u00e0 accueillir et \u00e0 aider les personnes dans le besoin. Nous ne nous laisserons pas guider par l'opportunisme politique ou l'opinion publique, mais nous suivrons notre foi et notre conscience, que nous pla\u00e7ons au-dessus de tout.<\/p>\n<p>Lorsque nous voyons un r\u00e9fugi\u00e9, nous voyons un \u00eatre humain plein d'espoirs, de r\u00eaves et de potentiel inexploit\u00e9. Chaque personne a de la valeur, car chacun d'entre eux est un enfant de Dieu.<\/p>\n<p>\u00c0 une \u00e9poque o\u00f9 les besoins sont sans pr\u00e9c\u00e9dent, il est imp\u00e9ratif que nous soyons unis, non pas dans la haine et la peur, mais dans l'amour et la compassion, afin de travailler ensemble pour mettre fin \u00e0 la souffrance humaine dans le monde.<\/p>\n<p>ADRA souhaite remercier les nombreux soutiens - donateurs individuels, \u00e9glises, b\u00e9n\u00e9voles, organisations \u00e0 but non lucratif et partenaires gouvernementaux - qui ont travaill\u00e9 \u00e0 nos c\u00f4t\u00e9s chaque jour pour s'assurer que les personnes forc\u00e9es de quitter leur foyer puissent \u00e0 nouveau vivre une vie de s\u00e9curit\u00e9, de paix et d'appartenance.<\/p>","protected":false},"excerpt":{"rendered":"<p>Depuis des d\u00e9cennies, l'Agence adventiste de d\u00e9veloppement et de secours (ADRA), qui est le bras humanitaire de l'\u00c9glise adventiste du septi\u00e8me jour, d\u00e9fend les droits et le bien-\u00eatre des personnes d\u00e9plac\u00e9es par les conflits et les pers\u00e9cutions - des hommes, des femmes et des enfants de toutes les confessions, ethnies et nationalit\u00e9s qui ont surv\u00e9cu \u00e0 des \u00e9preuves indicibles, \u00e0 la terreur et \u00e0 la perte.<\/p>","protected":false},"author":1,"featured_media":7185,"comment_status":"open","ping_status":"open","sticky":false,"template":"","format":"standard","meta":{"_acf_changed":false,"_eb_attr":"","footnotes":""},"categories":[11,617],"tags":[741,1175,1085,709,355,383,419],"class_list":["post-7184","post","type-post","status-publish","format-standard","has-post-thumbnail","hentry","category-press-release","category-statement","tag-adventist-church","tag-clean-water","tag-internally-displaced-persons-idps","tag-mental-health-psychosocial-support-mhpss","tag-refugees","tag-united-nations-un","tag-world-refugee-day"],"acf":[],"_links":{"self":[{"href":"https:\/\/adra.org\/fr\/wp-json\/wp\/v2\/posts\/7184","targetHints":{"allow":["GET"]}}],"collection":[{"href":"https:\/\/adra.org\/fr\/wp-json\/wp\/v2\/posts"}],"about":[{"href":"https:\/\/adra.org\/fr\/wp-json\/wp\/v2\/types\/post"}],"author":[{"embeddable":true,"href":"https:\/\/adra.org\/fr\/wp-json\/wp\/v2\/users\/1"}],"replies":[{"embeddable":true,"href":"https:\/\/adra.org\/fr\/wp-json\/wp\/v2\/comments?post=7184"}],"version-history":[{"count":3,"href":"https:\/\/adra.org\/fr\/wp-json\/wp\/v2\/posts\/7184\/revisions"}],"predecessor-version":[{"id":46833,"href":"https:\/\/adra.org\/fr\/wp-json\/wp\/v2\/posts\/7184\/revisions\/46833"}],"wp:featuredmedia":[{"embeddable":true,"href":"https:\/\/adra.org\/fr\/wp-json\/wp\/v2\/media\/7185"}],"wp:attachment":[{"href":"https:\/\/adra.org\/fr\/wp-json\/wp\/v2\/media?parent=7184"}],"wp:term":[{"taxonomy":"category","embeddable":true,"href":"https:\/\/adra.org\/fr\/wp-json\/wp\/v2\/categories?post=7184"},{"taxonomy":"post_tag","embeddable":true,"href":"https:\/\/adra.org\/fr\/wp-json\/wp\/v2\/tags?post=7184"}],"curies":[{"name":"wp","href":"https:\/\/api.w.org\/{rel}","templated":true}]}}