{"id":6370,"date":"2016-08-19T14:15:46","date_gmt":"2016-08-19T14:15:46","guid":{"rendered":"https:\/\/adra.org\/?p=6370"},"modified":"2026-04-14T21:11:39","modified_gmt":"2026-04-14T21:11:39","slug":"adra-responding-to-earthquake-in-peru","status":"publish","type":"post","link":"https:\/\/adra.org\/fr\/adra-responding-to-earthquake-in-peru","title":{"rendered":"ADRA r\u00e9pond au tremblement de terre au P\u00e9rou"},"content":{"rendered":"<h2>ADRA Peru has formed a First Response Team and is providing emergency response in Arequipa, Peru after a 5.4 earthquake shook the region.<\/h2>\n<p>Le tremblement de terre a eu lieu le 14 ao\u00fbt et a touch\u00e9 pr\u00e8s de 2 000 familles. 1 074 maisons sont inhabitables et pr\u00e8s de 400 se sont compl\u00e8tement effondr\u00e9es.<\/p>\n<p>Soon after the earthquake, ADRA Peru&#8217;s First Response Team served 518 hot meals to those in the area and activated a media campaign to gather material donations from the local community.<\/p>\n<p>ADRA Peru will also be distributing kits of household supplies in the community for those who have lost their belongings.<\/p>","protected":false},"excerpt":{"rendered":"<p>Le tremblement de terre a eu lieu le 14 ao\u00fbt et a touch\u00e9 pr\u00e8s de 2 000 familles. 1 074 maisons sont inhabitables et pr\u00e8s de 400 se sont compl\u00e8tement effondr\u00e9es.<\/p>","protected":false},"author":1,"featured_media":21998,"comment_status":"open","ping_status":"open","sticky":false,"template":"","format":"standard","meta":{"_acf_changed":false,"_eb_attr":"","footnotes":""},"categories":[590,871,782],"tags":[6,833],"class_list":["post-6370","post","type-post","status-publish","format-standard","has-post-thumbnail","hentry","category-emergency","category-peru","category-south-america","tag-disaster-relief","tag-emergency-response-team-ert"],"acf":[],"_links":{"self":[{"href":"https:\/\/adra.org\/fr\/wp-json\/wp\/v2\/posts\/6370","targetHints":{"allow":["GET"]}}],"collection":[{"href":"https:\/\/adra.org\/fr\/wp-json\/wp\/v2\/posts"}],"about":[{"href":"https:\/\/adra.org\/fr\/wp-json\/wp\/v2\/types\/post"}],"author":[{"embeddable":true,"href":"https:\/\/adra.org\/fr\/wp-json\/wp\/v2\/users\/1"}],"replies":[{"embeddable":true,"href":"https:\/\/adra.org\/fr\/wp-json\/wp\/v2\/comments?post=6370"}],"version-history":[{"count":5,"href":"https:\/\/adra.org\/fr\/wp-json\/wp\/v2\/posts\/6370\/revisions"}],"predecessor-version":[{"id":48133,"href":"https:\/\/adra.org\/fr\/wp-json\/wp\/v2\/posts\/6370\/revisions\/48133"}],"wp:featuredmedia":[{"embeddable":true,"href":"https:\/\/adra.org\/fr\/wp-json\/wp\/v2\/media\/21998"}],"wp:attachment":[{"href":"https:\/\/adra.org\/fr\/wp-json\/wp\/v2\/media?parent=6370"}],"wp:term":[{"taxonomy":"category","embeddable":true,"href":"https:\/\/adra.org\/fr\/wp-json\/wp\/v2\/categories?post=6370"},{"taxonomy":"post_tag","embeddable":true,"href":"https:\/\/adra.org\/fr\/wp-json\/wp\/v2\/tags?post=6370"}],"curies":[{"name":"wp","href":"https:\/\/api.w.org\/{rel}","templated":true}]}}