{"id":6028,"date":"2016-05-25T14:31:27","date_gmt":"2016-05-25T14:31:27","guid":{"rendered":"https:\/\/adra.org\/?p=6028"},"modified":"2026-04-02T18:51:17","modified_gmt":"2026-04-02T18:51:17","slug":"adras-statement-at-world-humanitarian-summit","status":"publish","type":"post","link":"https:\/\/adra.org\/fr\/adras-statement-at-world-humanitarian-summit","title":{"rendered":"D\u00e9claration d'ADRA au Sommet humanitaire mondial"},"content":{"rendered":"<h2>Le pr\u00e9sident d'ADRA s'engage \u00e0 agir lors du sommet humanitaire mondial<\/h2>\n<p>ISTANBUL, TURQUIE - Le pr\u00e9sident de l'ADRA, Jonathan Duffy, a fait une d\u00e9claration sur la sc\u00e8ne du Sommet humanitaire mondial mardi. Cette d\u00e9claration fait \u00e9tat des engagements pris par le r\u00e9seau ADRA pour soutenir l'Agenda pour l'humanit\u00e9 du Sommet.<\/p>\n<p>La vid\u00e9o de la pr\u00e9sentation de M. Duffy est disponible sur UNTV : <a href=\"http:\/\/webtv.un.org\/watch\/jonathan-duffy-adra-international-world-humanitarian-summit-istanbul-2016-member-states-and-stakeholders-announcements\/4909621709001\">http:\/\/webtv.un.org\/watch\/jonathan-duffy-adra-international-world-humanitarian-summit-istanbul-2016-member-states-and-stakeholders-announcements\/4909621709001<\/a><\/p>\n<p>Le texte int\u00e9gral de la d\u00e9claration de M. Duffy figure ci-dessous.<\/p>\n<hr \/>\n<p>L'Agence adventiste de d\u00e9veloppement et de secours, mieux connue sous le nom d'ADRA, est pr\u00e9sente dans 126 pays et a un impact global annuel de 20 millions de vies.<\/p>\n<p>En consultation et en plein accord avec notre r\u00e9seau mondial, je prends les engagements suivants.<\/p>\n<p><strong><u>Responsabilit\u00e9 essentielle n\u00b0 3 : ne laisser personne de c\u00f4t\u00e9<\/u><\/strong><\/p>\n<p><u><\/u><strong>Engagement fondamental 1 :<\/strong> ADRA s'engage \u00e0 accro\u00eetre les activit\u00e9s qui renforcent l'autonomie des femmes et des jeunes filles, notamment en recourant davantage aux groupes de femmes locaux, de sorte que jusqu'\u00e0 40% de nos programmes incluent ces activit\u00e9s.<\/p>\n<p><strong>Engagement fondamental 2 :<\/strong> ADRA s'engage \u00e0 garantir l'acc\u00e8s universel aux soins de sant\u00e9 sexuelle et reproductive dans un maximum de 50% de nos projets de planification familiale pour les femmes et les adolescents en situation de crise.<\/p>\n<p><strong>Engagement fondamental 3 :<\/strong> ADRA s'engage \u00e0 poursuivre et \u00e0 am\u00e9liorer les politiques de pr\u00e9vention et de r\u00e9ponse \u00e0 la violence fond\u00e9e sur le genre, en renfor\u00e7ant les capacit\u00e9s des r\u00e9gions les plus touch\u00e9es par les crises et la violence fond\u00e9e sur le genre.<\/p>\n<p><strong>Engagement fondamental 4 :<\/strong> Le r\u00e9seau ADRA a pour objectif de rendre 100% de ses programmes sensibles au genre, et nous nous engageons \u00e0 trouver des moyens innovants pour am\u00e9liorer ce travail.<\/p>\n<p><strong>Engagement fondamental 5 :<\/strong> Je suis fi\u00e8re de l'histoire d'ADRA, qui a fait de la promotion de l'\u00e9galit\u00e9 des sexes, de l'autonomisation des femmes et des droits des femmes une partie de sa mission et de sa passion. Nous nous engageons aujourd'hui \u00e0 poursuivre ce travail, dans le respect des politiques et des cadres humanitaires.<\/p>\n<p><strong><u>Responsabilit\u00e9 principale 4 : changer la vie des gens - de l'acheminement de l'aide \u00e0 l'\u00e9limination des besoins<\/u><\/strong><\/p>\n<p><strong>Engagement fondamental 1 :<\/strong> L'ADRA s'engage \u00e0 mettre davantage l'accent, au niveau mondial, sur la r\u00e9duction des risques de catastrophe et la r\u00e9silience dans le cadre des interventions d'urgence, ainsi qu'\u00e0 travailler avec le personnel et les partenaires r\u00e9gionaux et locaux pour \u00e9laborer des solutions innovantes dans ce domaine essentiel.<\/p>\n<p><strong>Engagement fondamental 2 :<\/strong> L'ADRA s'est engag\u00e9e de longue date \u00e0 g\u00e9rer les risques li\u00e9s aux catastrophes et au climat, et nous nous engageons \u00e0 continuer \u00e0 mettre l'accent sur la r\u00e9silience. Nous nous engageons \u00e9galement \u00e0 am\u00e9liorer et \u00e0 innover la fa\u00e7on dont nous nous mobilisons, au niveau r\u00e9gional et local, la formation que nous fournissons, y compris les partenaires locaux et les parties prenantes, et notre capacit\u00e9 de recherche.<\/p>\n<p><strong>Engagement fondamental 3 :<\/strong> L'ADRA s'engage \u00e0 accro\u00eetre son utilisation des donn\u00e9es et des analyses, ainsi qu'\u00e0 se concentrer sur l'alerte pr\u00e9coce et les d\u00e9cisions fond\u00e9es sur des preuves, afin de mieux comprendre les risques li\u00e9s aux catastrophes et au climat et de mieux s'y pr\u00e9parer. Cet engagement comprend l'am\u00e9lioration de la mani\u00e8re dont nos activit\u00e9s compl\u00e8tent le travail des partenaires et des organisations locales.<\/p>\n<p><strong>Engagement fondamental 4 :<\/strong> Nous nous engageons \u00e0 faire progresser l'objectif et l'investissement d'ADRA dans le renforcement de la r\u00e9silience des communaut\u00e9s, avec un engagement particulier \u00e0 accro\u00eetre la participation des femmes.<\/p>\n<p><strong>Engagement fondamental 5 :<\/strong> ADRA s'engage \u00e0 garantir une aide r\u00e9gionale et locale en cas de catastrophes naturelles par le biais de formations r\u00e9gionales et locales, ainsi que par notre alignement sur les agences gouvernementales, les groupes de pays des Nations unies, les partenariats essentiels et les \u00e9valuations de l'UNOCHA.<\/p>\n<p style=\"text-align: center;\">###<\/p>\n<p><strong>\u00c0 propos de l'ADRA<\/strong><\/p>\n<p>L'Agence adventiste de d\u00e9veloppement et de secours (ADRA) International est le bras humanitaire de l'\u00c9glise adventiste du septi\u00e8me jour. Son travail permet de renforcer les communaut\u00e9s et de changer des vies dans le monde entier en fournissant un d\u00e9veloppement communautaire durable et des secours en cas de catastrophe. Pour plus d'informations, visitez le site ADRA.org.<\/p>","protected":false},"excerpt":{"rendered":"<p>Le pr\u00e9sident d'ADRA, Jonathan Duffy, a fait une d\u00e9claration sur la sc\u00e8ne du Sommet humanitaire mondial mardi. Cette d\u00e9claration fait \u00e9tat des engagements pris par le r\u00e9seau ADRA pour soutenir l'Agenda pour l'humanit\u00e9 du sommet.<\/p>","protected":false},"author":1,"featured_media":21998,"comment_status":"open","ping_status":"open","sticky":false,"template":"","format":"standard","meta":{"_acf_changed":false,"_eb_attr":"","footnotes":""},"categories":[11,617,813],"tags":[8,1069,1154,383,1020],"class_list":["post-6028","post","type-post","status-publish","format-standard","has-post-thumbnail","hentry","category-press-release","category-statement","category-turkiye","tag-emergency-response","tag-humanitarian-aid","tag-maternal-newborn-child-health-mnch","tag-united-nations-un","tag-womens-empowerment"],"acf":[],"_links":{"self":[{"href":"https:\/\/adra.org\/fr\/wp-json\/wp\/v2\/posts\/6028","targetHints":{"allow":["GET"]}}],"collection":[{"href":"https:\/\/adra.org\/fr\/wp-json\/wp\/v2\/posts"}],"about":[{"href":"https:\/\/adra.org\/fr\/wp-json\/wp\/v2\/types\/post"}],"author":[{"embeddable":true,"href":"https:\/\/adra.org\/fr\/wp-json\/wp\/v2\/users\/1"}],"replies":[{"embeddable":true,"href":"https:\/\/adra.org\/fr\/wp-json\/wp\/v2\/comments?post=6028"}],"version-history":[{"count":4,"href":"https:\/\/adra.org\/fr\/wp-json\/wp\/v2\/posts\/6028\/revisions"}],"predecessor-version":[{"id":47020,"href":"https:\/\/adra.org\/fr\/wp-json\/wp\/v2\/posts\/6028\/revisions\/47020"}],"wp:featuredmedia":[{"embeddable":true,"href":"https:\/\/adra.org\/fr\/wp-json\/wp\/v2\/media\/21998"}],"wp:attachment":[{"href":"https:\/\/adra.org\/fr\/wp-json\/wp\/v2\/media?parent=6028"}],"wp:term":[{"taxonomy":"category","embeddable":true,"href":"https:\/\/adra.org\/fr\/wp-json\/wp\/v2\/categories?post=6028"},{"taxonomy":"post_tag","embeddable":true,"href":"https:\/\/adra.org\/fr\/wp-json\/wp\/v2\/tags?post=6028"}],"curies":[{"name":"wp","href":"https:\/\/api.w.org\/{rel}","templated":true}]}}