{"id":42396,"date":"2026-01-21T16:07:23","date_gmt":"2026-01-21T16:07:23","guid":{"rendered":"https:\/\/adra.org\/?p=42396"},"modified":"2026-06-16T02:26:57","modified_gmt":"2026-06-16T02:26:57","slug":"survival-against-the-elements-adra-delivers-critical-winter-relief-to-gaza","status":"publish","type":"post","link":"https:\/\/adra.org\/fr\/survival-against-the-elements-adra-delivers-critical-winter-relief-to-gaza","title":{"rendered":"Survivre contre les \u00e9l\u00e9ments : L'aide d'urgence livr\u00e9e \u00e0 Gaza"},"content":{"rendered":"<p class=\"wp-block-paragraph\">Alors que le froid de l'hiver s'installe sur la bande de Gaza, la crise humanitaire a atteint un point de rupture. Avec une grande majorit\u00e9 de la population d\u00e9plac\u00e9e et des infrastructures d\u00e9cim\u00e9es, l'Agence adventiste de d\u00e9veloppement et de secours (ADRA) a mobilis\u00e9 une campagne d'hivernage cruciale pour fournir une bou\u00e9e de sauvetage aux familles confront\u00e9es \u00e0 des conditions de vie mena\u00e7antes.<\/p>\n\n\n\n<figure data-wp-context=\"{&quot;imageId&quot;:&quot;6a9bb8fa59a99&quot;}\" data-wp-interactive=\"core\/image\" data-wp-key=\"6a9bb8fa59a99\" class=\"wp-block-image size-large wp-lightbox-container\"><img fetchpriority=\"high\" decoding=\"async\" width=\"1024\" height=\"682\" data-wp-class--hide=\"state.isContentHidden\" data-wp-class--show=\"state.isContentVisible\" data-wp-init=\"callbacks.setButtonStyles\" data-wp-on--click=\"actions.showLightbox\" data-wp-on--load=\"callbacks.setButtonStyles\" data-wp-on--pointerdown=\"actions.preloadImage\" data-wp-on--pointerenter=\"actions.preloadImageWithDelay\" data-wp-on--pointerleave=\"actions.cancelPreload\" data-wp-on-window--resize=\"callbacks.setButtonStyles\" src=\"https:\/\/adra.org\/wp-content\/uploads\/2026\/01\/IMG-20250206-WA0063-1024x682.jpg\" alt=\"\" class=\"wp-image-42397\" srcset=\"https:\/\/adra.org\/wp-content\/uploads\/2026\/01\/IMG-20250206-WA0063-1024x682.jpg 1024w, https:\/\/adra.org\/wp-content\/uploads\/2026\/01\/IMG-20250206-WA0063-300x200.jpg 300w, https:\/\/adra.org\/wp-content\/uploads\/2026\/01\/IMG-20250206-WA0063-768x512.jpg 768w, https:\/\/adra.org\/wp-content\/uploads\/2026\/01\/IMG-20250206-WA0063-1536x1023.jpg 1536w, https:\/\/adra.org\/wp-content\/uploads\/2026\/01\/IMG-20250206-WA0063-18x12.jpg 18w, https:\/\/adra.org\/wp-content\/uploads\/2026\/01\/IMG-20250206-WA0063.jpg 1600w\" sizes=\"(max-width: 1024px) 100vw, 1024px\" \/><button\n\t\t\tclass=\"lightbox-trigger\"\n\t\t\ttype=\"button\"\n\t\t\taria-haspopup=\"dialog\"\n\t\t\tdata-wp-bind--aria-label=\"state.thisImage.triggerButtonAriaLabel\"\n\t\t\tdata-wp-init=\"callbacks.initTriggerButton\"\n\t\t\tdata-wp-on--click=\"actions.showLightbox\"\n\t\t\tdata-wp-style--right=\"state.thisImage.buttonRight\"\n\t\t\tdata-wp-style--top=\"state.thisImage.buttonTop\"\n\t\t>\n\t\t\t<svg xmlns=\"http:\/\/www.w3.org\/2000\/svg\" width=\"12\" height=\"12\" fill=\"none\" viewbox=\"0 0 12 12\">\n\t\t\t\t<path fill=\"#fff\" d=\"M2 0a2 2 0 0 0-2 2v2h1.5V2a.5.5 0 0 1 .5-.5h2V0H2Zm2 10.5H2a.5.5 0 0 1-.5-.5V8H0v2a2 2 0 0 0 2 2h2v-1.5ZM8 12v-1.5h2a.5.5 0 0 0 .5-.5V8H12v2a2 2 0 0 1-2 2H8Zm2-12a2 2 0 0 1 2 2v2h-1.5V2a.5.5 0 0 0-.5-.5H8V0h2Z\" \/>\n\t\t\t<\/svg>\n\t\t<\/button><figcaption class=\"wp-element-caption\">Photo gracieusement fournie par ADRA Norv\u00e8ge<\/figcaption><\/figure>\n\n\n\n<h2 class=\"wp-block-heading\">Une migration d\u00e9sesp\u00e9r\u00e9e vers le nord<\/h2>\n\n\n\n<p class=\"wp-block-paragraph\">Malgr\u00e9 la cessation des hostilit\u00e9s actives \u00e0 la suite du cessez-le-feu d'octobre 2025, le paysage humanitaire reste sombre. Selon les rapports de projet d'ADRA Allemagne, un nombre consid\u00e9rable de personnes d\u00e9plac\u00e9es ont commenc\u00e9 \u00e0 migrer vers le nord de Gaza. Ce mouvement est motiv\u00e9 par une dure r\u00e9alit\u00e9. Les conditions de vie dans le sud surpeupl\u00e9 sont devenues encore plus insupportables que les ruines du nord.<\/p>\n\n\n\n<p class=\"wp-block-paragraph\">Pour ceux qui rentrent chez eux, le terme \u201cmaison\u201d est relatif. La plupart des familles s'abritent actuellement dans des b\u00e2timents dont la structure est compromise, dans des tentes de fortune qui offrent peu de protection contre le vent, ou dans des abris publics surpeupl\u00e9s d\u00e9pourvus d'installations sanitaires de base.<\/p>\n\n\n\n<p class=\"wp-block-paragraph\">La situation a pris une tournure catastrophique \u00e0 la mi-novembre lorsque des pluies torrentielles ont inond\u00e9 ces campements informels, affectant des milliers de familles. Dans un paysage o\u00f9 les logements s\u00fbrs, l'approvisionnement r\u00e9gulier en nourriture et l'eau potable sont quasiment inexistants, ces \u00e9v\u00e9nements m\u00e9t\u00e9orologiques ne sont plus seulement un d\u00e9sagr\u00e9ment. Ils constituent une menace pour la survie.<\/p>\n\n\n\n<h2 class=\"wp-block-heading\">Logistique de l'espoir : l'op\u00e9ration de secours d'hiver<\/h2>\n\n\n\n<p class=\"wp-block-paragraph\">Pour lutter contre la chute des temp\u00e9ratures, ADRA s'est associ\u00e9e \u00e0 Plan International Egypt pour coordonner une cha\u00eene d'approvisionnement sophistiqu\u00e9e. Depuis l'\u00c9gypte, une op\u00e9ration d'achat et d'emballage \u00e0 grande \u00e9chelle est en cours pour \u00e9quiper 832 familles, soit environ 4 160 personnes, avec des articles de survie essentiels pour l'hiver.<\/p>\n\n\n\n<p class=\"wp-block-paragraph\">Chaque colis d'aide comprend des couvertures lourdes et des v\u00eatements thermiques, des chaussures d'hiver durables et des tentes r\u00e9sistantes aux intemp\u00e9ries pour ceux qui n'ont pas d'abri structurel.<\/p>\n\n\n\n<p class=\"wp-block-paragraph\">Ces fournitures sont transport\u00e9es par des convois de camions jusqu'au poste fronti\u00e8re de Rafah, o\u00f9 elles sont remises aux partenaires locaux pour une distribution finale aux familles les plus n\u00e9cessiteuses. R\u00e9cemment, deux des quatre camions transportant des articles d'hivernage et des couvertures d'ADRA sont entr\u00e9s avec succ\u00e8s dans la bande de Gaza. Les deux camions restants devraient passer sous peu. Plan International Egypte continuera \u00e0 tenir ADRA au courant du statut des camions restants d\u00e8s qu'il y aura des progr\u00e8s.<\/p>\n\n\n\n<figure data-wp-context=\"{&quot;imageId&quot;:&quot;6a9bb8fa59f7c&quot;}\" data-wp-interactive=\"core\/image\" data-wp-key=\"6a9bb8fa59f7c\" class=\"wp-block-image size-large wp-lightbox-container\"><img decoding=\"async\" width=\"1024\" height=\"683\" data-wp-class--hide=\"state.isContentHidden\" data-wp-class--show=\"state.isContentVisible\" data-wp-init=\"callbacks.setButtonStyles\" data-wp-on--click=\"actions.showLightbox\" data-wp-on--load=\"callbacks.setButtonStyles\" data-wp-on--pointerdown=\"actions.preloadImage\" data-wp-on--pointerenter=\"actions.preloadImageWithDelay\" data-wp-on--pointerleave=\"actions.cancelPreload\" data-wp-on-window--resize=\"callbacks.setButtonStyles\" src=\"https:\/\/adra.org\/wp-content\/uploads\/2026\/01\/DSC05603-1024x683.jpg\" alt=\"\" class=\"wp-image-42398\" srcset=\"https:\/\/adra.org\/wp-content\/uploads\/2026\/01\/DSC05603-1024x683.jpg 1024w, https:\/\/adra.org\/wp-content\/uploads\/2026\/01\/DSC05603-300x200.jpg 300w, https:\/\/adra.org\/wp-content\/uploads\/2026\/01\/DSC05603-768x512.jpg 768w, https:\/\/adra.org\/wp-content\/uploads\/2026\/01\/DSC05603-1536x1024.jpg 1536w, https:\/\/adra.org\/wp-content\/uploads\/2026\/01\/DSC05603-2048x1365.jpg 2048w, https:\/\/adra.org\/wp-content\/uploads\/2026\/01\/DSC05603-18x12.jpg 18w\" sizes=\"(max-width: 1024px) 100vw, 1024px\" \/><button\n\t\t\tclass=\"lightbox-trigger\"\n\t\t\ttype=\"button\"\n\t\t\taria-haspopup=\"dialog\"\n\t\t\tdata-wp-bind--aria-label=\"state.thisImage.triggerButtonAriaLabel\"\n\t\t\tdata-wp-init=\"callbacks.initTriggerButton\"\n\t\t\tdata-wp-on--click=\"actions.showLightbox\"\n\t\t\tdata-wp-style--right=\"state.thisImage.buttonRight\"\n\t\t\tdata-wp-style--top=\"state.thisImage.buttonTop\"\n\t\t>\n\t\t\t<svg xmlns=\"http:\/\/www.w3.org\/2000\/svg\" width=\"12\" height=\"12\" fill=\"none\" viewbox=\"0 0 12 12\">\n\t\t\t\t<path fill=\"#fff\" d=\"M2 0a2 2 0 0 0-2 2v2h1.5V2a.5.5 0 0 1 .5-.5h2V0H2Zm2 10.5H2a.5.5 0 0 1-.5-.5V8H0v2a2 2 0 0 0 2 2h2v-1.5ZM8 12v-1.5h2a.5.5 0 0 0 .5-.5V8H12v2a2 2 0 0 1-2 2H8Zm2-12a2 2 0 0 1 2 2v2h-1.5V2a.5.5 0 0 0-.5-.5H8V0h2Z\" \/>\n\t\t\t<\/svg>\n\t\t<\/button><figcaption class=\"wp-element-caption\">Photo gracieusement fournie par ADRA Norv\u00e8ge<\/figcaption><\/figure>\n\n\n\n<h2 class=\"wp-block-heading\">Un h\u00e9ritage d'intervention<\/h2>\n\n\n\n<p class=\"wp-block-paragraph\">L'engagement d'ADRA dans la r\u00e9gion n'est pas nouveau. Depuis le d\u00e9but de l'ann\u00e9e 2024, l'agence a travaill\u00e9 aux c\u00f4t\u00e9s des organisations \u00e0 but non lucratif Plan International Egypt et ANERA pour fournir une aide alimentaire d'urgence \u00e0 pr\u00e8s de 30 000 personnes dans les zones les plus durement touch\u00e9es de Gaza. Malgr\u00e9 des d\u00e9fis logistiques extr\u00eames et des risques s\u00e9curitaires permanents, ADRA a maintenu une pr\u00e9sence persistante, faisant \u00e9voluer sa r\u00e9ponse d'une assistance alimentaire imm\u00e9diate \u00e0 un soutien de survie \u00e0 long terme.<br>&nbsp;<br>Cette initiative est financ\u00e9e par des dons provenant d'ADRA Allemagne, d'ADRA Norv\u00e8ge et d'Aktion Deutschland Hilft.&nbsp;<\/p>\n\n\n\n<p class=\"wp-block-paragraph\">Lire l'article original,&nbsp;<a href=\"https:\/\/adra.de\/projekte\/winterhilfe-fuer-vertriebene-familien-in-gaza\/\"><u>s'il vous pla\u00eet<\/u><u>&nbsp;visiter ADRA Allemagne<\/u><\/a><\/p>","protected":false},"excerpt":{"rendered":"<p>Alors que le froid de l'hiver s'installe dans la bande de Gaza, la crise humanitaire a atteint un point de rupture.<\/p>","protected":false},"author":46,"featured_media":42397,"comment_status":"closed","ping_status":"closed","sticky":false,"template":"","format":"standard","meta":{"_acf_changed":false,"_eb_attr":"","footnotes":""},"categories":[590,799,766,874,790,784,614,875],"tags":[6,24,8,36,688,355],"class_list":["post-42396","post","type-post","status-publish","format-standard","has-post-thumbnail","hentry","category-emergency","category-europe","category-featured-homepage","category-germany","category-israel","category-middle-east-north-africa","category-news","category-norway","tag-disaster-relief","tag-disaster-response","tag-emergency-response","tag-flood-flooding-floods","tag-gaza","tag-refugees"],"acf":[],"_links":{"self":[{"href":"https:\/\/adra.org\/fr\/wp-json\/wp\/v2\/posts\/42396","targetHints":{"allow":["GET"]}}],"collection":[{"href":"https:\/\/adra.org\/fr\/wp-json\/wp\/v2\/posts"}],"about":[{"href":"https:\/\/adra.org\/fr\/wp-json\/wp\/v2\/types\/post"}],"author":[{"embeddable":true,"href":"https:\/\/adra.org\/fr\/wp-json\/wp\/v2\/users\/46"}],"replies":[{"embeddable":true,"href":"https:\/\/adra.org\/fr\/wp-json\/wp\/v2\/comments?post=42396"}],"version-history":[{"count":10,"href":"https:\/\/adra.org\/fr\/wp-json\/wp\/v2\/posts\/42396\/revisions"}],"predecessor-version":[{"id":49947,"href":"https:\/\/adra.org\/fr\/wp-json\/wp\/v2\/posts\/42396\/revisions\/49947"}],"wp:featuredmedia":[{"embeddable":true,"href":"https:\/\/adra.org\/fr\/wp-json\/wp\/v2\/media\/42397"}],"wp:attachment":[{"href":"https:\/\/adra.org\/fr\/wp-json\/wp\/v2\/media?parent=42396"}],"wp:term":[{"taxonomy":"category","embeddable":true,"href":"https:\/\/adra.org\/fr\/wp-json\/wp\/v2\/categories?post=42396"},{"taxonomy":"post_tag","embeddable":true,"href":"https:\/\/adra.org\/fr\/wp-json\/wp\/v2\/tags?post=42396"}],"curies":[{"name":"wp","href":"https:\/\/api.w.org\/{rel}","templated":true}]}}