{"id":40216,"date":"2020-06-03T08:31:00","date_gmt":"2020-06-03T08:31:00","guid":{"rendered":"https:\/\/adra.org\/?p=40216"},"modified":"2026-03-30T21:37:48","modified_gmt":"2026-03-30T21:37:48","slug":"denouncingracialinequality","status":"publish","type":"post","link":"https:\/\/adra.org\/fr\/denouncingracialinequality","title":{"rendered":"D\u00e9noncer les in\u00e9galit\u00e9s raciales aux \u00c9tats-Unis"},"content":{"rendered":"<p>L'Agence adventiste de d\u00e9veloppement et de secours est immerg\u00e9e dans la vie des personnes vuln\u00e9rables \u00e0 travers le monde. Nous avons vu des familles fuir le g\u00e9nocide au Myanmar, des filles contraintes \u00e0 un mariage pr\u00e9coce en Ouganda, des enfants mourir de faim \u00e0 Madagascar, des communaut\u00e9s pauvres d\u00e9sesp\u00e9r\u00e9es par l'espoir en Syrie et des quartiers entiers emport\u00e9s par les eaux aux Bahamas.<\/p>\n\n\n\n<p>Depuis plus de 30 ans, nous avons vu - et lutt\u00e9 pour changer - l'in\u00e9galit\u00e9, la pauvret\u00e9, la faim et le d\u00e9sespoir dans plus de 100 pays en d\u00e9veloppement \u00e0 travers le monde.<\/p>\n\n\n\n<p>L'in\u00e9galit\u00e9 et le d\u00e9sespoir ne sont pas end\u00e9miques au seul monde en d\u00e9veloppement, et ADRA ne peut plus s'attaquer \u00e0 l'injustice dans le monde sans reconna\u00eetre l'injustice ici, o\u00f9 nous r\u00e9sidons aux \u00c9tats-Unis.<\/p>\n\n\n\n<p>George Floyd ne m\u00e9ritait pas de mourir. Ahmaud Arbery ne m\u00e9ritait pas de mourir. Breonna Taylor ne m\u00e9ritait pas de mourir. Ces vies pr\u00e9cieuses sont les victimes les plus r\u00e9centes d'un h\u00e9ritage national de racisme et de violence, contre eux ou en r\u00e9ponse \u00e0 eux, qui a co\u00fbt\u00e9 la vie \u00e0 un nombre incalculable d'Afro-Am\u00e9ricains. Nous devons faire tout ce qui est en notre pouvoir pour que cet h\u00e9ritage d'in\u00e9galit\u00e9 raciale prenne fin de mani\u00e8re d\u00e9finitive en attendant le retour du Christ.<\/p>\n\n\n\n<p>Les \u00c9tats-Unis ont \u00e9t\u00e9 fond\u00e9s sur des croyances chr\u00e9tiennes, mais construits sur le dos des esclaves. Ce paradoxe nous d\u00e9shonore encore aujourd'hui et fait honte \u00e0 tous ceux qui ne s'expriment pas au nom de l'\u00e9galit\u00e9 et de la justice.<\/p>\n\n\n\n<p>ADRA invite tous ceux qui se r\u00e9clament du christianisme \u00e0 prendre au s\u00e9rieux et \u00e0 r\u00e9fl\u00e9chir aux paroles de 1 Corinthiens 12:26 : \u201cSi une partie souffre, toutes les parties souffrent avec elle\u201d.\u201d<\/p>\n\n\n\n<p>Lorsque nos semblables souffrent, nous souffrons \u00e0 ADRA. Nous souffrons ind\u00e9pendamment de leur identit\u00e9. Nous souffrons lorsque quelqu'un est victime de discrimination en raison de la couleur de sa peau. Nous souffrons parce que chaque \u00eatre humain est cr\u00e9\u00e9 \u00e0 l'image de Dieu.<\/p>\n\n\n\n<p>C'est pourquoi il est si important que nous vivions selon les paroles de J\u00e9sus : \u201cComme je vous ai aim\u00e9s, aimez-vous les uns les autres\u201d. (Jean 13:34)<\/p>\n\n\n\n<p>En tant que bras humanitaire de la foi chr\u00e9tienne la plus diversifi\u00e9e sur le plan ethnique aux \u00c9tats-Unis, nous avons le privil\u00e8ge de servir afin que tous les peuples puissent vivre comme Dieu l'a voulu. Nous avons l'honneur d'\u00eatre les mains et les pieds de J\u00e9sus dans un monde qui souffre. Nous avons la responsabilit\u00e9 d'\u00eatre la voix de la justice, de la compassion et de l'amour.<\/p>\n\n\n\n<p>La derni\u00e8re moiti\u00e9 de 1 Corinthiens 12:26 dit : \u201csi une partie est honor\u00e9e, toutes les parties se r\u00e9jouissent avec elle\u201d. Ce n'est pas le moment de se r\u00e9jouir, mais de pleurer et de d\u00e9noncer l'injustice qui nous fait pleurer.<\/p>\n\n\n\n<p>Nous prions pour que vous vous joigniez \u00e0 nous pour d\u00e9noncer l'injustice tout en nous effor\u00e7ant d'agir contre elle. Tant que tous ne seront pas honor\u00e9s de la m\u00eame mani\u00e8re, personne ne pourra se r\u00e9jouir en Am\u00e9rique.<\/p>\n\n\n\n<p>Je suis \u00e0 vos c\u00f4t\u00e9s,<\/p>\n\n\n\n<p>Michael Kruger<\/p>\n\n\n\n<p>Pr\u00e9sident<\/p>\n\n\n\n<p>ADRA<\/p>","protected":false},"excerpt":{"rendered":"<p>L'Agence adventiste de d\u00e9veloppement et de secours est impliqu\u00e9e dans la vie des personnes vuln\u00e9rables dans le monde entier. <\/p>","protected":false},"author":5,"featured_media":38831,"comment_status":"closed","ping_status":"closed","sticky":false,"template":"","format":"standard","meta":{"_acf_changed":false,"_eb_attr":"","footnotes":""},"categories":[783,617,792],"tags":[873,690,1159,301],"class_list":["post-40216","post","type-post","status-publish","format-standard","has-post-thumbnail","hentry","category-north-america","category-statement","category-united-states","tag-justice-compassion-love","tag-protection","tag-social-behavior-change","tag-social-justice"],"acf":[],"_links":{"self":[{"href":"https:\/\/adra.org\/fr\/wp-json\/wp\/v2\/posts\/40216","targetHints":{"allow":["GET"]}}],"collection":[{"href":"https:\/\/adra.org\/fr\/wp-json\/wp\/v2\/posts"}],"about":[{"href":"https:\/\/adra.org\/fr\/wp-json\/wp\/v2\/types\/post"}],"author":[{"embeddable":true,"href":"https:\/\/adra.org\/fr\/wp-json\/wp\/v2\/users\/5"}],"replies":[{"embeddable":true,"href":"https:\/\/adra.org\/fr\/wp-json\/wp\/v2\/comments?post=40216"}],"version-history":[{"count":3,"href":"https:\/\/adra.org\/fr\/wp-json\/wp\/v2\/posts\/40216\/revisions"}],"predecessor-version":[{"id":48077,"href":"https:\/\/adra.org\/fr\/wp-json\/wp\/v2\/posts\/40216\/revisions\/48077"}],"wp:featuredmedia":[{"embeddable":true,"href":"https:\/\/adra.org\/fr\/wp-json\/wp\/v2\/media\/38831"}],"wp:attachment":[{"href":"https:\/\/adra.org\/fr\/wp-json\/wp\/v2\/media?parent=40216"}],"wp:term":[{"taxonomy":"category","embeddable":true,"href":"https:\/\/adra.org\/fr\/wp-json\/wp\/v2\/categories?post=40216"},{"taxonomy":"post_tag","embeddable":true,"href":"https:\/\/adra.org\/fr\/wp-json\/wp\/v2\/tags?post=40216"}],"curies":[{"name":"wp","href":"https:\/\/api.w.org\/{rel}","templated":true}]}}