{"id":39791,"date":"2025-09-02T08:48:00","date_gmt":"2025-09-02T08:48:00","guid":{"rendered":"https:\/\/adra.org\/?p=39791"},"modified":"2026-03-10T13:53:17","modified_gmt":"2026-03-10T13:53:17","slug":"adra-weekend-in-orlando-film-conversations-and-hands-on-learning","status":"publish","type":"post","link":"https:\/\/adra.org\/fr\/adra-weekend-in-orlando-film-conversations-and-hands-on-learning","title":{"rendered":"Week-end ADRA \u00e0 Orlando : Films, conversations et apprentissage pratique"},"content":{"rendered":"<p>En septembre, ADRA International se rendra \u00e0 Orlando, en Floride, pour un week-end d'histoires, d'apprentissage et de connexion. Rejoignez-nous du 12 au 14 septembre au Hilton Orlando\/Altamonte Springs pour une s\u00e9rie d'\u00e9v\u00e9nements inspirants con\u00e7us pour rassembler notre communaut\u00e9.<\/p>\n\n\n\n<p><strong>Vendredi 12 septembre \u00e0 18h00<br>&nbsp;<\/strong>D\u00e9marrez le week-end avec une projection gratuite de&nbsp;<em>Les \u00e9trangers parmi vous<\/em>, Le nouveau documentaire d'ADRA raconte l'histoire de r\u00e9fugi\u00e9s et de migrants \u00e0 travers le prisme de la compassion et de la foi. Regardez la bande-annonce ici :&nbsp;<a href=\"https:\/\/vimeo.com\/1097600712?share=copy\"><u>Strangers Among You Trailer<\/u><\/a>.<\/p>\n\n\n\n<p><strong>Samedi 13 septembre de 17h \u00e0 20h<br>&nbsp;<\/strong>Rejoignez-nous pour une r\u00e9union publique de l'ADRA. Vous entendrez un message du pr\u00e9sident \u00e9lu d'ADRA, Paulo Lopes (qui nous rejoindra virtuellement depuis le Br\u00e9sil), vous participerez \u00e0 une s\u00e9ance de questions-r\u00e9ponses et vous entendrez de courtes pr\u00e9sentations du personnel d'ADRA.<\/p>\n\n\n\n<p><strong>Dimanche 14 septembre<\/strong>&nbsp;\u2013&nbsp;<strong>DE 10 HEURES \u00c0 12 HEURES :&nbsp;<\/strong>Trois ateliers interactifs ouverts au public :<\/p>\n\n\n\n<ol class=\"wp-block-list\">\n<li><strong>Du mondial au local : comment l'ADRA se pr\u00e9pare aux catastrophes et comment vous pouvez vous y pr\u00e9parer chez vous<\/strong>\u00a0- Vous repartirez avec un plan concret et la confiance n\u00e9cessaire pour assurer la s\u00e9curit\u00e9 de votre famille en cas d'urgence.<\/li>\n\n\n\n<li><strong>Votre vie, votre h\u00e9ritage : Un guide pour une planification successorale intelligente<\/strong><strong>g<\/strong>\u00a0- Apprenez \u00e0 prot\u00e9ger votre famille, \u00e0 r\u00e9duire vos imp\u00f4ts et \u00e0 laisser un h\u00e9ritage qui profite \u00e0 la mission de Dieu.<\/li>\n\n\n\n<li><strong>Des pratiques qui changent la vie<\/strong>\u00a0- Essayez des outils simples qui sauvent des vies et qu'ADRA utilise dans le monde entier.<\/li>\n<\/ol>\n\n\n\n<p><strong>Localisation :<\/strong>&nbsp;Hilton Orlando\/Altamonte Springs, 350 Northlake Blvd, Altamonte Springs, FL 32701.<\/p>\n\n\n\n<p>Ne manquez pas cette occasion d'\u00eatre inspir\u00e9, \u00e9quip\u00e9 et connect\u00e9 \u00e0 la mission d'ADRA qui est de servir l'humanit\u00e9 afin que tous puissent vivre comme Dieu l'a voulu.<\/p>\n\n\n\n<p><a href=\"https:\/\/adra.org\/fr\/orlandotownhall2025\/\"><u>Rejoignez-nous ici<\/u><\/a>&nbsp;pour plus d'informations sur l'ensemble du week-end&nbsp;<\/p>\n\n\n\n<p><strong>Vous ne pouvez pas participer au week-end ADRA d'Orlando ?<br>\u00a0<\/strong>Rejoignez-nous \u00e0 Chattanooga, TN,<strong> 24-26 octobre<\/strong>\u00a0ou Loma Linda, CA, <strong>Du 31 octobre au 2 novembre.\u00a0<\/strong><br>\u00a0D'autres annonces d'\u00e9v\u00e9nements suivront !<\/p>\n\n\n\n<p><\/p>","protected":false},"excerpt":{"rendered":"<p>This September, ADRA International is coming to Orlando, Florida, for a weekend of stories, learning, and connection. Join us September 12\u201314 at the Hilton Orlando\/Altamonte Springs for an inspiring lineup of events designed to bring our community together. Friday, September 12 at 6:00 PM&nbsp;Kick off the weekend with a free showing of&nbsp;Strangers Among You, ADRA\u2019s [&hellip;]<\/p>\n","protected":false},"author":46,"featured_media":39796,"comment_status":"closed","ping_status":"closed","sticky":false,"template":"","format":"standard","meta":{"_acf_changed":false,"_eb_attr":"","footnotes":""},"categories":[614],"tags":[761,736],"class_list":["post-39791","post","type-post","status-publish","format-standard","has-post-thumbnail","hentry","category-news","tag-paulo-lopes","tag-townhall"],"acf":[],"_links":{"self":[{"href":"https:\/\/adra.org\/fr\/wp-json\/wp\/v2\/posts\/39791","targetHints":{"allow":["GET"]}}],"collection":[{"href":"https:\/\/adra.org\/fr\/wp-json\/wp\/v2\/posts"}],"about":[{"href":"https:\/\/adra.org\/fr\/wp-json\/wp\/v2\/types\/post"}],"author":[{"embeddable":true,"href":"https:\/\/adra.org\/fr\/wp-json\/wp\/v2\/users\/46"}],"replies":[{"embeddable":true,"href":"https:\/\/adra.org\/fr\/wp-json\/wp\/v2\/comments?post=39791"}],"version-history":[{"count":5,"href":"https:\/\/adra.org\/fr\/wp-json\/wp\/v2\/posts\/39791\/revisions"}],"predecessor-version":[{"id":44958,"href":"https:\/\/adra.org\/fr\/wp-json\/wp\/v2\/posts\/39791\/revisions\/44958"}],"wp:featuredmedia":[{"embeddable":true,"href":"https:\/\/adra.org\/fr\/wp-json\/wp\/v2\/media\/39796"}],"wp:attachment":[{"href":"https:\/\/adra.org\/fr\/wp-json\/wp\/v2\/media?parent=39791"}],"wp:term":[{"taxonomy":"category","embeddable":true,"href":"https:\/\/adra.org\/fr\/wp-json\/wp\/v2\/categories?post=39791"},{"taxonomy":"post_tag","embeddable":true,"href":"https:\/\/adra.org\/fr\/wp-json\/wp\/v2\/tags?post=39791"}],"curies":[{"name":"wp","href":"https:\/\/api.w.org\/{rel}","templated":true}]}}