{"id":39062,"date":"2025-07-06T14:11:45","date_gmt":"2025-07-06T14:11:45","guid":{"rendered":"https:\/\/adra.org\/?p=39062"},"modified":"2026-03-10T14:10:05","modified_gmt":"2026-03-10T14:10:05","slug":"adra-international-premieres-strangers-among-you","status":"publish","type":"post","link":"https:\/\/adra.org\/fr\/adra-international-premieres-strangers-among-you","title":{"rendered":"ADRA International pr\u00e9sente \u201cStrangers Among You\u201d en avant-premi\u00e8re\u201d"},"content":{"rendered":"<p><strong>Film documentaire \u00e0 St. Louis, Missouri, le 10 juillet<\/strong><\/p>\n\n\n\n<p><strong>\u201c<\/strong><em>Les \u00e9trangers parmi vous\u201d<\/em>, un nouveau documentaire de l'Agence adventiste de d\u00e9veloppement et de secours (ADRA) International, met en lumi\u00e8re la vie des r\u00e9fugi\u00e9s, des migrants, des apatrides et des personnes d\u00e9plac\u00e9es \u00e0 l'int\u00e9rieur de leur propre pays. Film\u00e9 en Colombie, au Liban, en R\u00e9publique d\u00e9mocratique du Congo, au Canada et en Tha\u00eflande, le voyage mondial de <em>Les \u00e9trangers parmi vous <\/em>r\u00e9v\u00e8le les histoires humaines qui se cachent derri\u00e8re les gros titres.<\/p>\n\n\n\n<p>Gr\u00e2ce \u00e0 des interviews percutantes, des r\u00e9cits intimes et des images inoubliables, <em>\u00c9trangers <\/em>nous met au d\u00e9fi de regarder au-del\u00e0 des fronti\u00e8res, au-del\u00e0 des \u00e9tiquettes, et de voir le sacr\u00e9 dans chaque \u00e9tranger. S'appuyant sur de profondes racines chr\u00e9tiennes, le film nous rappelle que de nombreux h\u00e9ros bibliques - Abraham, Ruth, et m\u00eame J\u00e9sus - ont un jour \u00e9t\u00e9 d\u00e9plac\u00e9s.<\/p>\n\n\n\n<p>La premi\u00e8re du film, qui est gratuite et ouverte au public, est pr\u00e9sent\u00e9e dans le cadre de la Conf\u00e9rence g\u00e9n\u00e9rale adventiste du septi\u00e8me jour qui se tient \u00e0 Saint-Louis en juillet.&nbsp;<\/p>\n\n\n\n<h4 class=\"wp-block-heading\"><strong>L'OMS :&nbsp;<\/strong><\/h4>\n\n\n\n<p>Arjay Arellano, directeur de <em>Les \u00e9trangers parmi vous<\/em>, Audrey Andersoon, vice-pr\u00e9sidente de la Conf\u00e9rence g\u00e9n\u00e9rale des adventistes du septi\u00e8me jour, et les vice-pr\u00e9sidents d'ADRA tiendront une s\u00e9ance de questions-r\u00e9ponses apr\u00e8s la projection.<\/p>\n\n\n\n<h4 class=\"wp-block-heading\"><strong>QUAND :&nbsp;<\/strong><\/h4>\n\n\n\n<p>Jeudi 10 juillet 2025 de 17h00 \u00e0 19h00<\/p>\n\n\n\n<h4 class=\"wp-block-heading\"><strong>O\u00d9 :<\/strong><\/h4>\n\n\n\n<p>Th\u00e9\u00e2tre Ferrara, 701 Convention Plaza&nbsp;<\/p>\n\n\n\n<p><strong>RSVP et regardez la bande-annonce : <\/strong><a href=\"https:\/\/adra.org\/fr\/GCDocumentaryAppeal\/\">https:\/\/adra.org\/GCDocumentaryAppeal<\/a><\/p>\n\n\n\n<p><\/p>","protected":false},"excerpt":{"rendered":"<p>\u201cStrangers Among You\u201d, un nouveau documentaire de l'Agence adventiste de d\u00e9veloppement et de secours (ADRA) International, met en lumi\u00e8re la vie des r\u00e9fugi\u00e9s, des migrants, des apatrides et des personnes d\u00e9plac\u00e9es \u00e0 l'int\u00e9rieur de leur propre pays.<\/p>","protected":false},"author":46,"featured_media":39063,"comment_status":"closed","ping_status":"closed","sticky":false,"template":"","format":"standard","meta":{"_acf_changed":false,"_eb_attr":"","footnotes":""},"categories":[614,11],"tags":[355],"class_list":["post-39062","post","type-post","status-publish","format-standard","has-post-thumbnail","hentry","category-news","category-press-release","tag-refugees"],"acf":[],"_links":{"self":[{"href":"https:\/\/adra.org\/fr\/wp-json\/wp\/v2\/posts\/39062","targetHints":{"allow":["GET"]}}],"collection":[{"href":"https:\/\/adra.org\/fr\/wp-json\/wp\/v2\/posts"}],"about":[{"href":"https:\/\/adra.org\/fr\/wp-json\/wp\/v2\/types\/post"}],"author":[{"embeddable":true,"href":"https:\/\/adra.org\/fr\/wp-json\/wp\/v2\/users\/46"}],"replies":[{"embeddable":true,"href":"https:\/\/adra.org\/fr\/wp-json\/wp\/v2\/comments?post=39062"}],"version-history":[{"count":4,"href":"https:\/\/adra.org\/fr\/wp-json\/wp\/v2\/posts\/39062\/revisions"}],"predecessor-version":[{"id":44967,"href":"https:\/\/adra.org\/fr\/wp-json\/wp\/v2\/posts\/39062\/revisions\/44967"}],"wp:featuredmedia":[{"embeddable":true,"href":"https:\/\/adra.org\/fr\/wp-json\/wp\/v2\/media\/39063"}],"wp:attachment":[{"href":"https:\/\/adra.org\/fr\/wp-json\/wp\/v2\/media?parent=39062"}],"wp:term":[{"taxonomy":"category","embeddable":true,"href":"https:\/\/adra.org\/fr\/wp-json\/wp\/v2\/categories?post=39062"},{"taxonomy":"post_tag","embeddable":true,"href":"https:\/\/adra.org\/fr\/wp-json\/wp\/v2\/tags?post=39062"}],"curies":[{"name":"wp","href":"https:\/\/api.w.org\/{rel}","templated":true}]}}