{"id":36307,"date":"2024-10-07T20:19:17","date_gmt":"2024-10-07T20:19:17","guid":{"rendered":"https:\/\/adra.org\/?p=36307"},"modified":"2026-04-16T14:39:11","modified_gmt":"2026-04-16T14:39:11","slug":"adra-hosts-mental-health-webinar-lets-talk-mental-health-how-can-i-help-my-child","status":"publish","type":"post","link":"https:\/\/adra.org\/fr\/adra-hosts-mental-health-webinar-lets-talk-mental-health-how-can-i-help-my-child","title":{"rendered":"ADRA organise un webinaire sur la sant\u00e9 mentale : \u201cParlons sant\u00e9 mentale : Comment puis-je aider mon enfant ?\u201d"},"content":{"rendered":"<p>\u201cPr\u00e8s de 20% - soit un enfant sur cinq - \u00e2g\u00e9s de 3 \u00e0 17 ans aux \u00c9tats-Unis pr\u00e9sentent un trouble mental, du d\u00e9veloppement ou du comportement, comme le TDAH, l'anxi\u00e9t\u00e9, les probl\u00e8mes de comportement ou la d\u00e9pression\u201d, d\u00e9clare Weanne Estrada-Magbunua, MPH, sp\u00e9cialiste de la sant\u00e9 mentale \u00e0 ADRA International, lors du prochain webinaire intitul\u00e9 \u201cParlons sant\u00e9 mentale : Comment puis-je aider mon enfant ?\u201d.&nbsp;&nbsp;<\/p>\n\n\n\n<p>C'est pr\u00e9cis\u00e9ment pour lancer le d\u00e9bat sur la sant\u00e9 mentale et fournir des informations pratiques aux parents, aux soignants et aux jeunes que l'Agence adventiste de d\u00e9veloppement et de secours (ADRA) organise son premier webinaire \u201cParlons sant\u00e9 mentale\u201d, sp\u00e9cialement con\u00e7u pour soutenir les parents et les soignants qui s'inqui\u00e8tent de la sant\u00e9 mentale de leur enfant ou d'un \u00eatre cher.&nbsp;<\/p>\n\n\n\n<p>\u201cLa sant\u00e9 mentale a souvent \u00e9t\u00e9 un aspect sous-estim\u00e9 de la conversation sur la sant\u00e9 dans nos familles, nos lieux de travail, nos \u00e9glises et nos communaut\u00e9s. Pourtant, des \u00e9tudes ont montr\u00e9 \u00e0 quel point notre bien-\u00eatre \u00e9motionnel affecte notre sant\u00e9 physique et vice-versa\u201d, explique Mme Estrada-Magbunua. \u00c0 ADRA, notre objectif est de \u201dservir l'humanit\u00e9 afin que tous puissent vivre comme Dieu l'a voulu\u201c, et une partie de son intention pour l'humanit\u00e9 est que nous connaissions la paix et le confort et que nous ne soyons inquiets de rien. C'est donc la vocation de l'ADRA de promouvoir la r\u00e9silience mentale et le bien-\u00eatre, en particulier en ces temps de stress.\u2018<\/p>\n\n\n\n<p>L'\u00e9mission sera anim\u00e9e par Mme Estrada-Magbunua et comprendra une s\u00e9ance de questions-r\u00e9ponses de 15 minutes anim\u00e9e par Shannon Trecartin, vice-pr\u00e9sidente et directrice du programme MSW de l'\u00e9cole de travail social de l'universit\u00e9 d'Andrews et du Centre international pour l'\u00e9ducation et la prise en charge des traumatismes.&nbsp;<\/p>\n\n\n\n<p>Ce webinaire de 45 minutes abordera quelques-unes des causes de stress, d'anxi\u00e9t\u00e9 et de d\u00e9pression auxquelles les jeunes et les enfants sont confront\u00e9s aujourd'hui. Au cours du programme, Mme Estrada-Magbunua donnera \u00e9galement des conseils pratiques et des mesures \u00e0 prendre pour aborder ces questions avec les jeunes. Elle expliquera \u00e9galement aux parents ce qu'il faut observer si leur enfant a des probl\u00e8mes de sant\u00e9 mentale.&nbsp;<\/p>\n\n\n\n<p>\u201cEn int\u00e9grant le soutien \u00e0 la sant\u00e9 mentale dans nos programmes, nous favorisons la r\u00e9silience et donnons aux individus les moyens de surmonter les difficult\u00e9s\u201d, d\u00e9clare Michael Kruger, pr\u00e9sident d'ADRA International.  \u201cCette approche holistique nous permet d'avoir un impact plus profond et plus durable sur les communaut\u00e9s que nous servons, en aidant les gens \u00e0 ne pas se contenter de survivre, mais \u00e0 s'\u00e9panouir.\u201d&nbsp;<\/p>\n\n\n\n<p>Mme Estrada-Magbunua reconna\u00eet l'importance non seulement d'int\u00e9grer la sant\u00e9 mentale dans nos programmes, mais aussi la responsabilit\u00e9 de l'ADRA de parler des questions li\u00e9es \u00e0 la sant\u00e9 mentale. \u201cNous voulons entamer des conversations cruciales sur des sujets importants tels que la sant\u00e9 mentale des enfants et des jeunes, l'usure de la compassion et l'anxi\u00e9t\u00e9 ou la d\u00e9pression. Nous voulons doter les gens d'outils et de ressources pratiques qui les aideront \u00e0 s'\u00e9panouir\u201d, dit-elle.&nbsp;<\/p>\n\n\n\n<p>Apr\u00e8s qu'Estrada-Magbunua aura parl\u00e9 de ses difficult\u00e9s et donn\u00e9 des conseils utiles, et que Trecartin aura anim\u00e9 la s\u00e9ance de questions-r\u00e9ponses en direct, les participants auront acc\u00e8s \u00e0 notre kit de sant\u00e9 mentale t\u00e9l\u00e9chargeable, qu'ils pourront utiliser, ainsi que leurs proches, dans le cadre de leur parcours de sant\u00e9 mentale.&nbsp;<\/p>\n\n\n\n<p>\u201cNous esp\u00e9rons que ces webinaires encourageront les gens \u00e0 \u00eatre proactifs en ce qui concerne leur propre r\u00e9silience, ainsi que celle de leurs enfants, de leurs parents, de leurs coll\u00e8gues de travail, de leurs compagnons d'\u00e9glise et des membres de leur communaut\u00e9\u201d, d\u00e9clare Mme Estrada-Magbunua.\u201d<\/p>\n\n\n\n<p>Le webinaire \"Parlons sant\u00e9 mentale\" aura lieu lors de la Journ\u00e9e mondiale de la sant\u00e9 mentale, le 10 octobre \u00e0 11 heures (heure de l'Est).&nbsp;<\/p>\n\n\n\n<p>Vous pouvez en savoir plus sur \u201cParlons sant\u00e9 mentale : Comment puis-je aider mon enfant ?\u201d et vous inscrire \u00e0 la conf\u00e9rence.&nbsp;<a href=\"https:\/\/adra.org\/fr\/lets-talk-mental-health\/\"><u>webinaire ici<\/u><\/a>!<\/p>\n\n\n\n<p><em>Ce webinaire ne doit pas \u00eatre consid\u00e9r\u00e9 comme un conseil professionnel en mati\u00e8re de sant\u00e9 mentale et ne doit pas \u00eatre utilis\u00e9 \u00e0 des fins de traitement ou de diagnostic. Si vous, votre enfant ou un \u00eatre cher avez des pens\u00e9es suicidaires ou \u00eates aux prises avec des probl\u00e8mes de sant\u00e9 mentale, veuillez consulter imm\u00e9diatement les services suivants<\/em><em>&nbsp;les conseils d'un professionnel de la sant\u00e9 mentale agr\u00e9\u00e9. Si vous \u00eates aux \u00c9tats-Unis, le&nbsp;<\/em><a href=\"https:\/\/988lifeline.org\/\"><em>988 Ligne d'appel pour le suicide et les situations de crise<\/em><\/a><em>&nbsp;est disponible 24 heures sur 24, 7 jours sur 7, 365 jours par an. Le webinaire \u201cParlons sant\u00e9 mentale\u201d n'a qu'un but informatif. Les organisateurs et les pr\u00e9sentateurs n'assument aucune responsabilit\u00e9 pour les actions entreprises sur la base de ce webinaire.<\/em><\/p>\n\n\n\n<p><\/p>","protected":false},"excerpt":{"rendered":"<p>\u201cNearly 20%\u2014that\u2019s one in five children\u2014 ages 3-17 in the U.S. have a mental, developmental, or behavioral disorder, like ADHD, anxiety, behavior issues, or depression,\u201d says ADRA International\u2019s Mental Health Specialist, Weanne Estrada-Magbunua, MPH, during the upcoming \u201cLet\u2019s Talk Mental Health:\u00a0How Can I Help My Child\u201d webinar.<\/p>","protected":false},"author":46,"featured_media":36308,"comment_status":"closed","ping_status":"closed","sticky":false,"template":"","format":"standard","meta":{"_acf_changed":false,"_eb_attr":"","footnotes":""},"categories":[615],"tags":[1079,709],"class_list":["post-36307","post","type-post","status-publish","format-standard","has-post-thumbnail","hentry","category-blog","tag-crisis","tag-mental-health-psychosocial-support-mhpss"],"acf":[],"_links":{"self":[{"href":"https:\/\/adra.org\/fr\/wp-json\/wp\/v2\/posts\/36307","targetHints":{"allow":["GET"]}}],"collection":[{"href":"https:\/\/adra.org\/fr\/wp-json\/wp\/v2\/posts"}],"about":[{"href":"https:\/\/adra.org\/fr\/wp-json\/wp\/v2\/types\/post"}],"author":[{"embeddable":true,"href":"https:\/\/adra.org\/fr\/wp-json\/wp\/v2\/users\/46"}],"replies":[{"embeddable":true,"href":"https:\/\/adra.org\/fr\/wp-json\/wp\/v2\/comments?post=36307"}],"version-history":[{"count":3,"href":"https:\/\/adra.org\/fr\/wp-json\/wp\/v2\/posts\/36307\/revisions"}],"predecessor-version":[{"id":48596,"href":"https:\/\/adra.org\/fr\/wp-json\/wp\/v2\/posts\/36307\/revisions\/48596"}],"wp:featuredmedia":[{"embeddable":true,"href":"https:\/\/adra.org\/fr\/wp-json\/wp\/v2\/media\/36308"}],"wp:attachment":[{"href":"https:\/\/adra.org\/fr\/wp-json\/wp\/v2\/media?parent=36307"}],"wp:term":[{"taxonomy":"category","embeddable":true,"href":"https:\/\/adra.org\/fr\/wp-json\/wp\/v2\/categories?post=36307"},{"taxonomy":"post_tag","embeddable":true,"href":"https:\/\/adra.org\/fr\/wp-json\/wp\/v2\/tags?post=36307"}],"curies":[{"name":"wp","href":"https:\/\/api.w.org\/{rel}","templated":true}]}}