{"id":36272,"date":"2024-10-04T20:42:14","date_gmt":"2024-10-04T20:42:14","guid":{"rendered":"https:\/\/adra.org\/?p=36272"},"modified":"2026-03-10T21:22:57","modified_gmt":"2026-03-10T21:22:57","slug":"adra-statement-by-president-michael-kruger-on-the-middle-east-crisis","status":"publish","type":"post","link":"https:\/\/adra.org\/fr\/adra-statement-by-president-michael-kruger-on-the-middle-east-crisis","title":{"rendered":"D\u00e9claration du pr\u00e9sident d'ADRA, Michael Kruger, sur la crise au Moyen-Orient :"},"content":{"rendered":"<p><strong>SILVER SPRING, MD (<\/strong><strong>4 octobre 2024<\/strong><strong>)<\/strong><strong><\/strong><\/p>\n\n\n\n<p>\u00c0 la lumi\u00e8re de la r\u00e9cente crise au Moyen-Orient, nous souhaitons exprimer notre profonde inqui\u00e9tude pour toutes les personnes touch\u00e9es par cette situation tragique. Nos pens\u00e9es et nos pri\u00e8res accompagnent les personnes et les familles touch\u00e9es par ces troubles, et nous restons fermement attach\u00e9s \u00e0 leur s\u00e9curit\u00e9 et \u00e0 leur bien-\u00eatre.<\/p>\n\n\n\n<p>Notre \u00e9quipe de gestion des urgences a d\u00e9j\u00e0 commenc\u00e9 \u00e0 se coordonner \u00e9troitement avec nos bureaux nationaux op\u00e9rant dans la r\u00e9gion et nos partenaires au Liban et en Syrie, afin de r\u00e9pondre aux besoins imm\u00e9diats et de fournir des ressources essentielles et de la nourriture \u00e0 ceux qui souffrent. Nous continuerons \u00e0 suivre la situation de pr\u00e8s et \u00e0 adapter nos efforts pour nous assurer que nous pouvons soutenir les communaut\u00e9s qui en ont le plus besoin en fonction de l'\u00e9volution des circonstances.<\/p>\n\n\n\n<p>ADRA s'engage \u00e0 assurer la s\u00e9curit\u00e9 de son personnel travaillant dans la r\u00e9gion. Nous sommes conscients des risques encourus et prenons toutes les pr\u00e9cautions n\u00e9cessaires pour prot\u00e9ger les membres de notre \u00e9quipe pendant qu'ils accomplissent leur travail humanitaire vital.<\/p>\n\n\n\n<p>R\u00e9unissons-nous dans l'espoir et la solidarit\u00e9, en priant pour la paix et la protection de toutes les personnes touch\u00e9es par cette crise. Nous ferons tout ce qui est en notre pouvoir pour soutenir les populations de la r\u00e9gion et maintenir notre mission de compassion et de service.<\/p>\n\n\n\n<p>Nous vous remercions de votre d\u00e9vouement et de votre soutien en ces temps difficiles.<\/p>\n\n\n\n<p><\/p>","protected":false},"excerpt":{"rendered":"<p>\u00c0 la lumi\u00e8re de la r\u00e9cente crise au Moyen-Orient, nous souhaitons exprimer notre profonde pr\u00e9occupation pour toutes les personnes touch\u00e9es par cette situation tragique.<\/p>","protected":false},"author":46,"featured_media":21998,"comment_status":"closed","ping_status":"closed","sticky":false,"template":"","format":"standard","meta":{"_acf_changed":false,"_eb_attr":"","footnotes":""},"categories":[793,784,617,812],"tags":[1079,1125,710],"class_list":["post-36272","post","type-post","status-publish","format-standard","has-post-thumbnail","hentry","category-lebanon","category-middle-east-north-africa","category-statement","category-syria","tag-crisis","tag-michael-kruger","tag-middle-east-crisis"],"acf":[],"_links":{"self":[{"href":"https:\/\/adra.org\/fr\/wp-json\/wp\/v2\/posts\/36272","targetHints":{"allow":["GET"]}}],"collection":[{"href":"https:\/\/adra.org\/fr\/wp-json\/wp\/v2\/posts"}],"about":[{"href":"https:\/\/adra.org\/fr\/wp-json\/wp\/v2\/types\/post"}],"author":[{"embeddable":true,"href":"https:\/\/adra.org\/fr\/wp-json\/wp\/v2\/users\/46"}],"replies":[{"embeddable":true,"href":"https:\/\/adra.org\/fr\/wp-json\/wp\/v2\/comments?post=36272"}],"version-history":[{"count":3,"href":"https:\/\/adra.org\/fr\/wp-json\/wp\/v2\/posts\/36272\/revisions"}],"predecessor-version":[{"id":45046,"href":"https:\/\/adra.org\/fr\/wp-json\/wp\/v2\/posts\/36272\/revisions\/45046"}],"wp:featuredmedia":[{"embeddable":true,"href":"https:\/\/adra.org\/fr\/wp-json\/wp\/v2\/media\/21998"}],"wp:attachment":[{"href":"https:\/\/adra.org\/fr\/wp-json\/wp\/v2\/media?parent=36272"}],"wp:term":[{"taxonomy":"category","embeddable":true,"href":"https:\/\/adra.org\/fr\/wp-json\/wp\/v2\/categories?post=36272"},{"taxonomy":"post_tag","embeddable":true,"href":"https:\/\/adra.org\/fr\/wp-json\/wp\/v2\/tags?post=36272"}],"curies":[{"name":"wp","href":"https:\/\/api.w.org\/{rel}","templated":true}]}}